{"id":189810,"date":"2025-06-20T01:47:13","date_gmt":"2025-06-20T01:47:13","guid":{"rendered":"https:\/\/www.europesays.com\/fr\/189810\/"},"modified":"2025-06-20T01:47:13","modified_gmt":"2025-06-20T01:47:13","slug":"enorme-surprise-un-attaquant-se-propose-au-psg","status":"publish","type":"post","link":"https:\/\/www.europesays.com\/fr\/189810\/","title":{"rendered":"Enorme surprise, un attaquant se propose au PSG !"},"content":{"rendered":"<p><strong>Jhon Duran, attaquant de 21 ans de la Colombie et d\u2019Al-Nassr <\/strong><strong>(contrat jusqu\u2019en 2030), a \u00e9t\u00e9 cit\u00e9 dans le viseur du Paris Saint-Germain avant de quitter Aston Villa pour l\u2019Arabie Saoudite durant le mercato hivernal 2024-2025. PSG Inside Actus affirme ce jeudi qu\u2019il voudrait repartir et que le PSG fait partie des clubs contact\u00e9s par son agent.<\/strong><\/p>\n<blockquote class=\"twitter-tweet\">\n<p dir=\"ltr\" lang=\"fr\">\ud83d\udea8 Exclusivit\u00e9 <a href=\"https:\/\/twitter.com\/PSGInside_Actu?ref_src=twsrc%5Etfw\" target=\"_blank\" rel=\"noopener\">@PSGInside_Actu<\/a><\/p>\n<p>\ud835\udc09\ud835\udc21\ud835\udc28\ud835\udc27 \ud835\udc03\ud835\udc2e\ud835\udc2b\ud835\udc1a\u0301\ud835\udc27 \ud835\udc2c\ud835\udc1e \ud835\udc29\ud835\udc2b\ud835\udc28\ud835\udc29\ud835\udc28\ud835\udc2c\ud835\udc1e \ud835\udc1a\ud835\udc2e \ud835\udc0f\ud835\udc12\ud835\udc06 : \ud835\udc25\u2019\ud835\udc1a\ud835\udc2d\ud835\udc2d\ud835\udc1a\ud835\udc2a\ud835\udc2e\ud835\udc1a\ud835\udc27\ud835\udc2d \ud835\udc2c\ud835\udc28\ud835\udc2e\ud835\udc21\ud835\udc1a\ud835\udc22\ud835\udc2d\ud835\udc1e \ud835\udc2a\ud835\udc2e\ud835\udc22\ud835\udc2d\ud835\udc2d\ud835\udc1e\ud835\udc2b \ud835\udc00\ud835\udc25-\ud835\udc0d\ud835\udc1a\ud835\udc2c\ud835\udc2c\ud835\udc2b<\/p>\n<p>L\u2019attaquant colombien Jhon Dur\u00e1n, actuellement sous contrat avec Al-Nassr, aurait exprim\u00e9 son souhait de quitter l\u2019Arabie\u2026 <a href=\"https:\/\/t.co\/RL4AdoGraS\">pic.twitter.com\/RL4AdoGraS<\/a><\/p>\n<p>\u2014 PSGINSIDE-ACTUS (@PSGInside_Actu) <a href=\"https:\/\/twitter.com\/PSGInside_Actu\/status\/1935455125759209562?ref_src=twsrc%5Etfw\" target=\"_blank\" rel=\"noopener\">June 18, 2025<\/a><\/p>\n<\/blockquote>\n<p>\u00a0<\/p>\n<p>Une piste \u00e0 creuser ?<\/p>\n<blockquote>\n<p>\u00ab\u00a0L\u2019attaquant colombien Jhon Dur\u00e1n, actuellement sous contrat avec Al-Nassr, aurait exprim\u00e9 son souhait de quitter l\u2019Arabie saoudite d\u00e8s cet \u00e9t\u00e9. D\u2019apr\u00e8s les informations de differents m\u00e9dias, le joueur ne serait pas heureux dans le championnat saoudien et envisagerait un retour en Europe, o\u00f9 il esp\u00e8re relancer sa carri\u00e8re dans un environnement plus comp\u00e9titif.<\/p>\n<p>Toujours selon mes sources, Dur\u00e1n a dress\u00e9 une liste de clubs europ\u00e9ens qu\u2019il aimerait rejoindre. Parmi eux, figure le Paris Saint-Germain, en t\u00eate de ses priorit\u00e9s. Son agent aurait d\u00e9j\u00e0 pris l\u2019initiative d\u2019envoyer des propositions aux clubs cibl\u00e9s, dont le PSG, pour sonder leur int\u00e9r\u00eat en vue d\u2019un transfert.<\/p>\n<p>Le club parisien n\u2019a, pour l\u2019heure, donn\u00e9 aucune r\u00e9ponse officielle. Il reste donc \u00e0 voir si les dirigeants parisiens d\u00e9cideront de creuser cette piste dans les semaines \u00e0 venir.\u00a0\u00bb<\/p>\n<\/blockquote>\n<p>Rien d\u2019impossible, Duran ne serait pas le premier joueur \u00e0 avoir une envie de retour en Europe apr\u00e8s un passage en Arabie Saoudite. Une destination qui \u00e9tait tr\u00e8s surprenante, voire d\u00e9cevante, pour ce jeune talent qui brillait en Premier League.<\/p>\n<p>Afin de \u00ab\u00a0relancer\u00a0\u00bb sa carri\u00e8re, l\u2019international colombien pourrait penser au PSG et \u00e0 d\u2019autres clubs. Attention tout de m\u00eame, il n\u2019y a rien de s\u00fbr avec une rumeur. Surtout, il est soulign\u00e9 ici que la r\u00e9ponse du PSG n\u2019est pas connue. A quel point Paris pourrait \u00eatre tent\u00e9 par ce 9 ?<\/p>\n<p>Il a un profil int\u00e9ressant, possiblement de l\u2019avenir. Mais on ne sait pas si Paris compte recruter \u00e0 ce poste, alors qu\u2019il est d\u00e9j\u00e0 difficile pour le talentueux Gon\u00e7alo Ramos (23 ans) de se faire de la place dans le style du coach Luis Enrique. Attendons de voir si ce dossier m\u00e8ne \u00e0 quelque chose de plus.<\/p>\n<p>\u00a0<\/p>\n<p>\t\t\t\t\t\t\t\t\t\t\t\t\t\t\t\t\t\t\t\t\t\t\t<img loading=\"lazy\" src=\"https:\/\/www.europesays.com\/fr\/wp-content\/uploads\/2025\/04\/ParisFans_Logo.png\" decoding=\"async\" class=\"lazyload\" width=\"240\" height=\"54\" data-eio-rwidth=\"240\" data-eio-rheight=\"54\"\/><\/p>\n<p>\t\t\t\t\t\t\t\t<script async src=\"https:\/\/platform.twitter.com\/widgets.js\" charset=\"utf-8\"><\/script><\/p>\n","protected":false},"excerpt":{"rendered":"Jhon Duran, attaquant de 21 ans de la Colombie et d\u2019Al-Nassr (contrat jusqu\u2019en 2030), a \u00e9t\u00e9 cit\u00e9 dans&hellip;\n","protected":false},"author":2,"featured_media":189811,"comment_status":"","ping_status":"","sticky":false,"template":"","format":"standard","meta":{"footnotes":""},"categories":[1410],"tags":[63,1011,27,32761,60,96],"class_list":{"0":"post-189810","1":"post","2":"type-post","3":"status-publish","4":"format-standard","5":"has-post-thumbnail","7":"category-football","8":"tag-football","9":"tag-fr","10":"tag-france","11":"tag-jhon-duran","12":"tag-sports","13":"tag-une"},"share_on_mastodon":{"url":"https:\/\/pubeurope.com\/@fr\/114713175349097577","error":""},"_links":{"self":[{"href":"https:\/\/www.europesays.com\/fr\/wp-json\/wp\/v2\/posts\/189810","targetHints":{"allow":["GET"]}}],"collection":[{"href":"https:\/\/www.europesays.com\/fr\/wp-json\/wp\/v2\/posts"}],"about":[{"href":"https:\/\/www.europesays.com\/fr\/wp-json\/wp\/v2\/types\/post"}],"author":[{"embeddable":true,"href":"https:\/\/www.europesays.com\/fr\/wp-json\/wp\/v2\/users\/2"}],"replies":[{"embeddable":true,"href":"https:\/\/www.europesays.com\/fr\/wp-json\/wp\/v2\/comments?post=189810"}],"version-history":[{"count":0,"href":"https:\/\/www.europesays.com\/fr\/wp-json\/wp\/v2\/posts\/189810\/revisions"}],"wp:featuredmedia":[{"embeddable":true,"href":"https:\/\/www.europesays.com\/fr\/wp-json\/wp\/v2\/media\/189811"}],"wp:attachment":[{"href":"https:\/\/www.europesays.com\/fr\/wp-json\/wp\/v2\/media?parent=189810"}],"wp:term":[{"taxonomy":"category","embeddable":true,"href":"https:\/\/www.europesays.com\/fr\/wp-json\/wp\/v2\/categories?post=189810"},{"taxonomy":"post_tag","embeddable":true,"href":"https:\/\/www.europesays.com\/fr\/wp-json\/wp\/v2\/tags?post=189810"}],"curies":[{"name":"wp","href":"https:\/\/api.w.org\/{rel}","templated":true}]}}