{"id":189814,"date":"2025-06-20T01:49:16","date_gmt":"2025-06-20T01:49:16","guid":{"rendered":"https:\/\/www.europesays.com\/fr\/189814\/"},"modified":"2025-06-20T01:49:16","modified_gmt":"2025-06-20T01:49:16","slug":"5-livres-photo-a-ne-pas-manquer-2","status":"publish","type":"post","link":"https:\/\/www.europesays.com\/fr\/189814\/","title":{"rendered":"5 livres photo \u00e0 ne pas manquer"},"content":{"rendered":"<p>Chaque mois, Phototrend vous propose de d\u00e9couvrir les livres photo qui nous ont marqu\u00e9s. En ce mois de juin 2025, voici 5 nouveaux ouvrages que nous avons s\u00e9lectionn\u00e9s pour vous.<\/p>\n<p>En amont de l\u2019ouverture des <strong>Rencontres de la photographie d\u2019Arles<\/strong>, Phototrend vous offre une plong\u00e9e singuli\u00e8re dans l\u2019univers de grands noms de la photographie : <strong>Agn\u00e8s Varda<\/strong>, <strong>Edward Weston<\/strong> ou encore <strong>Louis Stettner<\/strong>. Elle met aussi \u00e0 l\u2019honneur le travail de <strong>Patrick Wack<\/strong>, qui sera \u00e9galement expos\u00e9 \u00e0 Arles. Enfin, les amateurs de <strong>photo au drone<\/strong> trouveront de pr\u00e9cieux conseils dans un nouvel ouvrage aux \u00e9ditions Eyrolles. Bonne lecture.<\/p>\n<p>Edward Weston, The Flame of Recognition<\/p>\n<p><img decoding=\"async\" width=\"1400\" height=\"933\" loading=\"lazy\" src=\"https:\/\/www.europesays.com\/fr\/wp-content\/uploads\/2025\/06\/edward-weston-aperture.jpg\" alt=\"\" class=\"wp-image-241574\"  \/><\/p>\n<p>Premier ouvrage publi\u00e9 par les \u00e9ditions Aperture en 1965,\u00a0<a href=\"https:\/\/phototrend.fr\/2025\/05\/edward-weston-the-flame-of-recognition\/\" target=\"_blank\" rel=\"noopener\"><strong>The Flame of Recognition<\/strong><\/a> d\u2019Edward Weston fait cette ann\u00e9e l\u2019objet d\u2019une <strong>nouvelle \u00e9dition <\/strong>\u00e0 l\u2019occasion de ses <strong>60 ans<\/strong>. Propos\u00e9 sous une couverture souple, ce classique devenu essentiel revient dans une nouvelle \u00e9dition <strong>plus accessible<\/strong>, tout en conservant <strong>l\u2019\u00e9l\u00e9gance<\/strong> du titre l\u2019original.<\/p>\n<p>The Flame of Recognition\u00a0r\u00e9unit <strong>64 images embl\u00e9matiques <\/strong>du photographe, nus, portraits, natures mortes et paysages, accompagn\u00e9es d\u2019extraits de ses \u00e9crits, lettres et journaux. Plus qu\u2019une monographie, ce titre fondateur est une <strong>plong\u00e9e dans l\u2019univers de ce ma\u00eetre du noir et blanc<\/strong>, dont la rigueur formelle et la sensibilit\u00e9 ont marqu\u00e9 durablement l\u2019histoire de la photographie.<\/p>\n<p><strong>Edward Weston, The Flame of Recognition (Sixtieth Anniversary Edition)<\/strong><br \/>\u00c9diteur : Aperture<br \/>35 \u20ac, 112 pages, 64 photographies, couverture souple, 21,1 x 24,9 cm<br \/>Acheter le livre: <a href=\"https:\/\/aperture.org\/books\/edward-weston-the-flame-of-recognition\" target=\"_blank\" rel=\"noopener\">Aperture<\/a> \/ <a href=\"https:\/\/www.awin1.com\/cread.php?awinmid=12665&amp;awinaffid=282185&amp;clickref=&amp;p=https:\/\/www.fnac.com\/a21604337\/Edward-Weston-Edward-Weston-The-Flame-of-Recognition-Sixtieth-Anniversary-Edition-anglais\" target=\"_blank\" rel=\"noopener\">Fnac<\/a><\/p>\n<p>Les r\u00eaveries d\u2019Agn\u00e8s<\/p>\n<p><img decoding=\"async\" width=\"1400\" height=\"933\" loading=\"lazy\" src=\"https:\/\/www.europesays.com\/fr\/wp-content\/uploads\/2025\/06\/les-reveries-dagnes-varda.jpg\" alt=\"\" class=\"wp-image-241575\"  \/><\/p>\n<p><strong>Les R\u00eaveries d\u2019Agn\u00e8s<\/strong> permet de faire revivre l\u2019univers enchant\u00e9 de la regrett\u00e9e <a href=\"https:\/\/phototrend.fr\/2023\/11\/zoom-photographe-agnes-varda\/\" target=\"_blank\" rel=\"noopener\">Agn\u00e8s Varda<\/a>. <strong>Photographies personnelles<\/strong> et <strong>images d\u2019archives<\/strong> retracent rencontres et souvenirs, notamment ceux du tournage de La Pointe Courte (1954), un premier film qui pr\u00e9figurera la Nouvelle Vague.<\/p>\n<p>On d\u00e9couvre \u00e9galement la <strong>Cabane du Bonheur<\/strong>, r\u00e9alis\u00e9e avec les pellicules 35\u00a0mm du film \u00e9ponyme, et des bouquets de fleurs qu\u2019affectionnait tant l\u2019artiste. Comme une vague, les pages finales nous ram\u00e8nent en <strong>bord de mer<\/strong>, pour t\u00e9moigner des installations surprenantes imagin\u00e9es par la cin\u00e9aste dans ses ultimes ann\u00e9es, notamment pour <strong>Les Plages d\u2019Agn\u00e8s<\/strong>, l\u2019un de ses derniers documentaires.\u00a0<\/p>\n<p>Les R\u00eaveries d\u2019Agn\u00e8s, est <strong>co-\u00e9dit\u00e9 par Delpire &amp; Co<\/strong>, <strong>Cin\u00e9 Tamaris<\/strong> et le <strong>mus\u00e9e Soulages<\/strong> \u00e0 Rodez, qui consacre une <strong>exposition<\/strong> \u00e0 la cin\u00e9aste jusqu\u2019au 4\u00a0janvier (Agn\u00e8s Varda. Je suis curieuse. Point). Une exposition concomitante avec\u00a0<a href=\"https:\/\/phototrend.fr\/2025\/04\/agnes-varda-expo-carnavalet\/\" target=\"_blank\" rel=\"noopener\">Agn\u00e8s Varda, de-ci, de-l\u00e0<\/a>, propos\u00e9e <strong>jusqu\u2019au 24\u00a0ao\u00fbt \u00e0 Paris<\/strong> par le <strong>mus\u00e9e Carnavalet<\/strong>.\u00a0<\/p>\n<p><strong>Les r\u00eaveries d\u2019Agn\u00e8s, Agn\u00e8s Varda<br \/><\/strong>\u00c9diteur : Delpire<br \/>29 \u20ac, 160 pages, broch\u00e9, 22 x 27,5 cm<br \/>Acheter le livre : <a href=\"https:\/\/www.delpireandco.com\/produit\/les-reveries-dagnes\/\" target=\"_blank\" rel=\"noopener\">Delpire &amp; Co<\/a> \/ <a href=\"https:\/\/www.awin1.com\/cread.php?awinmid=12665&amp;awinaffid=282185&amp;clickref=&amp;p=https:\/\/www.fnac.com\/a21443106\/Agnes-Varda-Les-reveries-d-Agnes\" target=\"_blank\" rel=\"noopener\">Fnac<\/a><\/p>\n<p>Le monde de Louis Stettner<\/p>\n<p><img decoding=\"async\" width=\"1400\" height=\"933\" loading=\"lazy\" src=\"https:\/\/www.europesays.com\/fr\/wp-content\/uploads\/2025\/06\/le-monde-de-louis-stetter.jpg\" alt=\"\" class=\"wp-image-241576\"  \/><\/p>\n<p>Moins connu que <a href=\"https:\/\/www.google.com\/search?q=site%3Aphototrend.fr+sabine%20weiss\" target=\"_blank\" rel=\"noopener\">Sabine Weiss<\/a> ou <a href=\"https:\/\/phototrend.fr\/2020\/12\/zoom-photographe-frank-horvat\/\" target=\"_blank\" rel=\"noopener\">Franck Horvat<\/a>, <strong>Louis Stettner<\/strong> incarne pourtant un <strong>trait d\u2019union<\/strong> entre la <strong>street photography am\u00e9ricaine<\/strong> et la <strong>photographie humaniste fran\u00e7aise<\/strong>.<\/p>\n<p>N\u00e9 \u00e0 Brooklyn en <strong>1922<\/strong> d\u2019une famille juive d\u2019origine austro-hongroise, il r\u00e9alise des images de New York qui se d\u00e9marquent par leurs <strong>contrastes poignants<\/strong> et leur <strong>spontan\u00e9it\u00e9<\/strong>. Apr\u00e8s la Seconde Guerre mondiale, ayant \u00e9migr\u00e9 \u00e0 Paris, il livre des <strong>instantan\u00e9s saisissants<\/strong>. C\u2019est pendant cette p\u00e9riode qu\u2019il capture l\u2019un de ses clich\u00e9s les plus connus : celui de deux enfants dans les rues (aujourd\u2019hui m\u00e9connaissables) d\u2019Aubervilliers.<\/p>\n<p>Publi\u00e9 aux \u00e9ditions de la Martini\u00e8re, l\u2019ouvrage <strong>Le monde de Louis Stettner<\/strong> est une v\u00e9ritable fen\u00eatre ouverte sur ce regard souvent <strong>r\u00e9aliste<\/strong>, parfois <strong>tendre<\/strong>, sur la vie des deux c\u00f4t\u00e9s de l\u2019Atlantique. Enrichi des propos de <strong>Virginie Chardin<\/strong>, sp\u00e9cialiste de l\u2019histoire de la photographie, il explore les <strong>archives<\/strong> qu\u2019il a laiss\u00e9es apr\u00e8s sa mort, en 2016, dans sa<strong> maison-atelier de Saint-Ouen<\/strong>.<\/p>\n<p>\u00c0 noter que ces clich\u00e9s font aussi l\u2019objet d\u2019une <strong>exposition \u00e9v\u00e9nement<\/strong> lors des <strong>Rencontres de la photographie d\u2019Arles<\/strong>, du 7 juillet au 5 octobre 2025.<\/p>\n<p><strong>Le monde de Louis Stettner, Virginie Chardin<\/strong><br \/>\u00c9diteur : La Martini\u00e8re<br \/>45 \u20ac, 256 pages, reli\u00e9, 23,4 x 26,3<br \/>Acheter le livre : <a href=\"https:\/\/www.leslibraires.fr\/livre\/24439231-le-monde-de-louis-stettner-virginie-chardin-la-martiniere?affiliate=phototrend\" target=\"_blank\" rel=\"noopener\">leslibraires.fr<\/a> \/ <a href=\"https:\/\/www.awin1.com\/cread.php?awinmid=12665&amp;awinaffid=282185&amp;clickref=&amp;p=https:\/\/www.fnac.com\/a21315896\/Virginie-Chardin-Le-Monde-de-Louis-Stettner\" target=\"_blank\" rel=\"noopener\">Fnac<\/a><\/p>\n<p>Azov Horizons<\/p>\n<p><img decoding=\"async\" width=\"1400\" height=\"933\" loading=\"lazy\" src=\"https:\/\/www.europesays.com\/fr\/wp-content\/uploads\/2025\/06\/azov-horizons-patrick-wack-andre-frere-editions.jpg\" alt=\"\" class=\"wp-image-241577\"  \/><\/p>\n<p>Laur\u00e9at du <strong>Prix Photo Folio Review\u00a02024,<\/strong> <strong>Patrick Wack<\/strong> publie <strong>Azov Horizons<\/strong> chez Andr\u00e9 Fr\u00e8re \u00c9dition. D\u2019une grande po\u00e9sie, ses images couleur m\u00ealent <strong>documentaire et symbolisme<\/strong> pour t\u00e9moigner de la vie dans le sud de l\u2019Ukraine, mais aussi des bouleversements \u00e0 l\u2019\u0153uvre en Russie et en Ukraine.<\/p>\n<p>Portraits et paysages captur\u00e9s depuis 2019 sur les rives de la mer d\u2019Azov, bordant \u00e0 la fois la Russie et l\u2019Ukraine, se d\u00e9ploient au fil de ces 152\u00a0pages, aux c\u00f4t\u00e9s de clich\u00e9s r\u00e9alis\u00e9s dans une qui\u00e9tude fragile, \u00e0 <strong>Marioupol<\/strong>, peu avant son <strong>invasion par les troupes russes<\/strong>.<\/p>\n<p>Fruit de six ann\u00e9es de travail, cette s\u00e9rie au long cours repose sur <strong>400 pellicules couleur<\/strong>, r\u00e9v\u00e9lant avec <strong>justesse<\/strong> et <strong>sensibilit\u00e9<\/strong> la vie d\u2019un territoire pris dans les remous de l\u2019histoire et <strong>l\u2019espoir d\u2019un horizon plus lumineux<\/strong>. La s\u00e9rie sera <strong>expos\u00e9e \u00e0 Arles<\/strong> du 7 juillet au 5 octobre \u00e0 l\u2019abbaye de Montmajour \u00e0 l\u2019occasion des Rencontres de la Photographie.<\/p>\n<p><strong>Azov Horizons, Patrick Wack<\/strong><br \/>\u00c9diteur : Andr\u00e9 Fr\u00e8re<br \/>65 \u20ac, 152 pages, reli\u00e9, 24 x 29 cm<br \/>Acheter le livre : <a href=\"https:\/\/www.andrefrereditions.com\/livres\/a-paraitre\/azov-horizons\/\" target=\"_blank\" rel=\"noopener\">Andr\u00e9 Fr\u00e8re Editions<\/a> \/ <a href=\"https:\/\/www.awin1.com\/cread.php?awinmid=12665&amp;awinaffid=282185&amp;clickref=&amp;p=https:\/\/www.fnac.com\/a21498378\/Patrick-Wack-Azov-Horizons\" target=\"_blank\" rel=\"noopener\">Fnac<\/a><\/p>\n<p>52 d\u00e9fis au drone<\/p>\n<p><img decoding=\"async\" width=\"1400\" height=\"933\" loading=\"lazy\" src=\"https:\/\/www.europesays.com\/fr\/wp-content\/uploads\/2025\/06\/52-defis-photo-au-drone.jpg\" alt=\"\" class=\"wp-image-241578\"  \/><\/p>\n<p><strong>\u00ab\u00a0J\u2019ai achet\u00e9 un drone, et maintenant ?\u00a0\u00bb<\/strong> : c\u2019est \u00e0 cette question que vient r\u00e9pondre ce nouvel ouvrage, qui enrichit la collection <strong>\u00ab\u00a052 d\u00e9fis\u00a0\u00bb<\/strong> des \u00e9ditions <strong>Eyrolles<\/strong>. Le photographe <strong>Fergus Kennedy<\/strong> partage bon nombre de <strong>conseils<\/strong> et <strong>d\u2019id\u00e9es cr\u00e9atives<\/strong>, qui s\u2019adressent \u00e0 la fois aux <strong>pilotes d\u00e9butants<\/strong> qu\u2019aux dronistes voulant <strong>aller plus<\/strong> <strong>loin<\/strong>.<\/p>\n<p>Tr\u00e8s accessible et didactique, ce petit livre propose <strong>bon nombre de pistes<\/strong> (de d\u00e9collage) pour capturer de meilleures photos avec son a\u00e9ronef. Panoramiques verticales, reflets sur des cours d\u2019eau, autoroutes illumin\u00e9es, jeux d\u2019ombre et de lumi\u00e8re\u2026 l\u2019auteur explore une <strong>grande vari\u00e9t\u00e9 de sc\u00e9narios<\/strong> afin de (re)donner un coup de fouet \u00e0 votre cr\u00e9ativit\u00e9. Et surtout, il s\u2019appuie sur les <strong>modes de prise de vue<\/strong> int\u00e9gr\u00e9s dans les diff\u00e9rents mod\u00e8les, afin de vous permettre d\u2019en tirer parti.<\/p>\n<p>\u00c0 l\u2019image des autres ouvrages de cette s\u00e9rie, l\u2019ouvrage propose un total de <strong>52 exercices photo<\/strong> \u2013 et vid\u00e9o \u2013 \u00e0 pratiquer <strong>au fil des saisons et de ses envies<\/strong>. De quoi repartir \u00e0 la conqu\u00eate du ciel !<\/p>\n<p><strong>52 d\u00e9fis au drone, Fergus Kennedy<\/strong><br \/>\u00c9diteur : Eyrolles<br \/>13 \u20ac, 128 pages, broch\u00e9, 14,5 x 21,5 cm<br \/>Acheter le livre : <a href=\"https:\/\/www.eyrolles.com\/Audiovisuel\/Livre\/52-defis-photo-au-drone-9782416020056\/?ae=218\" target=\"_blank\" rel=\"noopener\">\u00c9ditions Eyrolles<\/a> \/ <a href=\"https:\/\/www.awin1.com\/cread.php?awinmid=12665&amp;awinaffid=282185&amp;clickref=&amp;p=https:\/\/www.fnac.com\/a21031339\/Fergus-Kennedy-52-defis-drone-photographie\" target=\"_blank\" rel=\"noopener\">Fnac<\/a><\/p>\n","protected":false},"excerpt":{"rendered":"Chaque mois, Phototrend vous propose de d\u00e9couvrir les livres photo qui nous ont marqu\u00e9s. En ce mois de&hellip;\n","protected":false},"author":2,"featured_media":189815,"comment_status":"","ping_status":"","sticky":false,"template":"","format":"standard","meta":{"footnotes":""},"categories":[1358],"tags":[32762,1348,1384,1385,1386,58,564,32763,59,11615,32764,1011,27,6581,32765,32766,14102],"class_list":{"0":"post-189814","1":"post","2":"type-post","3":"status-publish","4":"format-standard","5":"has-post-thumbnail","7":"category-arts-et-design","8":"tag-agnes-varda","9":"tag-arts","10":"tag-arts-and-design","11":"tag-arts-et-design","12":"tag-design","13":"tag-divertissement","14":"tag-drone","15":"tag-edward-weston","16":"tag-entertainment","17":"tag-featured","18":"tag-fergus-kennedy","19":"tag-fr","20":"tag-france","21":"tag-livre-photo","22":"tag-louis-stettner","23":"tag-patrick-wack","24":"tag-selection-livre-photo"},"share_on_mastodon":{"url":"https:\/\/pubeurope.com\/@fr\/114713183707767367","error":""},"_links":{"self":[{"href":"https:\/\/www.europesays.com\/fr\/wp-json\/wp\/v2\/posts\/189814","targetHints":{"allow":["GET"]}}],"collection":[{"href":"https:\/\/www.europesays.com\/fr\/wp-json\/wp\/v2\/posts"}],"about":[{"href":"https:\/\/www.europesays.com\/fr\/wp-json\/wp\/v2\/types\/post"}],"author":[{"embeddable":true,"href":"https:\/\/www.europesays.com\/fr\/wp-json\/wp\/v2\/users\/2"}],"replies":[{"embeddable":true,"href":"https:\/\/www.europesays.com\/fr\/wp-json\/wp\/v2\/comments?post=189814"}],"version-history":[{"count":0,"href":"https:\/\/www.europesays.com\/fr\/wp-json\/wp\/v2\/posts\/189814\/revisions"}],"wp:featuredmedia":[{"embeddable":true,"href":"https:\/\/www.europesays.com\/fr\/wp-json\/wp\/v2\/media\/189815"}],"wp:attachment":[{"href":"https:\/\/www.europesays.com\/fr\/wp-json\/wp\/v2\/media?parent=189814"}],"wp:term":[{"taxonomy":"category","embeddable":true,"href":"https:\/\/www.europesays.com\/fr\/wp-json\/wp\/v2\/categories?post=189814"},{"taxonomy":"post_tag","embeddable":true,"href":"https:\/\/www.europesays.com\/fr\/wp-json\/wp\/v2\/tags?post=189814"}],"curies":[{"name":"wp","href":"https:\/\/api.w.org\/{rel}","templated":true}]}}