{"id":189824,"date":"2025-06-20T01:54:10","date_gmt":"2025-06-20T01:54:10","guid":{"rendered":"https:\/\/www.europesays.com\/fr\/189824\/"},"modified":"2025-06-20T01:54:10","modified_gmt":"2025-06-20T01:54:10","slug":"a-40-ans-il-decede-dun-cancer-du-colon-son-seul-symptome-etait-facile-a-ignorer","status":"publish","type":"post","link":"https:\/\/www.europesays.com\/fr\/189824\/","title":{"rendered":"\u00c0 40 ans, il d\u00e9c\u00e8de d&rsquo;un cancer du c\u00f4lon, son seul sympt\u00f4me \u00e9tait facile \u00e0 ignorer"},"content":{"rendered":"<p>Il avait appris sa maladie seulement quelques mois auparavant. Aux \u00c9tats-Unis, Kyle Ingram-Baldwin, 40 ans, consulte son m\u00e9decin g\u00e9n\u00e9raliste \u00e0 cause de douleurs persistantes \u00e0 l&rsquo;estomac. Lui pense que cet inconfort r\u00e9sulte du stress ou de la pr\u00e9sence de calculs biliaire.<\/p>\n<p><strong>LIRE AUSSI &gt;&gt;<\/strong><a data-i13n=\"cpos:1;pos:1\" href=\"https:\/\/fr.news.yahoo.com\/jai-compris-quon-allait-menlever-une-partie-de-mon-corps--a-18-ans-elle-apprend-quelle-souffre-dun-cancer-du-colon-130603394.html\" data-ylk=\"slk:&quot;J\u2019ai compris qu\u2019on allait m\u2019enlever une partie de mon corps&quot; : \u00e0 18 ans, elle apprend qu&#039;elle souffre d&#039;un cancer du c\u00f4lon;cpos:1;pos:1;elm:context_link;itc:0;sec:content-canvas;outcm:mb_qualified_link;_E:mb_qualified_link;ct:story;\" class=\"link  yahoo-link\" target=\"_blank\" rel=\"noopener\"> \u00ab\u00a0J\u2019ai compris qu\u2019on allait m\u2019enlever une partie de mon corps\u00a0\u00bb : \u00e0 18 ans, elle apprend qu&rsquo;elle souffre d&rsquo;un cancer du c\u00f4lon<\/a><\/p>\n<p>Mais, la douleur s&rsquo;aggrave et il se rend aux urgences. \u00c0 l&rsquo;h\u00f4pital, les m\u00e9decins r\u00e9alisent de nombreux examens. Une \u00e9chographie identifie des protub\u00e9rances inqui\u00e9tantes au niveau de son foie. Un scanner confirme la pr\u00e9sence d&rsquo;un cancer, raconte <a data-i13n=\"cpos:2;pos:1\" href=\"https:\/\/www.dailymail.co.uk\/health\/article-14824269\/Father-four-dies-bowel-cancer-sign-dismiss.html\" rel=\"nofollow noopener\" target=\"_blank\" data-ylk=\"slk:le Daily Mail;cpos:2;pos:1;elm:context_link;itc:0;sec:content-canvas\" class=\"link \">le Daily Mail<\/a>. D&rsquo;autres tests d\u00e9voilent que ces tumeurs sont secondaires et que le cancer primaire est log\u00e9 dans son intestin. En 2023, 47 582 nouveaux cas de cancers du c\u00f4lon ou du rectum ont \u00e9t\u00e9 diagnostiqu\u00e9s en France, rapporte le site Ameli Sant\u00e9.<\/p>\n<p>\u00ab\u00a0Je me demandais : &lsquo;Que se passe-t-il ? Qu&rsquo;ai-je fait de mal ?&rsquo; Je me rejetais la faute et je m&rsquo;inqui\u00e9tais de l&rsquo;avenir de ma femme et de mes enfants. C&rsquo;est probablement la chose la plus difficile : le c\u00f4t\u00e9 mental. Ne vous m\u00e9prenez pas, le physique n\u2019est pas dr\u00f4le non plus, mais c\u2019est un d\u00e9fi mental\u00a0\u00bb, confiait le p\u00e8re de famille cit\u00e9 par le journal anglais.<\/p>\n<p>Douleurs abdominales et troubles du transit<\/p>\n<p>Il r\u00e9alise rapidement de nombreux cycles de chimioth\u00e9rapie mais qui ne permettent pas d&rsquo;\u00e9radiquer la maladie. Il encourage la population \u00e0 prendre au s\u00e9rieux la pr\u00e9sence de certains sympt\u00f4mes : \u00ab\u00a0Je ne pr\u00e9sentais aucun des sympt\u00f4mes conventionnels. Si vous pensez que quelque chose ne va pas, n&rsquo;h\u00e9sitez pas \u00e0 contacter votre m\u00e9decin g\u00e9n\u00e9raliste et \u00e0 aller r\u00e9aliser des examens, car je ne voudrais vraiment pas que quelqu&rsquo;un d&rsquo;autre soit dans ma situation\u00a0\u00bb.<\/p>\n<p><strong>LIRE AUSSI &gt;&gt;<\/strong> <a data-i13n=\"cpos:3;pos:1\" href=\"https:\/\/fr.news.yahoo.com\/a-33-ans-elle-decouvre-souffrir-dun-cancer-du-colon-les-medecins-lui-assuraient-quelle-etait-trop-jeune-et-pensaient-a-un-syndrome-du-colon-irritable-124313360.html\" data-ylk=\"slk:\u00c0 33 ans, elle d\u00e9couvre souffrir d\u2019un cancer du c\u00f4lon, les m\u00e9decins lui assuraient qu\u2019elle \u00e9tait &quot;trop jeune&quot; et pensaient \u00e0 un syndrome du c\u00f4lon irritable;cpos:3;pos:1;elm:context_link;itc:0;sec:content-canvas;outcm:mb_qualified_link;_E:mb_qualified_link;ct:story;\" class=\"link  yahoo-link\" target=\"_blank\" rel=\"noopener\">\u00c0 33 ans, elle d\u00e9couvre souffrir d\u2019un cancer du c\u00f4lon, les m\u00e9decins lui assuraient qu\u2019elle \u00e9tait \u00ab\u00a0trop jeune\u00a0\u00bb et pensaient \u00e0 un syndrome du c\u00f4lon irritable<\/a><\/p>\n<p><a data-i13n=\"cpos:4;pos:1\" href=\"https:\/\/www.fondation-arc.org\/cancer\/cancer-colorectal\/symptomes-diagnostic-cancer\" rel=\"nofollow noopener\" target=\"_blank\" data-ylk=\"slk:La Fondation pour la Recherche sur le cancer;cpos:4;pos:1;elm:context_link;itc:0;sec:content-canvas\" class=\"link \">La Fondation pour la Recherche sur le cancer<\/a> liste les signes du cancer colorectal : des douleurs abdominales, des troubles du transit intestinal, la pr\u00e9sence de sang dans les selles, une masse perceptible \u00e0 la palpation de l\u2019abdomen, une an\u00e9mie, des saignements du rectum, etc.<\/p>\n<p>Le 16 juin dernier, le p\u00e8re de famille est d\u00e9c\u00e9d\u00e9 de son cancer, huit mois apr\u00e8s le diagnostic, alors qu&rsquo;il venait de lancer une collecte de fonds pour l&rsquo;aider \u00e0 financer des traitements alternatifs.<\/p>\n","protected":false},"excerpt":{"rendered":"Il avait appris sa maladie seulement quelques mois auparavant. Aux \u00c9tats-Unis, Kyle Ingram-Baldwin, 40 ans, consulte son m\u00e9decin&hellip;\n","protected":false},"author":2,"featured_media":189825,"comment_status":"","ping_status":"","sticky":false,"template":"","format":"standard","meta":{"footnotes":""},"categories":[10],"tags":[1764,101,2672,32767,1011,27,72,71],"class_list":{"0":"post-189824","1":"post","2":"type-post","3":"status-publish","4":"format-standard","5":"has-post-thumbnail","7":"category-sante","8":"tag-ans","9":"tag-cancer","10":"tag-cancer-du-colon","11":"tag-douleurs-abdominales","12":"tag-fr","13":"tag-france","14":"tag-health","15":"tag-sante"},"share_on_mastodon":{"url":"","error":""},"_links":{"self":[{"href":"https:\/\/www.europesays.com\/fr\/wp-json\/wp\/v2\/posts\/189824","targetHints":{"allow":["GET"]}}],"collection":[{"href":"https:\/\/www.europesays.com\/fr\/wp-json\/wp\/v2\/posts"}],"about":[{"href":"https:\/\/www.europesays.com\/fr\/wp-json\/wp\/v2\/types\/post"}],"author":[{"embeddable":true,"href":"https:\/\/www.europesays.com\/fr\/wp-json\/wp\/v2\/users\/2"}],"replies":[{"embeddable":true,"href":"https:\/\/www.europesays.com\/fr\/wp-json\/wp\/v2\/comments?post=189824"}],"version-history":[{"count":0,"href":"https:\/\/www.europesays.com\/fr\/wp-json\/wp\/v2\/posts\/189824\/revisions"}],"wp:featuredmedia":[{"embeddable":true,"href":"https:\/\/www.europesays.com\/fr\/wp-json\/wp\/v2\/media\/189825"}],"wp:attachment":[{"href":"https:\/\/www.europesays.com\/fr\/wp-json\/wp\/v2\/media?parent=189824"}],"wp:term":[{"taxonomy":"category","embeddable":true,"href":"https:\/\/www.europesays.com\/fr\/wp-json\/wp\/v2\/categories?post=189824"},{"taxonomy":"post_tag","embeddable":true,"href":"https:\/\/www.europesays.com\/fr\/wp-json\/wp\/v2\/tags?post=189824"}],"curies":[{"name":"wp","href":"https:\/\/api.w.org\/{rel}","templated":true}]}}