{"id":189832,"date":"2025-06-20T01:58:13","date_gmt":"2025-06-20T01:58:13","guid":{"rendered":"https:\/\/www.europesays.com\/fr\/189832\/"},"modified":"2025-06-20T01:58:13","modified_gmt":"2025-06-20T01:58:13","slug":"trump-repousse-a-nouveau-lecheance-pour-la-vente-de-tiktok-actualites","status":"publish","type":"post","link":"https:\/\/www.europesays.com\/fr\/189832\/","title":{"rendered":"Trump repousse \u00e0 nouveau l&rsquo;\u00e9ch\u00e9ance pour la vente de TikTok : Actualit\u00e9s"},"content":{"rendered":"<p class=\"lead \">Donald Trump a donn\u00e9 un sursis suppl\u00e9mentaire jeudi \u00e0 TikTok en repoussant une nouvelle fois la date butoir pour la vente du r\u00e9seau social, tr\u00e8s populaire aux Etats-Unis, impos\u00e9e \u00e0 sa maison m\u00e8re chinoise ByteDance par une loi adopt\u00e9e au Congr\u00e8s.<\/p>\n<p class=\"lead \">Alors que le pr\u00e9sident am\u00e9ricain a d\u00e9j\u00e0 report\u00e9 l&rsquo;\u00e9ch\u00e9ance \u00e0 deux reprises, il a annonc\u00e9 sur sa plateforme Truth Social avoir sign\u00e9 un d\u00e9cret qui retarde encore la date limite au 17 septembre, pendant que Washington attend l&rsquo;approbation de cette vente par le gouvernement chinois.<\/p>\n<p class=\"lead \">Dans un communiqu\u00e9, Tiktok s&rsquo;est dite \u00ab\u00a0reconnaissante envers le leadership du pr\u00e9sident Trump\u00a0\u00bb qui fait en sorte que \u00ab\u00a0TikTok reste disponible pour plus de 170 millions d&rsquo;utilisateurs am\u00e9ricains et plus de 7,5 millions d&rsquo;entreprises am\u00e9ricaines\u00a0\u00bb.<\/p>\n<p class=\"lead \">L&rsquo;entreprise pr\u00e9cise qu&rsquo;elle continuera de travailler avec les services du vice-pr\u00e9sident JD Vance sur la question.<\/p>\n<p class=\"lead \">La porte-parole de la Maison Blanche, Karoline Leavitt, avait d\u00e9j\u00e0 dit mardi que Donald Trump signerait ce nouveau d\u00e9cret, car il \u00ab\u00a0ne veut pas voir TikTok dispara\u00eetre\u00a0\u00bb.<\/p>\n<p class=\"lead \">\u00ab\u00a0Le pr\u00e9sident sait que c&rsquo;est extr\u00eamement populaire\u00a0\u00bb, a-t-elle insist\u00e9 jeudi. \u00ab\u00a0Il veut aussi prot\u00e9ger des donn\u00e9es et la vie priv\u00e9e des Am\u00e9ricains, et il pense pouvoir faire les deux en m\u00eame temps\u00a0\u00bb. <\/p>\n<p class=\"lead \">En vertu d&rsquo;une loi vot\u00e9e au Congr\u00e8s en 2024, le r\u00e9seau social reste en effet sous le coup d&rsquo;une interdiction aux Etats-Unis si sa maison m\u00e8re ByteDance n&rsquo;en abandonne pas le contr\u00f4le. Des \u00e9lus r\u00e9publicains comme d\u00e9mocrates disaient alors s\u2019inqui\u00e9ter de l&rsquo;utilisation de donn\u00e9es par la Chine ou d&rsquo;une tentative d&rsquo;influence de l&rsquo;opinion am\u00e9ricaine.<\/p>\n<p class=\"lead \">&#8211; \u00ab\u00a0Feu vert\u00a0\u00bb de P\u00e9kin &#8211;<\/p>\n<p class=\"lead \">Selon plusieurs m\u00e9dias am\u00e9ricains, un protocole avait \u00e9t\u00e9 trouv\u00e9 d\u00e9but avril pour cette vente. Il pr\u00e9voyait la s\u00e9paration de la branche am\u00e9ricaine de TikTok du groupe ByteDance, avec une recomposition du capital.<\/p>\n<p class=\"lead \">Les parts d\u00e9tenues par des investisseurs non chinois passaient de 60 \u00e0 80%, ByteDance conservant les 20% qu&rsquo;elle poss\u00e8de actuellement.<\/p>\n<p class=\"lead \">Le groupe informatique Oracle, qui h\u00e9berge d\u00e9j\u00e0 les donn\u00e9es de TikTok US sur ses serveurs am\u00e9ricains, devait \u00eatre \u00e0 la manoeuvre, accompagn\u00e9, notamment, par le gestionnaire d&rsquo;actifs Blackstone ou l&rsquo;entrepreneur Michael Dell.<\/p>\n<p class=\"lead \">Mais l&rsquo;annonce de droits de douane impos\u00e9s par Donald Trump \u00e0 ses partenaires commerciaux, avec une note particuli\u00e8rement sal\u00e9e pour la Chine, \u00e0 54%, a bloqu\u00e9 la transaction c\u00f4t\u00e9 chinois.<\/p>\n<p class=\"lead \">\u00ab\u00a0Il nous faudra probablement l&rsquo;accord de la Chine\u00a0\u00bb d&rsquo;ici mi-septembre, nouvelle date limite, avait reconnu Donald Trump mardi. \u00ab\u00a0Je pense que le pr\u00e9sident Xi finira par donner son feu vert\u00a0\u00bb, avait-il ajout\u00e9.<\/p>\n<p class=\"lead \">Pour Shweta Singh, professeure \u00e0 l&rsquo;universit\u00e9 britannique de Warwick, \u00ab\u00a0TikTok n&rsquo;est plus simplement un r\u00e9seau social\u00a0\u00bb. \u00ab\u00a0C&rsquo;est devenu un symbole de la rivalit\u00e9 technologique entre les Etats-Unis et la Chine\u00a0\u00bb, estimait-elle r\u00e9cemment.<\/p>\n<p class=\"lead \">Si les deux pays se sont entendus, d\u00e9but juin, sur un \u00ab\u00a0cadre g\u00e9n\u00e9ral\u00a0\u00bb pour normaliser leurs relations commerciales, le dossier TikTok reste en souffrance.<\/p>\n<p class=\"lead \">&#8211; Algorithme &#8211;<\/p>\n<p class=\"lead \">Mais loin de p\u00e2tir de cette crise g\u00e9opolitique, le r\u00e9seau social est la deuxi\u00e8me application la plus t\u00e9l\u00e9charg\u00e9e aux Etats-Unis derri\u00e8re ChatGPT sur les t\u00e9l\u00e9phones Android, selon le site sp\u00e9cialis\u00e9 Appfigures.<\/p>\n<p class=\"lead \">La mansu\u00e9tude affich\u00e9e par le milliardaire, qui dit avoir \u00ab\u00a0un petit faible pour TikTok\u00a0\u00bb, a sensiblement dilu\u00e9 l&rsquo;urgence de la situation. Le contraste est marqu\u00e9 avec le d\u00e9but d&rsquo;ann\u00e9e, qui avait vu beaucoup d&rsquo;influenceurs pr\u00e9parer leur migration vers d&rsquo;autres cieux, en particulier Instagram ou YouTube.<\/p>\n<p class=\"lead \">D&rsquo;autres candidats \u00e0 un rachat de la plateforme s&rsquo;\u00e9taient positionn\u00e9s \u00e0 cette p\u00e9riode, en particulier le \u00ab\u00a0Project Liberty\u00a0\u00bb de l&rsquo;entrepreneur Frank McCourt et la start-up d&rsquo;intelligence artificielle (IA) g\u00e9n\u00e9rative Perplexity AI, chacun voulant int\u00e9grer l&rsquo;application \u00e0 un mod\u00e8le plus large.<\/p>\n<p class=\"lead \">Le myst\u00e8re demeure sur le fameux algorithme de recommandation de TikTok, dont la sophistication explique, en grande partie, le succ\u00e8s de la plateforme.<\/p>\n<p class=\"lead \">Pour l&rsquo;instant, ByteDance n&rsquo;a encore jamais accept\u00e9 le principe d&rsquo;une cession de ce bijou technologique, r\u00e9clam\u00e9e par le Congr\u00e8s, dont les \u00e9lus &#8211; tr\u00e8s remont\u00e9s il y a quelques mois &#8211; semblent aujourd&rsquo;hui s&rsquo;\u00eatre d\u00e9sint\u00e9ress\u00e9s du dossier. <\/p>\n<p class=\"small font-weight-bold text-gray3 \"> publi\u00e9 le 19 juin \u00e0 22h03, AFP<\/p>\n<p>                             Partager<\/p>\n","protected":false},"excerpt":{"rendered":"Donald Trump a donn\u00e9 un sursis suppl\u00e9mentaire jeudi \u00e0 TikTok en repoussant une nouvelle fois la date butoir&hellip;\n","protected":false},"author":2,"featured_media":189833,"comment_status":"","ping_status":"","sticky":false,"template":"","format":"standard","meta":{"footnotes":""},"categories":[6],"tags":[35,309,312,33,34,1011,27,311,310,316,42,308],"class_list":{"0":"post-189832","1":"post","2":"type-post","3":"status-publish","4":"format-standard","5":"has-post-thumbnail","7":"category-economie","8":"tag-business","9":"tag-chine","10":"tag-diplomatie","11":"tag-economie","12":"tag-economy","13":"tag-fr","14":"tag-france","15":"tag-informatique","16":"tag-internet","17":"tag-politique","18":"tag-technologies","19":"tag-usa"},"share_on_mastodon":{"url":"https:\/\/pubeurope.com\/@fr\/114713218444783660","error":""},"_links":{"self":[{"href":"https:\/\/www.europesays.com\/fr\/wp-json\/wp\/v2\/posts\/189832","targetHints":{"allow":["GET"]}}],"collection":[{"href":"https:\/\/www.europesays.com\/fr\/wp-json\/wp\/v2\/posts"}],"about":[{"href":"https:\/\/www.europesays.com\/fr\/wp-json\/wp\/v2\/types\/post"}],"author":[{"embeddable":true,"href":"https:\/\/www.europesays.com\/fr\/wp-json\/wp\/v2\/users\/2"}],"replies":[{"embeddable":true,"href":"https:\/\/www.europesays.com\/fr\/wp-json\/wp\/v2\/comments?post=189832"}],"version-history":[{"count":0,"href":"https:\/\/www.europesays.com\/fr\/wp-json\/wp\/v2\/posts\/189832\/revisions"}],"wp:featuredmedia":[{"embeddable":true,"href":"https:\/\/www.europesays.com\/fr\/wp-json\/wp\/v2\/media\/189833"}],"wp:attachment":[{"href":"https:\/\/www.europesays.com\/fr\/wp-json\/wp\/v2\/media?parent=189832"}],"wp:term":[{"taxonomy":"category","embeddable":true,"href":"https:\/\/www.europesays.com\/fr\/wp-json\/wp\/v2\/categories?post=189832"},{"taxonomy":"post_tag","embeddable":true,"href":"https:\/\/www.europesays.com\/fr\/wp-json\/wp\/v2\/tags?post=189832"}],"curies":[{"name":"wp","href":"https:\/\/api.w.org\/{rel}","templated":true}]}}