{"id":189836,"date":"2025-06-20T02:00:15","date_gmt":"2025-06-20T02:00:15","guid":{"rendered":"https:\/\/www.europesays.com\/fr\/189836\/"},"modified":"2025-06-20T02:00:15","modified_gmt":"2025-06-20T02:00:15","slug":"rassemblement-a-paris-pour-dire-non-a-khamenei-et-non-a-netanyahu-actualites","status":"publish","type":"post","link":"https:\/\/www.europesays.com\/fr\/189836\/","title":{"rendered":"Rassemblement \u00e0 Paris pour dire \u00ab\u00a0non \u00e0 Khamenei et non \u00e0 Netanyahu\u00a0\u00bb : Actualit\u00e9s"},"content":{"rendered":"<p class=\"lead \">Plusieurs dizaines de personnes se sont rassembl\u00e9es jeudi soir place du Panth\u00e9on \u00e0 Paris pour \u00ab\u00a0dire non \u00e0 l&rsquo;agression militaire d&rsquo;Isra\u00ebl en Iran et non \u00e0 la R\u00e9publique islamique\u00a0\u00bb, a constat\u00e9 l&rsquo;AFP.<\/p>\n<p class=\"lead \">\u00ab\u00a0Non \u00e0 la guerre, non aux mollahs!\u00a0\u00bb ont scand\u00e9 les participants, majoritairement franco-iraniens. A l&rsquo;appel de plusieurs associations de d\u00e9fense des droits humains en Iran, ils ont r\u00e9clam\u00e9 un \u00ab\u00a0cessez-le-feu imm\u00e9diat\u00a0\u00bb entre Isra\u00ebl et l&rsquo;Iran, et la protection des civils.<\/p>\n<p class=\"lead \">\u00ab\u00a0Aujourd&rsquo;hui, r\u00e8gne la loi du plus fort au Moyen-Orient. C&rsquo;est terrifiant non seulement pour les Iraniens, les Isra\u00e9liens, c&rsquo;est terrifiant pour tous les civils de la r\u00e9gion\u00a0\u00bb, a d\u00e9clar\u00e9 \u00e0 l&rsquo;AFP Darya Djabaheri-Farsi, 25 ans, franco-iranienne, d\u00e9plorant que dans la guerre actuelle, \u00ab\u00a0les voix de la soci\u00e9t\u00e9 civile ne sont pas entendues\u00a0\u00bb.<\/p>\n<p class=\"lead \">Pour autant, cette \u00ab\u00a0fille de dissidents\u00a0\u00bb s&rsquo;est \u00e9lev\u00e9e contre la volont\u00e9 quasiment explicite d&rsquo;Isra\u00ebl d&rsquo;\u00e9liminer le guide supr\u00eame Ali Khamenei.<\/p>\n<p class=\"lead \">\u00ab\u00a0J&rsquo;aimerais qu&rsquo;on me montre dans l&rsquo;histoire de la r\u00e9gion un moment o\u00f9 un leader a \u00e9t\u00e9 assassin\u00e9 et o\u00f9 \u00e7a a d\u00e9bouch\u00e9 sur l&rsquo;av\u00e8nement d&rsquo;une d\u00e9mocratie\u00a0\u00bb, a d\u00e9clar\u00e9 Darya Djabaheri-Farsi, en d\u00e9non\u00e7ant \u00ab\u00a0le coup de poker enclench\u00e9 par (Benjamin) Netanyahu\u00a0\u00bb.<\/p>\n<p class=\"lead \">Une crainte relay\u00e9e par une autre manifestante qui brandissait une pancarte disant \u00ab\u00a0Non \u00e0 Khamenei, non \u00e0 Netanyahu, non \u00e0 Pahlavi!\u00a0\u00bb, en r\u00e9f\u00e9rence \u00e0 l&rsquo;opposant en exil Reza Pahlavi, fils du dernier shah d&rsquo;Iran, qui r\u00e9clame la chute de la R\u00e9publique islamique et entretient de bonnes relations avec Isra\u00ebl.<\/p>\n<p class=\"lead \">\u00ab\u00a0On ne veut ni Khamenei ni Netanyahu mais le grand danger c&rsquo;est que les Etats-Unis et Isra\u00ebl mettent les Pahlavi \u00e0 leur place\u00a0\u00bb, a d\u00e9clar\u00e9 cette ing\u00e9nieure de 40 ans, Azadeh, qui n&rsquo;a pas voulu donner son nom de famille.<\/p>\n<p class=\"lead \">\u00ab\u00a0On ne veut pas une t\u00eate couronn\u00e9e, on veut une d\u00e9mocratie\u00a0\u00bb, a-t-elle insist\u00e9, tout en estimant que les frappes isra\u00e9liennes pouvaient \u00eatre une \u00ab\u00a0opportunit\u00e9\u00a0\u00bb de faire tomber le pouvoir religieux actuel \u00ab\u00a0ce que veulent 100% des Iraniens, sauf ceux du r\u00e9gime\u00a0\u00bb.<\/p>\n<p class=\"lead \">\u00ab\u00a0Ce n&rsquo;est pas parce qu&rsquo;on est contre le gouvernement  iranien qu&rsquo;on doit soutenir l&rsquo;attaque isra\u00e9lienne, je ne veux pas qu&rsquo;on nous oblige \u00e0 prendre parti\u00a0\u00bb, a d\u00e9clar\u00e9 pour sa part Kian Le Gall, \u00e9tudiant fran\u00e7ais de m\u00e8re iranienne.<\/p>\n<p class=\"lead \">La guerre entre les deux grands ennemis du Moyen-Orient, d\u00e9clench\u00e9e par des frappes isra\u00e9liennes le 13 juin, a fait au moins 224 morts c\u00f4t\u00e9 iranien et 24 c\u00f4t\u00e9 isra\u00e9lien, selon des bilans officiels.<\/p>\n<p class=\"small font-weight-bold text-gray3 \"> publi\u00e9 le 19 juin \u00e0 20h46, AFP<\/p>\n<p>                             Partager<\/p>\n","protected":false},"excerpt":{"rendered":"Plusieurs dizaines de personnes se sont rassembl\u00e9es jeudi soir place du Panth\u00e9on \u00e0 Paris pour \u00ab\u00a0dire non \u00e0&hellip;\n","protected":false},"author":2,"featured_media":189837,"comment_status":"","ping_status":"","sticky":false,"template":"","format":"standard","meta":{"footnotes":""},"categories":[4],"tags":[14427,11,10268,2120,1011,27,3019,3819,2088,12,28429,25],"class_list":{"0":"post-189836","1":"post","2":"type-post","3":"status-publish","4":"format-standard","5":"has-post-thumbnail","7":"category-france","8":"tag-nergie","9":"tag-actualites","10":"tag-arme","11":"tag-conflit","12":"tag-fr","13":"tag-france","14":"tag-iran","15":"tag-isral","16":"tag-manifestation","17":"tag-news","18":"tag-nuclaire","19":"tag-republique-francaise"},"share_on_mastodon":{"url":"https:\/\/pubeurope.com\/@fr\/114713226385038074","error":""},"_links":{"self":[{"href":"https:\/\/www.europesays.com\/fr\/wp-json\/wp\/v2\/posts\/189836","targetHints":{"allow":["GET"]}}],"collection":[{"href":"https:\/\/www.europesays.com\/fr\/wp-json\/wp\/v2\/posts"}],"about":[{"href":"https:\/\/www.europesays.com\/fr\/wp-json\/wp\/v2\/types\/post"}],"author":[{"embeddable":true,"href":"https:\/\/www.europesays.com\/fr\/wp-json\/wp\/v2\/users\/2"}],"replies":[{"embeddable":true,"href":"https:\/\/www.europesays.com\/fr\/wp-json\/wp\/v2\/comments?post=189836"}],"version-history":[{"count":0,"href":"https:\/\/www.europesays.com\/fr\/wp-json\/wp\/v2\/posts\/189836\/revisions"}],"wp:featuredmedia":[{"embeddable":true,"href":"https:\/\/www.europesays.com\/fr\/wp-json\/wp\/v2\/media\/189837"}],"wp:attachment":[{"href":"https:\/\/www.europesays.com\/fr\/wp-json\/wp\/v2\/media?parent=189836"}],"wp:term":[{"taxonomy":"category","embeddable":true,"href":"https:\/\/www.europesays.com\/fr\/wp-json\/wp\/v2\/categories?post=189836"},{"taxonomy":"post_tag","embeddable":true,"href":"https:\/\/www.europesays.com\/fr\/wp-json\/wp\/v2\/tags?post=189836"}],"curies":[{"name":"wp","href":"https:\/\/api.w.org\/{rel}","templated":true}]}}