{"id":189860,"date":"2025-06-20T02:17:24","date_gmt":"2025-06-20T02:17:24","guid":{"rendered":"https:\/\/www.europesays.com\/fr\/189860\/"},"modified":"2025-06-20T02:17:24","modified_gmt":"2025-06-20T02:17:24","slug":"54-m-de-toboggan-espace-bien-etre-une-nouvelle-piscine-ouvre-pres-de-rennes","status":"publish","type":"post","link":"https:\/\/www.europesays.com\/fr\/189860\/","title":{"rendered":"54\u00a0m de toboggan, espace bien-\u00eatre\u2026 Une nouvelle piscine ouvre pr\u00e8s de Rennes"},"content":{"rendered":"<p>\u00ab C\u2019est l\u2019aboutissement d\u2019un projet intercommunal tr\u00e8s attendu par les habitants. \u00bb Devant les portes d\u2019Aquaouest, le maire de Pac\u00e9, Herv\u00e9 D\u00e9pouez, se r\u00e9jouit. Ce mercredi 2 juillet \u00e0 13 h, la nouvelle piscine ouvrira ses portes \u00e0 proximit\u00e9 d\u2019Ikea. Vingt ans se sont \u00e9coul\u00e9s entre le d\u00e9but de la r\u00e9flexion sur la construction d\u2019une piscine au Nord de Rennes et l\u2019ouverture d\u2019Aquaouest.<\/p>\n<p><img decoding=\"async\" src=\"https:\/\/www.europesays.com\/fr\/wp-content\/uploads\/2025\/06\/68542694a677118eae0da232.1.jpeg\" width=\"480\" height=\"300\" class=\"web_golden_m\" loading=\"lazy\" alt=\"Un grand toboggan de 54\u00a0m partira de l\u2019int\u00e9rieur de la piscine, circulera dehors, pour arriver \u00e0 l\u2019int\u00e9rieur de nouveau.\"\/>Un grand toboggan de 54\u00a0m partira de l\u2019int\u00e9rieur de la piscine, circulera dehors, pour arriver \u00e0 l\u2019int\u00e9rieur de nouveau. (Le T\u00e9l\u00e9gramme\/Claire Staes)<\/p>\n<p>L\u2019avortement d\u2019un premier projet sur la commune de Montgermont a consid\u00e9rablement retard\u00e9 les choses. Estimant que sa contribution \u00e9tait trop importante au regard du niveau de service esp\u00e9r\u00e9, la commune de Saint-Gr\u00e9goire avait quitt\u00e9 le regroupement de communes et d\u00e9cid\u00e9 de partir seule. Rest\u00e9es sur le carreau, les communes de L\u2019Hermitage, La Chapelle-Thouarault, Le Rheu, Montgermont, Pac\u00e9 et Saint-Gilles ont donc relanc\u00e9 un nouveau projet avec un nouveau Syndicat intercommunal \u00e0 vocation unique. Commune la plus peupl\u00e9e, Pac\u00e9 a fourni le terrain et accept\u00e9 de financer environ un tiers de la construction. \u00ab On a retenu le projet fin 2020 &#8211; d\u00e9but 2021, explique Herv\u00e9 D\u00e9pouez. Au total, 11.2 millions d\u2019euros hors taxe auront \u00e9t\u00e9 investis. Nous avons choisi le groupe Recr\u00e9a pour g\u00e9rer l\u2019\u00e9quipement. \u00bb<\/p>\n<p><img decoding=\"async\" src=\"https:\/\/www.europesays.com\/fr\/wp-content\/uploads\/2025\/06\/68542694ca5e9900cb0242b2.1.jpeg\" width=\"480\" height=\"300\" class=\"web_golden_m\" loading=\"lazy\" alt=\"Arnaud Cadic, directeur de la piscine de Pac\u00e9.\"\/>Arnaud Cadic, directeur de la piscine de Pac\u00e9. (Le T\u00e9l\u00e9gramme\/Claire Staes)<\/p>\n<p>Le r\u00e9sultat est l\u00e0. Un b\u00e2timent flambant neuf est sorti de terre, boulevard du Trieux. Tr\u00e8s lumineux, le b\u00e2timent h\u00e9berge un bassin en acier inoxydable de 25 m avec 5 couloirs de nage, un bassin de loisirs de 150 m\u00b2, une pataugeoire avec des petits jets d\u2019eau, un toboggan int\u00e9rieur\/ext\u00e9rieur de 54 m.<\/p>\n<p>\u00ab Notre c\u0153ur de m\u00e9tier, ce sera l\u2019apprentissage de la natation pour les enfants, explique Arnaud Cadic, le directeur. Notre \u00e9quipe compte 15 salari\u00e9s dont six ma\u00eetres nageurs et un chef de bassin. Quasiment tous les cr\u00e9neaux pour les scolaires ont \u00e9t\u00e9 pris d\u2019assaut. Les professeurs des \u00e9coles des six communes sont enchant\u00e9s. De m\u00eame, les cours de natation se remplissent vite. Nous avons d\u00e9j\u00e0 131 inscrits sur 160 places. Les r\u00e9servations se font par internet. \u00bb<\/p>\n<p><img decoding=\"async\" src=\"https:\/\/www.europesays.com\/fr\/wp-content\/uploads\/2025\/06\/68542694533ca56c3109ba92.1.jpeg\" width=\"480\" height=\"300\" class=\"web_golden_m\" loading=\"lazy\" alt=\"Le sauna dont la temp\u00e9rature avoisinera les 90 degr\u00e9s pourra accueillir une quinzaine de personnes.\"\/>Le sauna dont la temp\u00e9rature avoisinera les 90 degr\u00e9s pourra accueillir une quinzaine de personnes. (Le T\u00e9l\u00e9gramme\/Claire Staes)<\/p>\n<p>C\u00f4t\u00e9 d\u00e9tente, un espace baln\u00e9oth\u00e9rapie de 140 m\u00b2 donnant sur un jardin en cours d\u2019am\u00e9nagement comprend un bain bouillonnant, un sauna, un hammam et, beaucoup plus rare : une grotte de sel \u00e0 35 degr\u00e9s (lire l\u2019article, ici). Lors de ce premier \u00e9t\u00e9, le jardin, dont la pelouse n\u2019a pas encore \u00e9t\u00e9 plant\u00e9e, sera ferm\u00e9. L\u2019an prochain, les baigneurs pourront profiter du grand jardin.<\/p>\n<p>Pour permettre au public de d\u00e9couvrir l\u2019\u00e9quipement, des portes ouvertes auront lieu vendredi 27, samedi 28 et dimanche 29 juin.<\/p>\n<p><strong>Pratique<\/strong> : Tarifs pour les habitants ext\u00e9rieurs : adulte : 6,50 \u20ac, enfant : 5,50 \u20ac, pass famille (4 places) : 23 \u20ac, espace bien \u00eatre : 24 \u20ac. Tarifs pour les habitants des communes finan\u00e7ant la piscine : Adulte : 5,60 \u20ac, enfant : 4,80 \u20ac, Pass famille (4 places) : 18 \u20ac, espace bien \u00eatre : 20 \u20ac. Renseignements sur Aquaouest.fr.<\/p>\n","protected":false},"excerpt":{"rendered":"\u00ab C\u2019est l\u2019aboutissement d\u2019un projet intercommunal tr\u00e8s attendu par les habitants. \u00bb Devant les portes d\u2019Aquaouest, le maire&hellip;\n","protected":false},"author":2,"featured_media":189861,"comment_status":"","ping_status":"","sticky":false,"template":"","format":"standard","meta":{"footnotes":""},"categories":[2821],"tags":[1111,11,829,765,1777,674,1011,27,12,9569,584,25],"class_list":{"0":"post-189860","1":"post","2":"type-post","3":"status-publish","4":"format-standard","5":"has-post-thumbnail","7":"category-rennes","8":"tag-actu","9":"tag-actualites","10":"tag-bretagne","11":"tag-en-continu","12":"tag-eu","13":"tag-europe","14":"tag-fr","15":"tag-france","16":"tag-news","17":"tag-pace","18":"tag-rennes","19":"tag-republique-francaise"},"share_on_mastodon":{"url":"https:\/\/pubeurope.com\/@fr\/114713293325747285","error":""},"_links":{"self":[{"href":"https:\/\/www.europesays.com\/fr\/wp-json\/wp\/v2\/posts\/189860","targetHints":{"allow":["GET"]}}],"collection":[{"href":"https:\/\/www.europesays.com\/fr\/wp-json\/wp\/v2\/posts"}],"about":[{"href":"https:\/\/www.europesays.com\/fr\/wp-json\/wp\/v2\/types\/post"}],"author":[{"embeddable":true,"href":"https:\/\/www.europesays.com\/fr\/wp-json\/wp\/v2\/users\/2"}],"replies":[{"embeddable":true,"href":"https:\/\/www.europesays.com\/fr\/wp-json\/wp\/v2\/comments?post=189860"}],"version-history":[{"count":0,"href":"https:\/\/www.europesays.com\/fr\/wp-json\/wp\/v2\/posts\/189860\/revisions"}],"wp:featuredmedia":[{"embeddable":true,"href":"https:\/\/www.europesays.com\/fr\/wp-json\/wp\/v2\/media\/189861"}],"wp:attachment":[{"href":"https:\/\/www.europesays.com\/fr\/wp-json\/wp\/v2\/media?parent=189860"}],"wp:term":[{"taxonomy":"category","embeddable":true,"href":"https:\/\/www.europesays.com\/fr\/wp-json\/wp\/v2\/categories?post=189860"},{"taxonomy":"post_tag","embeddable":true,"href":"https:\/\/www.europesays.com\/fr\/wp-json\/wp\/v2\/tags?post=189860"}],"curies":[{"name":"wp","href":"https:\/\/api.w.org\/{rel}","templated":true}]}}