{"id":189866,"date":"2025-06-20T02:20:15","date_gmt":"2025-06-20T02:20:15","guid":{"rendered":"https:\/\/www.europesays.com\/fr\/189866\/"},"modified":"2025-06-20T02:20:15","modified_gmt":"2025-06-20T02:20:15","slug":"abattages-clandestins-quatre-membres-dune-meme-famille-condamnes-pres-de-nice","status":"publish","type":"post","link":"https:\/\/www.europesays.com\/fr\/189866\/","title":{"rendered":"Abattages clandestins: quatre membres d\u2019une m\u00eame famille condamn\u00e9s pr\u00e8s de Nice"},"content":{"rendered":"<p><strong>Quatre membres d\u2019une m\u00eame famille<\/strong> ont \u00e9t\u00e9 condamn\u00e9s le 19 mai dernier, \u00e0 l\u2019issue d\u2019une proc\u00e9dure de comparution sur reconnaissance pr\u00e9alable de culpabilit\u00e9 (CRPC), r\u00e9v\u00e9lant une organisation illicite de grande envergure active entre 2021 et 2024, indique le parquet de Nice dans un communiqu\u00e9.<\/p>\n<p>En octobre 2022, les autorit\u00e9s sanitaires d\u00e9tectent l\u2019importation suspecte, depuis l\u2019Espagne, d\u2019un<strong> troupeau d\u2019ovins, caprins et bovins.<\/strong> \u00c0 cette p\u00e9riode, l\u2019Espagne faisait face \u00e0 une situation sanitaire pr\u00e9occupante, incitant les services de l\u2019\u00c9tat \u00e0 une vigilance accrue. Rapidement, les premi\u00e8res v\u00e9rifications sur l\u2019exploitation r\u00e9v\u00e8lent de nombreuses irr\u00e9gularit\u00e9s. Notamment, des animaux non identifi\u00e9s, des ventes opaques et une absence de tra\u00e7abilit\u00e9.<\/p>\n<p><strong>Un risque pour la sant\u00e9 publique et mauvais traitement<\/strong><\/p>\n<p>Une enqu\u00eate judiciaire avait \u00e9t\u00e9 ouverte en avril 2023, men\u00e9e par la brigade de recherches de la gendarmerie de Nice avec le soutien de la brigade nationale d\u2019enqu\u00eates v\u00e9t\u00e9rinaires et phytosanitaires.<\/p>\n<p>Elle a permis de mettre au jour une organisation familiale impliqu\u00e9e dans l\u2019abattage ill\u00e9gal de plusieurs centaines d\u2019animaux \u2013 bovins, caprins, et porcins \u2013 dans des conditions \u00e9chappant \u00e0 toute r\u00e9glementation sanitaire. La viande commercialis\u00e9e repr\u00e9sentait un risque s\u00e9rieux pour la sant\u00e9 publique, tandis que des mauvais traitements \u00e9taient inflig\u00e9s aux animaux en raison de l\u2019absence d\u2019infrastructures conformes.<\/p>\n<p><strong>Des carcasses dissimul\u00e9es<\/strong><\/p>\n<p>Lors des perquisitions, des dizaines d\u2019animaux encore vivants sont saisies, tandis que des carcasses sont retrouv\u00e9es enterr\u00e9es et calcin\u00e9es, exposant les nappes phr\u00e9atiques \u00e0 la pollution. Tandis qu\u2019une enqu\u00eate financi\u00e8re r\u00e9v\u00e9lera un important syst\u00e8me de travail dissimul\u00e9 avec des revenus non d\u00e9clar\u00e9s estim\u00e9s \u00e0 plusieurs centaines de milliers d\u2019euros par an.<\/p>\n<p>L\u2019exploitant agricole a \u00e9t\u00e9 condamn\u00e9 \u00e0 18 mois de prison, dont <strong>6 mois ferme<\/strong> sous bracelet \u00e9lectronique, \u00e0 <strong>1.500 euros d\u2019amende<\/strong>, ainsi qu\u2019\u00e0 la <strong>confiscation de 97.000 euros et<\/strong> de ses animaux, confi\u00e9s \u00e0 l\u2019OABA (\u0153uvre d\u2019assistance aux b\u00eates d\u2019abattoirs). Les trois autres membres de sa famille, ses deux fils, ainsi que son fr\u00e8re, \u00e9copent chacun de 18 mois avec sursis et de 5.000 euros d\u2019amende.<\/p>\n<p><strong>\u00ab\u00a0Une pr\u00e9sentation caricaturale\u00a0\u00bb<\/strong><\/p>\n<p>\u00ab\u00a0Mes clients ont beaucoup souffert de la pr\u00e9sentation caricaturale qui a pu \u00eatre faite initialement, tant de leur exploitation familiale, que de leur pratique professionnelle\u00a0\u00bb, d\u00e9plore Me Mathurin Lauze. Il ajoute: \u00ab\u00a0Le travail du dossier a permis de relativiser grandement les faits qui leur \u00e9taient reproch\u00e9s et, dans ce contexte, d\u2019orienter cette affaire vers une CRPC\u00a0\u00bb. Le conseil se dit satisfait des peines prononc\u00e9es, notamment concernant l\u2019absence d\u2019interdiction professionnelle.<\/p>\n<p>Ce que regrette a contrario Me Adrien Verrier, avocat de l\u2019OABA, qui rappelle que l\u2019exploitant agricole a d\u00e9j\u00e0 \u00e9t\u00e9 condamn\u00e9 dans le pass\u00e9 pour des faits de m\u00eame nature et peine, aujourd\u2019hui encore, \u00e0 comprendre cette orientation judiciaire.<\/p>\n","protected":false},"excerpt":{"rendered":"Quatre membres d\u2019une m\u00eame famille ont \u00e9t\u00e9 condamn\u00e9s le 19 mai dernier, \u00e0 l\u2019issue d\u2019une proc\u00e9dure de comparution&hellip;\n","protected":false},"author":2,"featured_media":189867,"comment_status":"","ping_status":"","sticky":false,"template":"","format":"standard","meta":{"footnotes":""},"categories":[2819],"tags":[1111,11,1777,674,1011,27,303,12,2401,882,25],"class_list":{"0":"post-189866","1":"post","2":"type-post","3":"status-publish","4":"format-standard","5":"has-post-thumbnail","7":"category-nice","8":"tag-actu","9":"tag-actualites","10":"tag-eu","11":"tag-europe","12":"tag-fr","13":"tag-france","14":"tag-justice","15":"tag-news","16":"tag-nice","17":"tag-provence-alpes-cote-dazur","18":"tag-republique-francaise"},"share_on_mastodon":{"url":"https:\/\/pubeurope.com\/@fr\/114713305125972343","error":""},"_links":{"self":[{"href":"https:\/\/www.europesays.com\/fr\/wp-json\/wp\/v2\/posts\/189866","targetHints":{"allow":["GET"]}}],"collection":[{"href":"https:\/\/www.europesays.com\/fr\/wp-json\/wp\/v2\/posts"}],"about":[{"href":"https:\/\/www.europesays.com\/fr\/wp-json\/wp\/v2\/types\/post"}],"author":[{"embeddable":true,"href":"https:\/\/www.europesays.com\/fr\/wp-json\/wp\/v2\/users\/2"}],"replies":[{"embeddable":true,"href":"https:\/\/www.europesays.com\/fr\/wp-json\/wp\/v2\/comments?post=189866"}],"version-history":[{"count":0,"href":"https:\/\/www.europesays.com\/fr\/wp-json\/wp\/v2\/posts\/189866\/revisions"}],"wp:featuredmedia":[{"embeddable":true,"href":"https:\/\/www.europesays.com\/fr\/wp-json\/wp\/v2\/media\/189867"}],"wp:attachment":[{"href":"https:\/\/www.europesays.com\/fr\/wp-json\/wp\/v2\/media?parent=189866"}],"wp:term":[{"taxonomy":"category","embeddable":true,"href":"https:\/\/www.europesays.com\/fr\/wp-json\/wp\/v2\/categories?post=189866"},{"taxonomy":"post_tag","embeddable":true,"href":"https:\/\/www.europesays.com\/fr\/wp-json\/wp\/v2\/tags?post=189866"}],"curies":[{"name":"wp","href":"https:\/\/api.w.org\/{rel}","templated":true}]}}