{"id":189868,"date":"2025-06-20T02:21:23","date_gmt":"2025-06-20T02:21:23","guid":{"rendered":"https:\/\/www.europesays.com\/fr\/189868\/"},"modified":"2025-06-20T02:21:23","modified_gmt":"2025-06-20T02:21:23","slug":"pres-de-nice-14-hectares-de-vegetation-brules-apres-lincendie-dun-vehicule","status":"publish","type":"post","link":"https:\/\/www.europesays.com\/fr\/189868\/","title":{"rendered":"Pr\u00e8s de Nice, 14 hectares de v\u00e9g\u00e9tation br\u00fbl\u00e9s apr\u00e8s l\u2019incendie d\u2019un v\u00e9hicule"},"content":{"rendered":"<p>Des moyens a\u00e9riens ont d\u00fb \u00eatre engag\u00e9s pour limiter la propagation de ce feu de broussailles survenu mercredi en fin d\u2019apr\u00e8s-midi dans la commune de La Trinit\u00e9.<\/p>\n<p class=\"fig-paragraph\">Un\u00a0<a href=\"http:\/\/www.lefigaro.fr\/nice\/feux-de-foret-dans-les-alpes-maritimes-on-n-est-pas-a-l-abri-que-les-incendies-nous-echappent-20230316\" data-fig-type=\"Article\" data-gtm-custom-categorie=\"navigation\" data-gtm-custom-action=\"crossclick\" data-gtm-custom-label=\"Contextuel\" data-gtm-event=\"customEventSPE\" data-fig-domain=\"LEFIGARO\" rel=\"nofollow noopener\" target=\"_blank\">feu de v\u00e9g\u00e9tation<\/a>\u00a0s\u2019est d\u00e9clar\u00e9 mercredi apr\u00e8s-midi \u00e0 La Trinit\u00e9, pr\u00e8s de Nice (Alpes-Maritimes), cons\u00e9cutif \u00e0 l\u2019incendie d\u2019un v\u00e9hicule arr\u00eat\u00e9 sur le bord d\u2019une route. Pr\u00e8s de 14 hectares de broussailles et d\u2019arbustes ont \u00e9t\u00e9 br\u00fbl\u00e9s dans un secteur \u00abtr\u00e8s difficile d\u2019acc\u00e8s\u00bb, a pr\u00e9cis\u00e9 le service d\u00e9partemental d\u2019incendie et de secours. Pr\u00e8s de 150 pompiers avec 40 engins ainsi que des moyens a\u00e9riens ont \u00e9t\u00e9 mobilis\u00e9s jusque dans la soir\u00e9e pour limiter la propagation de ce premier feu important de la saison chaude.<\/p>\n<p class=\"fig-paragraph\">Quatre\u00a0<a href=\"http:\/\/www.lefigaro.fr\/actualite-france\/nous-avons-de-la-chance-de-ne-pas-connaitre-la-situation-de-2022-en-panne-de-canadair-la-france-attend-febrilement-ses-nouveaux-avions-20240826\" data-fig-type=\"Article\" data-gtm-custom-categorie=\"navigation\" data-gtm-custom-action=\"crossclick\" data-gtm-custom-label=\"Contextuel\" data-gtm-event=\"customEventSPE\" data-fig-domain=\"LEFIGARO\" rel=\"nofollow noopener\" target=\"_blank\">Canadairs<\/a>\u00a0et un avion Dash de la s\u00e9curit\u00e9 civile ont effectu\u00e9 une trentaine de largages, aid\u00e9s par un autre avion de coordination des moyens a\u00e9riens et de l\u2019h\u00e9licopt\u00e8re de commandement Dragon 06. \u00abUn appui crucial\u00bb, ont expliqu\u00e9 les secours apr\u00e8s avoir r\u00e9ussi \u00e0 fixer le feu vers 21 heures. Huit personnes ont \u00e9t\u00e9 \u00e9vacu\u00e9es par pr\u00e9caution et une habitation a \u00e9t\u00e9 prot\u00e9g\u00e9e, mais ce feu n\u2019a fait aucune victime.<\/p>\n<p>    Une trentaine de largages ont \u00e9t\u00e9 effectu\u00e9s pour aider la centaine de sapeurs-pompiers au sol.<br \/>\n                Christophe Sartor \/ Sdis 06<\/p>\n<p class=\"fig-paragraph\">Une surveillance a \u00e9t\u00e9 maintenue toute la nuit pour \u00e9viter une reprise du feu dans la v\u00e9g\u00e9tation. Plusieurs fumerolles ont \u00e9t\u00e9 trait\u00e9es, alors que les temp\u00e9ratures d\u00e9passent actuellement les 20 degr\u00e9s la nuit mais que le vent est faible. \u00abCe matin, un long travail de traitement des lisi\u00e8res va se mettre en place afin de stabiliser d\u00e9finitivement la situation\u00bb, ont indiqu\u00e9 les sapeurs-pompiers, jeudi, \u00e9voquant d\u00e9sormais une \u00absituation calme\u00bb.<\/p>\n<p class=\"fig-paragraph\">Ils appellent encore \u00e0 limiter les d\u00e9placements dans ce secteur jusqu\u2019\u00e0 la fin de l\u2019intervention puisque une cinquantaine de soldats du feu sont encore sur place. Un drone survole aussi la zone pour s\u2019assurer qu\u2019il ne reste aucun point chaud.<\/p>\n<p class=\"fig-paragraph\">L\u2019origine de l\u2019incendie du v\u00e9hicule au bord de la route n\u2019est \u00e0 ce stade pas connue. La camionnette de type utilitaire s\u2019est compl\u00e8tement embras\u00e9e avant que les flammes ne se propagent \u00e0 la v\u00e9g\u00e9tation mitoyenne ayant provoqu\u00e9 ce feu d\u2019une dizaine d\u2019hectares.<\/p>\n","protected":false},"excerpt":{"rendered":"Des moyens a\u00e9riens ont d\u00fb \u00eatre engag\u00e9s pour limiter la propagation de ce feu de broussailles survenu mercredi&hellip;\n","protected":false},"author":2,"featured_media":189869,"comment_status":"","ping_status":"","sticky":false,"template":"","format":"standard","meta":{"footnotes":""},"categories":[2819],"tags":[1111,11,2898,2829,2971,2972,2973,2974,1777,674,2975,27571,1011,27,1310,2969,2970,2987,2980,12,2401,2897,2976,2977,2978,2985,2986,2979,2981,2982,2983,2984,2991,2992,2993,2994,2996,2997,2998,2999,3000,3001,3002,2995,3003,3004,3005,3007,2268,1311,882,25,2988,2989,2990,2968,3006],"class_list":{"0":"post-189868","1":"post","2":"type-post","3":"status-publish","4":"format-standard","5":"has-post-thumbnail","7":"category-nice","8":"tag-actu","9":"tag-actualites","10":"tag-alpes-maritimes","11":"tag-baumettes","12":"tag-carabacel","13":"tag-caucade","14":"tag-cimiez","15":"tag-cremat","16":"tag-eu","17":"tag-europe","18":"tag-fabron","19":"tag-feux-de-foret","20":"tag-fr","21":"tag-france","22":"tag-incendie","23":"tag-larenas","24":"tag-lariane","25":"tag-le-ray","26":"tag-lingostiere","27":"tag-news","28":"tag-nice","29":"tag-nice-cote-dazur","30":"tag-nice-gairaut","31":"tag-nice-gambetta","32":"tag-nice-jean-medecin","33":"tag-nice-le-piol","34":"tag-nice-le-port","35":"tag-nice-liberation","36":"tag-nice-magnan","37":"tag-nice-mantega-mont-boron","38":"tag-nice-pasteur","39":"tag-nice-pessicart","40":"tag-nice-rue-de-france","41":"tag-nice-saint-antoine","42":"tag-nice-saint-augustin","43":"tag-nice-saint-isidore","44":"tag-nice-saint-maurice","45":"tag-nice-saint-pancrace","46":"tag-nice-saint-philippe","47":"tag-nice-saint-pierre-de-feric","48":"tag-nice-saint-roch","49":"tag-nice-saint-roman-de-bellet","50":"tag-nice-saint-sylvestre","51":"tag-nice-sainte-marguerite","52":"tag-nice-thiers","53":"tag-nice-ventabrun","54":"tag-nice-vernier","55":"tag-nice-vinaigrier","56":"tag-ogc-nice","57":"tag-pompiers","58":"tag-provence-alpes-cote-dazur","59":"tag-republique-francaise","60":"tag-rimiez","61":"tag-riquier","62":"tag-roquebilliere","63":"tag-sud-est","64":"tag-vieux-nice"},"share_on_mastodon":{"url":"","error":"Validation failed: Text character limit of 500 exceeded"},"_links":{"self":[{"href":"https:\/\/www.europesays.com\/fr\/wp-json\/wp\/v2\/posts\/189868","targetHints":{"allow":["GET"]}}],"collection":[{"href":"https:\/\/www.europesays.com\/fr\/wp-json\/wp\/v2\/posts"}],"about":[{"href":"https:\/\/www.europesays.com\/fr\/wp-json\/wp\/v2\/types\/post"}],"author":[{"embeddable":true,"href":"https:\/\/www.europesays.com\/fr\/wp-json\/wp\/v2\/users\/2"}],"replies":[{"embeddable":true,"href":"https:\/\/www.europesays.com\/fr\/wp-json\/wp\/v2\/comments?post=189868"}],"version-history":[{"count":0,"href":"https:\/\/www.europesays.com\/fr\/wp-json\/wp\/v2\/posts\/189868\/revisions"}],"wp:featuredmedia":[{"embeddable":true,"href":"https:\/\/www.europesays.com\/fr\/wp-json\/wp\/v2\/media\/189869"}],"wp:attachment":[{"href":"https:\/\/www.europesays.com\/fr\/wp-json\/wp\/v2\/media?parent=189868"}],"wp:term":[{"taxonomy":"category","embeddable":true,"href":"https:\/\/www.europesays.com\/fr\/wp-json\/wp\/v2\/categories?post=189868"},{"taxonomy":"post_tag","embeddable":true,"href":"https:\/\/www.europesays.com\/fr\/wp-json\/wp\/v2\/tags?post=189868"}],"curies":[{"name":"wp","href":"https:\/\/api.w.org\/{rel}","templated":true}]}}