{"id":189886,"date":"2025-06-20T02:36:15","date_gmt":"2025-06-20T02:36:15","guid":{"rendered":"https:\/\/www.europesays.com\/fr\/189886\/"},"modified":"2025-06-20T02:36:15","modified_gmt":"2025-06-20T02:36:15","slug":"un-vehicule-en-panne-provoque-un-bouchon-important-sur-la50-a-la-penne-sur-huveaune-en-direction-de-marseille","status":"publish","type":"post","link":"https:\/\/www.europesays.com\/fr\/189886\/","title":{"rendered":"un v\u00e9hicule en panne provoque un bouchon important sur l&rsquo;A50 \u00e0 la Penne-sur-Huveaune en direction de Marseille"},"content":{"rendered":"<p>Comme quoi parfois il suffit de pas grand-chose : un v\u00e9hicule en panne dans le secteur de la Penne-sur-Huveaune, provoque un bouchon important \u00e0 l&rsquo;entr\u00e9e de la ville de Marseille, avertit la Direction interd\u00e9partementale des routes de M\u00e9diterran\u00e9e (Dirmed). La retenue remonte jusqu&rsquo;\u00e0 Aubagne et d\u00e9borde m\u00eame sur l&rsquo;A502, en provenance de La Ciotat.<\/p>\n<p>Il faut dire que cette voiture occupe une voie de circulation qui est logiquement condamn\u00e9e au trafic des autres v\u00e9hicules. Et l&rsquo;heure de tomber en rade est bien mal choisie puisque l&rsquo;heure de pointe est en approche, commence m\u00eame dans ce secteur qu&rsquo;il est conseill\u00e9 d&rsquo;\u00e9viter. D\u2019autant plus que les voies secondaires ne semblent pas encore encombr\u00e9es.<\/p>\n<p>L&rsquo;A501, en provenance de Roquevaire commence aussi \u00e0 \u00eatre satur\u00e9e.<\/p>\n","protected":false},"excerpt":{"rendered":"Comme quoi parfois il suffit de pas grand-chose : un v\u00e9hicule en panne dans le secteur de la&hellip;\n","protected":false},"author":2,"featured_media":189887,"comment_status":"","ping_status":"","sticky":false,"template":"","format":"standard","meta":{"footnotes":""},"categories":[2814],"tags":[17,1111,11,4899,1777,674,1011,27,12699,1922,884,12,10899,882,7481,16,25,1097,12109],"class_list":{"0":"post-189886","1":"post","2":"type-post","3":"status-publish","4":"format-standard","5":"has-post-thumbnail","7":"category-marseille","8":"tag-17","9":"tag-actu","10":"tag-actualites","11":"tag-bouchon","12":"tag-eu","13":"tag-europe","14":"tag-fr","15":"tag-france","16":"tag-important","17":"tag-info","18":"tag-marseille","19":"tag-news","20":"tag-panne","21":"tag-provence-alpes-cote-dazur","22":"tag-provoque","23":"tag-region","24":"tag-republique-francaise","25":"tag-trafic","26":"tag-vehicule"},"share_on_mastodon":{"url":"https:\/\/pubeurope.com\/@fr\/114713367939016631","error":""},"_links":{"self":[{"href":"https:\/\/www.europesays.com\/fr\/wp-json\/wp\/v2\/posts\/189886","targetHints":{"allow":["GET"]}}],"collection":[{"href":"https:\/\/www.europesays.com\/fr\/wp-json\/wp\/v2\/posts"}],"about":[{"href":"https:\/\/www.europesays.com\/fr\/wp-json\/wp\/v2\/types\/post"}],"author":[{"embeddable":true,"href":"https:\/\/www.europesays.com\/fr\/wp-json\/wp\/v2\/users\/2"}],"replies":[{"embeddable":true,"href":"https:\/\/www.europesays.com\/fr\/wp-json\/wp\/v2\/comments?post=189886"}],"version-history":[{"count":0,"href":"https:\/\/www.europesays.com\/fr\/wp-json\/wp\/v2\/posts\/189886\/revisions"}],"wp:featuredmedia":[{"embeddable":true,"href":"https:\/\/www.europesays.com\/fr\/wp-json\/wp\/v2\/media\/189887"}],"wp:attachment":[{"href":"https:\/\/www.europesays.com\/fr\/wp-json\/wp\/v2\/media?parent=189886"}],"wp:term":[{"taxonomy":"category","embeddable":true,"href":"https:\/\/www.europesays.com\/fr\/wp-json\/wp\/v2\/categories?post=189886"},{"taxonomy":"post_tag","embeddable":true,"href":"https:\/\/www.europesays.com\/fr\/wp-json\/wp\/v2\/tags?post=189886"}],"curies":[{"name":"wp","href":"https:\/\/api.w.org\/{rel}","templated":true}]}}