{"id":189890,"date":"2025-06-20T02:38:16","date_gmt":"2025-06-20T02:38:16","guid":{"rendered":"https:\/\/www.europesays.com\/fr\/189890\/"},"modified":"2025-06-20T02:38:16","modified_gmt":"2025-06-20T02:38:16","slug":"metropole-de-lyon-electricite-gaz-dans-cette-station-au-bord-de-la-m6-a-dardilly-vous-trouverez-tout-sauf-de-lessence","status":"publish","type":"post","link":"https:\/\/www.europesays.com\/fr\/189890\/","title":{"rendered":"M\u00e9tropole de Lyon. Electricit\u00e9, gaz\u2026. Dans cette station au bord de la M6 \u00e0 Dardilly, vous trouverez tout sauf de l\u2019essence"},"content":{"rendered":"<p>Faute de repreneur, depuis le 12\u00a0novembre 2015, la station-service Agip situ\u00e9e sur l\u2019aire de Dardilly, en bordure de la voie rapide M6 (ex-autoroute A6) au nord de Lyon \u00e9tait ferm\u00e9e. Apr\u00e8s 10 ans d\u2019inactivit\u00e9, elle reprend enfin vie avec Engie, gagnant de l\u2019appel d\u2019offres de la M\u00e9tropole de Lyon. \u00ab\u00a0Un site pertinent et accessible. La voiture reste essentielle pour beaucoup\u00a0\u00bb, a soulign\u00e9 Rose-France Fournillon, maire de Dardilly.<\/p>\n<p><a href=\"https:\/\/www.leprogres.fr\/transport\/2024\/09\/27\/biognc-electrique-cette-station-service-du-futur-sera-livree-debut-2025\" target=\"_blank\" rel=\"noopener\">Une station nouvelle g\u00e9n\u00e9ration<\/a> qui s\u2019inscrit dans le d\u00e9ploiement progressif d\u2019un nouveau r\u00e9seau m\u00e9tropolitain combinant bioGNV et recharge&#8230;<\/p>\n","protected":false},"excerpt":{"rendered":"Faute de repreneur, depuis le 12\u00a0novembre 2015, la station-service Agip situ\u00e9e sur l\u2019aire de Dardilly, en bordure de&hellip;\n","protected":false},"author":2,"featured_media":189007,"comment_status":"","ping_status":"","sticky":false,"template":"","format":"standard","meta":{"footnotes":""},"categories":[1889],"tags":[1111,11,2430,4406,29359,33,3153,893,1777,674,107,1011,27,2428,12,25,2429,20284,2803],"class_list":{"0":"post-189890","1":"post","2":"type-post","3":"status-publish","4":"format-standard","5":"has-post-thumbnail","7":"category-lyon","8":"tag-actu","9":"tag-actualites","10":"tag-auvergne-rhone-alpes","11":"tag-commerce-et-services","12":"tag-dardilly","13":"tag-economie","14":"tag-edition-ouest-lyonnais","15":"tag-energie","16":"tag-eu","17":"tag-europe","18":"tag-fil-info","19":"tag-fr","20":"tag-france","21":"tag-lyon","22":"tag-news","23":"tag-republique-francaise","24":"tag-rhone","25":"tag-tassin-la-demi-lune-bassin","26":"tag-transport"},"share_on_mastodon":{"url":"https:\/\/pubeurope.com\/@fr\/114713375759625096","error":""},"_links":{"self":[{"href":"https:\/\/www.europesays.com\/fr\/wp-json\/wp\/v2\/posts\/189890","targetHints":{"allow":["GET"]}}],"collection":[{"href":"https:\/\/www.europesays.com\/fr\/wp-json\/wp\/v2\/posts"}],"about":[{"href":"https:\/\/www.europesays.com\/fr\/wp-json\/wp\/v2\/types\/post"}],"author":[{"embeddable":true,"href":"https:\/\/www.europesays.com\/fr\/wp-json\/wp\/v2\/users\/2"}],"replies":[{"embeddable":true,"href":"https:\/\/www.europesays.com\/fr\/wp-json\/wp\/v2\/comments?post=189890"}],"version-history":[{"count":0,"href":"https:\/\/www.europesays.com\/fr\/wp-json\/wp\/v2\/posts\/189890\/revisions"}],"wp:featuredmedia":[{"embeddable":true,"href":"https:\/\/www.europesays.com\/fr\/wp-json\/wp\/v2\/media\/189007"}],"wp:attachment":[{"href":"https:\/\/www.europesays.com\/fr\/wp-json\/wp\/v2\/media?parent=189890"}],"wp:term":[{"taxonomy":"category","embeddable":true,"href":"https:\/\/www.europesays.com\/fr\/wp-json\/wp\/v2\/categories?post=189890"},{"taxonomy":"post_tag","embeddable":true,"href":"https:\/\/www.europesays.com\/fr\/wp-json\/wp\/v2\/tags?post=189890"}],"curies":[{"name":"wp","href":"https:\/\/api.w.org\/{rel}","templated":true}]}}