{"id":189897,"date":"2025-06-20T02:42:34","date_gmt":"2025-06-20T02:42:34","guid":{"rendered":"https:\/\/www.europesays.com\/fr\/189897\/"},"modified":"2025-06-20T02:42:34","modified_gmt":"2025-06-20T02:42:34","slug":"poissy-saint-germain-en-laye-lhopital-prive-de-reseau-informatique","status":"publish","type":"post","link":"https:\/\/www.europesays.com\/fr\/189897\/","title":{"rendered":"Poissy &#8211; Saint-Germain-en-Laye\u00a0: l\u2019h\u00f4pital priv\u00e9 de r\u00e9seau informatique"},"content":{"rendered":"<p class=\"paragraph text_align_left lp-f-body-02\">Depuis 5\u00a0heures ce jeudi 19\u00a0juin,<a href=\"https:\/\/www.leparisien.fr\/yvelines-78\/poissy-78300\/poissy-une-modernisation-a-70-meur-pour-l-hopital-06-11-2017-7376607.php\" target=\"_self\" rel=\"nofollow noopener\"> le centre hospitalier intercommunal de Poissy &#8211; Saint-Germain-en-Laye<\/a> (Chips) est touch\u00e9 par une coupure de son r\u00e9seau informatique.<\/p>\n<p class=\"paragraph text_align_left lp-f-body-02\">Compte tenu de l\u2019impact sur l\u2019activit\u00e9 hospitali\u00e8re, la direction du site a imm\u00e9diatement d\u00e9clench\u00e9 la cellule de crise.<\/p>\n<p class=\"paragraph text_align_left lp-f-body-02\">Selon les \u00e9l\u00e9ments recueillis sur place, l\u2019origine de la panne serait accidentelle et cons\u00e9cutive \u00e0 des travaux r\u00e9alis\u00e9s \u00e0 proximit\u00e9 dans la nuit de mercredi \u00e0 jeudi. Des fibres du r\u00e9seau hospitalier auraient \u00e9t\u00e9 sectionn\u00e9es.<\/p>\n<p>L\u2019activit\u00e9 du bloc op\u00e9ratoire maintenue\u2026<\/p>\n<p class=\"paragraph text_align_left lp-f-body-02\">Rappelons que le site, qui fait partie du groupement hospitalier de territoire des Yvelines Nord, abrite une unit\u00e9 d\u2019hospitalisation en psychiatrie et que tout le reste de son activit\u00e9 est r\u00e9alis\u00e9 en ambulatoire. Il couvre un bassin de sant\u00e9 de 600\u00a0000 habitants et accueille plus de 200\u00a0000 patients par an.<\/p>\n<p class=\"paragraph text_align_left lp-f-body-02\">La direction fait savoir dans un communiqu\u00e9 que \u00ab\u00a0les lignes t\u00e9l\u00e9phoniques et les applications informatiques sont inaccessibles depuis les postes fixes\u00a0\u00bb. Mais des r\u00e9seaux de secours ont \u00e9t\u00e9 mis \u00e0 disposition des \u00e9quipes soignantes qui ont adapt\u00e9 leurs modes de fonctionnement.<\/p>\n<p class=\"paragraph text_align_left lp-f-body-02\">L\u2019ensemble des consultations de m\u00e9decine, de chirurgie et d\u2019obst\u00e9trique ont \u00e9t\u00e9 maintenues ainsi que l\u2019activit\u00e9 du bloc op\u00e9ratoire et de l\u2019unit\u00e9 de st\u00e9rilisation centrale du CHIPS.<\/p>\n<p>\u2026 mais pas d\u2019examens d\u2019imagerie<\/p>\n<p class=\"paragraph text_align_left lp-f-body-02\">En revanche, les examens d\u2019imagerie (scanner, IRM, \u00e9chographie, radiologie) et les s\u00e9ances de radioth\u00e9rapie ont d\u00fb \u00eatre annul\u00e9s en urgence et sont reprogramm\u00e9s avec les patients.<\/p>\n<p class=\"paragraph text_align_left lp-f-body-02\">L\u2019op\u00e9rateur des r\u00e9seaux du Chips et l\u2019entreprise ext\u00e9rieure responsable du chantier de travaux sont mobilis\u00e9s pour r\u00e9tablir au plus vite le r\u00e9seau.<\/p>\n<p class=\"paragraph text_align_left lp-f-body-02\">En 2017, le site avait b\u00e9n\u00e9fici\u00e9 d\u2019un plan de modernisation de 71\u00a0millions d\u2019euros, avec notamment la construction d\u2019<a href=\"https:\/\/www.leparisien.fr\/yvelines-78\/yvelines-le-batiment-ultramoderne-de-l-hopital-de-poissy-ouvre-ses-portes-06-12-2020-8412756.php\" target=\"_self\" rel=\"nofollow noopener\">un nouveau p\u00f4le de 5 \u00e9tages<\/a> pouvant accueillir 234 patients.<\/p>\n<p class=\"paragraph text_align_left lp-f-body-02\">Ce jeudi soir, la direction du centre hospitalier \u00ab\u00a0remercie les professionnels pour leur mobilisation face \u00e0 cette situation et tous les patients pour leur compr\u00e9hension\u00a0\u00bb. \u00c0 18\u00a0heures, le d\u00e9lai de retour \u00e0 la normale n\u2019\u00e9tait pas encore connu.<\/p>\n","protected":false},"excerpt":{"rendered":"Depuis 5\u00a0heures ce jeudi 19\u00a0juin, le centre hospitalier intercommunal de Poissy &#8211; Saint-Germain-en-Laye (Chips) est touch\u00e9 par une&hellip;\n","protected":false},"author":2,"featured_media":189898,"comment_status":"","ping_status":"","sticky":false,"template":"","format":"standard","meta":{"footnotes":""},"categories":[1888],"tags":[1111,1928,11,1927,1777,674,1011,27,1944,12,1926,626,1925,25,104,1938],"class_list":{"0":"post-189897","1":"post","2":"type-post","3":"status-publish","4":"format-standard","5":"has-post-thumbnail","7":"category-paris","8":"tag-actu","9":"tag-actu-paris","10":"tag-actualites","11":"tag-actualites-paris","12":"tag-eu","13":"tag-europe","14":"tag-fr","15":"tag-france","16":"tag-ma-ville","17":"tag-news","18":"tag-news-paris","19":"tag-paris","20":"tag-paris-news","21":"tag-republique-francaise","22":"tag-societe","23":"tag-yvelines"},"share_on_mastodon":{"url":"https:\/\/pubeurope.com\/@fr\/114713391496238349","error":""},"_links":{"self":[{"href":"https:\/\/www.europesays.com\/fr\/wp-json\/wp\/v2\/posts\/189897","targetHints":{"allow":["GET"]}}],"collection":[{"href":"https:\/\/www.europesays.com\/fr\/wp-json\/wp\/v2\/posts"}],"about":[{"href":"https:\/\/www.europesays.com\/fr\/wp-json\/wp\/v2\/types\/post"}],"author":[{"embeddable":true,"href":"https:\/\/www.europesays.com\/fr\/wp-json\/wp\/v2\/users\/2"}],"replies":[{"embeddable":true,"href":"https:\/\/www.europesays.com\/fr\/wp-json\/wp\/v2\/comments?post=189897"}],"version-history":[{"count":0,"href":"https:\/\/www.europesays.com\/fr\/wp-json\/wp\/v2\/posts\/189897\/revisions"}],"wp:featuredmedia":[{"embeddable":true,"href":"https:\/\/www.europesays.com\/fr\/wp-json\/wp\/v2\/media\/189898"}],"wp:attachment":[{"href":"https:\/\/www.europesays.com\/fr\/wp-json\/wp\/v2\/media?parent=189897"}],"wp:term":[{"taxonomy":"category","embeddable":true,"href":"https:\/\/www.europesays.com\/fr\/wp-json\/wp\/v2\/categories?post=189897"},{"taxonomy":"post_tag","embeddable":true,"href":"https:\/\/www.europesays.com\/fr\/wp-json\/wp\/v2\/tags?post=189897"}],"curies":[{"name":"wp","href":"https:\/\/api.w.org\/{rel}","templated":true}]}}