{"id":189899,"date":"2025-06-20T02:43:17","date_gmt":"2025-06-20T02:43:17","guid":{"rendered":"https:\/\/www.europesays.com\/fr\/189899\/"},"modified":"2025-06-20T02:43:17","modified_gmt":"2025-06-20T02:43:17","slug":"un-marche-en-berne-jusqua-quand","status":"publish","type":"post","link":"https:\/\/www.europesays.com\/fr\/189899\/","title":{"rendered":"un march\u00e9 en berne jusqu\u2019\u00e0 quand\u00a0?"},"content":{"rendered":"<p data-module=\"fig-standfirst\" data-context=\"@media (min-width:48em)\"><strong>D\u00c9CRYPTAGE &#8211; <\/strong>Alors que le contexte g\u00e9opolitique et \u00e9conomique reste difficile et que le march\u00e9 de l\u2019art contemporain est \u00e0 bout de souffle depuis 2023, la foire d\u2019Art Basel, \u00e0 B\u00e2le, montre des signes positifs.<\/p>\n<p class=\"fig-paragraph fig-paragraph--dropped\">Pour mesurer l\u2019impact de la crise, le march\u00e9 de l\u2019art veut des signaux.\u00a0<a href=\"https:\/\/www.lefigaro.fr\/arts-expositions\/a-bale-art-basel-mene-toujours-la-danse-20240614\" target=\"_blank\" data-fig-type=\"Article\" rel=\"noopener\" data-gtm-custom-categorie=\"navigation\" data-gtm-custom-action=\"crossclick\" data-gtm-custom-label=\"Contextuel\" data-gtm-event=\"customEventSPE\" data-fig-domain=\"LEFIGARO\">Art Basel<\/a>, l\u2019ind\u00e9tr\u00f4nable foire b\u00e2loise d\u2019art moderne et contemporain, qui f\u00eate son 55e\u00a0anniversaire sur le Rhin, est un indicateur pass\u00e9 au crible. La num\u00e9ro un de la puissante marque suisse,\u00a0<a href=\"http:\/\/www.lefigaro.fr\/culture\/art-basel-lance-une-foire-d-art-moderne-et-contemporain-a-doha-20250520\" target=\"_blank\" data-fig-type=\"Article\" rel=\"noopener\" data-gtm-custom-categorie=\"navigation\" data-gtm-custom-action=\"crossclick\" data-gtm-custom-label=\"Contextuel\" data-gtm-event=\"customEventSPE\" data-fig-domain=\"LEFIGARO\">qui vient de faire entrer\u00a0le Qatar dans son circuit mondial<\/a>\u00a0(investissement cons\u00e9quent du \u00ab\u00a0Lounge VIP\u00a0\u00bb avec un pr\u00eat orientaliste du\u00a0<a href=\"http:\/\/www.lefigaro.fr\/arts-expositions\/christian-krohg-maitre-d-edvard-munch-s-exporte-pour-la-premiere-fois-au-musee-d-orsay-20250409\" target=\"_blank\" data-fig-type=\"Article\" rel=\"noopener\" data-gtm-custom-categorie=\"navigation\" data-gtm-custom-action=\"crossclick\" data-gtm-custom-label=\"Contextuel\" data-gtm-event=\"customEventSPE\" data-fig-domain=\"LEFIGARO\">Mus\u00e9e d\u2019Orsay<\/a>\u00a0pour montrer le projet du Lusail Museum d\u2019<a href=\"https:\/\/www.lefigaro.fr\/societes\/double-peau-recuperation-d-energie-tres-critiquee-comment-la-tour-triangle-a-paris-repond-aux-enjeux-climatiques-20250118\" target=\"_blank\" data-fig-type=\"Article\" rel=\"noopener\" data-gtm-custom-categorie=\"navigation\" data-gtm-custom-action=\"crossclick\" data-gtm-custom-label=\"Contextuel\" data-gtm-event=\"customEventSPE\" data-fig-domain=\"LEFIGARO\">Herzog et de Meuron<\/a>\u00a0pr\u00e9vu pour 2029) a toujours \u00e9t\u00e9 un excellent barom\u00e8tre. \u00c0 ne pas prendre cependant pour argent comptant. Les galeries s\u2019empressent de communiquer leurs ventes, souvent les plus mirobolantes, histoire d\u2019impressionner la concurrence. Peut-on les croire \u00e0 100%\u00a0? La transparence n\u2019a jamais \u00e9t\u00e9 la r\u00e8gle d\u2019une profession o\u00f9 moins on en dit mieux on se porte. Sauf pour un grand coup de com. Dans le contexte tendu, le secret des transactions est la r\u00e8gle d\u2019or.<\/p>\n<p class=\"fig-paragraph fig-paragraph--dropped\">Apr\u00e8s les grandes ventes de mai \u00e0 New York marquant un net ralentissement\u2026<\/p>\n<p class=\"fig-premium-paywall__infos\">\n        Cet article est r\u00e9serv\u00e9 aux abonn\u00e9s.        Il vous reste 91% \u00e0 d\u00e9couvrir.\n    <\/p>\n<p>                <img  data- alt=\"Le Figaro\" class=\"fig-img--complete fig-img\"\/><\/p>\n<p class=\"fig-premium-paywall__title\">Vente Flash<\/p>\n<p class=\"fig-premium-paywall__subtitle\">3,99\u20ac par mois pendant 12 mois. Sans engagement.<\/p>\n<p class=\"fig-premium-paywall__connect\">\n                D\u00e9j\u00e0 abonn\u00e9\u00a0?                <a class=\"fig-premium-paywall__connect-link\" href=\"https:\/\/connect.lefigaro.fr\/login?client=horizon_web&amp;type=main&amp;redirect_uri=https%3A%2F%2Fwww.lefigaro.fr%2Farts-expositions%2Fart-contemporain-un-marche-en-berne-jusqu-a-quand-20250619\" data-js-gtm=\"{&quot;customCategorie&quot;: &quot;conversion&quot;, &quot;customAction&quot;: &quot;before_Landing_Connexion_paywall_auto&quot;, &quot;customLabel&quot;: &quot;bGVmaWdhcm8uZnJfXzFmMDRjNTM2LTcxNmUtNmQ0NC1hYWEyLThiMmNmMzU1ZTk5Ml9fQXJ0aWNsZQ==_Art contemporain\u00a0: un march\u00e9 en berne jusqu\u2019\u00e0 quand\u00a0?_59&quot;, &quot;customIDSPE&quot;: &quot;bGVmaWdhcm8uZnJfXzFmMDRjNTM2LTcxNmUtNmQ0NC1hYWEyLThiMmNmMzU1ZTk5Ml9fQXJ0aWNsZQ==&quot;, &quot;event&quot;: &quot;customEventSPE&quot;}\" target=\"_blank\" rel=\"noopener\"><br \/>\n                    Connectez-vous<br \/>\n                <\/a>\n            <\/p>\n","protected":false},"excerpt":{"rendered":"D\u00c9CRYPTAGE &#8211; Alors que le contexte g\u00e9opolitique et \u00e9conomique reste difficile et que le march\u00e9 de l\u2019art contemporain&hellip;\n","protected":false},"author":2,"featured_media":189900,"comment_status":"","ping_status":"","sticky":false,"template":"","format":"standard","meta":{"footnotes":""},"categories":[1888],"tags":[1111,1928,11,1927,7456,1396,1348,32773,1777,674,2087,1349,638,10449,1011,27,4463,9692,7107,12,1926,626,1925,25,510],"class_list":{"0":"post-189899","1":"post","2":"type-post","3":"status-publish","4":"format-standard","5":"has-post-thumbnail","7":"category-paris","8":"tag-actu","9":"tag-actu-paris","10":"tag-actualites","11":"tag-actualites-paris","12":"tag-art-basel","13":"tag-art-contemporain","14":"tag-arts","15":"tag-emmanuel-perrotin","16":"tag-eu","17":"tag-europe","18":"tag-evenement","19":"tag-expositions","20":"tag-figaro","21":"tag-figaroscope","22":"tag-fr","23":"tag-france","24":"tag-guide","25":"tag-lieux","26":"tag-musees","27":"tag-news","28":"tag-news-paris","29":"tag-paris","30":"tag-paris-news","31":"tag-republique-francaise","32":"tag-visite"},"share_on_mastodon":{"url":"https:\/\/pubeurope.com\/@fr\/114713395403655272","error":""},"_links":{"self":[{"href":"https:\/\/www.europesays.com\/fr\/wp-json\/wp\/v2\/posts\/189899","targetHints":{"allow":["GET"]}}],"collection":[{"href":"https:\/\/www.europesays.com\/fr\/wp-json\/wp\/v2\/posts"}],"about":[{"href":"https:\/\/www.europesays.com\/fr\/wp-json\/wp\/v2\/types\/post"}],"author":[{"embeddable":true,"href":"https:\/\/www.europesays.com\/fr\/wp-json\/wp\/v2\/users\/2"}],"replies":[{"embeddable":true,"href":"https:\/\/www.europesays.com\/fr\/wp-json\/wp\/v2\/comments?post=189899"}],"version-history":[{"count":0,"href":"https:\/\/www.europesays.com\/fr\/wp-json\/wp\/v2\/posts\/189899\/revisions"}],"wp:featuredmedia":[{"embeddable":true,"href":"https:\/\/www.europesays.com\/fr\/wp-json\/wp\/v2\/media\/189900"}],"wp:attachment":[{"href":"https:\/\/www.europesays.com\/fr\/wp-json\/wp\/v2\/media?parent=189899"}],"wp:term":[{"taxonomy":"category","embeddable":true,"href":"https:\/\/www.europesays.com\/fr\/wp-json\/wp\/v2\/categories?post=189899"},{"taxonomy":"post_tag","embeddable":true,"href":"https:\/\/www.europesays.com\/fr\/wp-json\/wp\/v2\/tags?post=189899"}],"curies":[{"name":"wp","href":"https:\/\/api.w.org\/{rel}","templated":true}]}}