{"id":18990,"date":"2025-04-12T03:49:27","date_gmt":"2025-04-12T03:49:27","guid":{"rendered":"https:\/\/www.europesays.com\/fr\/18990\/"},"modified":"2025-04-12T03:49:27","modified_gmt":"2025-04-12T03:49:27","slug":"salon-du-meuble-louis-vuitton-elargit-son-offre-armani-casa-fete-ses-25-ans","status":"publish","type":"post","link":"https:\/\/www.europesays.com\/fr\/18990\/","title":{"rendered":"Salon du Meuble: Louis Vuitton \u00e9largit son offre, Armani\/Casa f\u00eate ses 25 ans"},"content":{"rendered":"<p class=\"article-content col-md-8 offset-md-1\">\n                                En cette Design Week 2025, les marques de luxe n\u2019ont pas l\u00e9sin\u00e9 sur les moyens, pr\u00e9sentant des collections pour la maison toujours plus amples et luxueuses. C\u2019\u00e9tait le cas notamment des deux poids lourds <a class=\"fnwAddLinks\" href=\"https:\/\/fr.fashionnetwork.com\/tags-louis-vuitton\" title=\"Louis Vuitton\" target=\"_blank\" rel=\"noopener\">Louis Vuitton<\/a> et <a class=\"fnwAddLinks\" href=\"https:\/\/fr.fashionnetwork.com\/tags-giorgio-armani\" title=\"Giorgio Armani\" target=\"_blank\" rel=\"noopener\">Giorgio Armani<\/a>, pour qui ce <a class=\"fnwAddLinks\" href=\"https:\/\/fr.fashionnetwork.com\/tags-salone-del-mobile\" title=\"Salone del Mobile\" target=\"_blank\" rel=\"noopener\">Salone del Mobile<\/a> marque une \u00e9tape d\u00e9cisive. La marque phare de <a class=\"fnwAddLinks\" href=\"https:\/\/fr.fashionnetwork.com\/tags-lvmh\" title=\"LVMH\" target=\"_blank\" rel=\"noopener\">LVMH<\/a> lance pour l\u2019occasion une collection pour la maison nettement \u00e9largie et r\u00e9organis\u00e9e en profondeur. De son c\u00f4t\u00e9, le groupe italien f\u00eate les 25 ans de sa ligne Armani\/Casa avec une collection tr\u00e8s \u00ab\u00a0haute couture\u00a0\u00bb.<\/p>\n<p><img decoding=\"async\" class=\"news-image\" style=\"width:100%;\" src=\"https:\/\/www.europesays.com\/fr\/wp-content\/uploads\/2025\/04\/2668.jpg\" alt=\"La griffe fran\u00e7aise propose d\u00e9sormais une offre compl\u00e8te pour la maison\" loading=\"lazy\"\/>La griffe fran\u00e7aise propose d\u00e9sormais une offre compl\u00e8te pour la maison &#8211; Louis Vuitton<\/p>\n<p class=\"col-md-8 offset-md-1 article-content--texte\">Toujours tr\u00e8s attendue, la pr\u00e9sentation de Louis Vuitton surprend par la pl\u00e9thore d\u2019objets pr\u00e9sent\u00e9s. Install\u00e9e comme d&rsquo;habitude dans le Palazzo Serbelloni, sur le Corso Venezia, la marque remplit l\u2019enfilade de salles et somptueux salons d\u2019une richesse infinie d\u2019objets, entre meubles, accessoires de design ou textiles, vaisselle, objets d\u2019art, etc. Sans oublier une s\u00e9rie de malles reconverties en lit, biblioth\u00e8que ou autre buffet\/vaisselier.<\/p>\n<p>Cette ann\u00e9e, en effet, l\u2019offre pour la maison a \u00e9t\u00e9 totalement revue et r\u00e9organis\u00e9e sous le chapeau \u00ab\u00a0Louis Vuitton Home Collections\u00a0\u00bb. Cet univers, auquel la griffe vient de consacrer pour la premi\u00e8re fois un espace d\u00e9di\u00e9 dans un magasin -celui de Milan tout juste r\u00e9nov\u00e9 et agrandi-, rassemble les cinq cat\u00e9gories de produits d\u00e9velopp\u00e9s par la marque ces derni\u00e8res ann\u00e9es dans le segment de la maison.<\/p>\n<p class=\"col-md-8 offset-md-1 article-content--texte\">Sont propos\u00e9s tout d\u2019abord les \u00ab\u00a0Objets Nomades\u00a0\u00bb,\u00a0la collection d\u2019articles inspir\u00e9s du voyage que Louis Vuitton a lanc\u00e9e en 2012 en collaboration avec les plus grands designers, qui jusqu\u2019ici se taillait la part du lion \u00e0 la Design Week. Parmi les nouveaut\u00e9s de cette \u00e9dition, le meuble Kaleidoscope d\u2019Est\u00fadio Campana.<\/p>\n<p><img decoding=\"async\" class=\"news-image\" style=\"width:100%;\" src=\"https:\/\/www.europesays.com\/fr\/wp-content\/uploads\/2025\/04\/6e2f.jpg\" alt=\"La collection hommage \u00e0 Fortunato Depero\" loading=\"lazy\"\/>La collection hommage \u00e0 Fortunato Depero &#8211; Louis Vuitton<\/p>\n<p class=\"col-md-8 offset-md-1 article-content--texte\">S\u2019ajoutent la ligne de meubles et de lampes \u00ab\u00a0Signature Collection\u00a0\u00bb, comprenant canap\u00e9s, chaises modulaires, buffets et tables, fabriqu\u00e9s en Italie et en France dans des mati\u00e8res pr\u00e9cieuses par une s\u00e9lection de designers renomm\u00e9s, ainsi que les objets design de d\u00e9coration et le textile de maison, l\u2019art de la table avec ses luxueux services en porcelaine et, enfin, les jeux \u00ab\u00a0exceptionnels\u00a0\u00bb, tels que cet incroyable baby-foot \u00e0 l\u2019esprit marin avec ses joueuses en forme de sir\u00e8nes imagin\u00e9 par Est\u00fadio Campana ou ce flipper futuriste inspir\u00e9 de la derni\u00e8re collection masculine de Pharrell Williams.<\/p>\n<p>Cette ann\u00e9e, Louis Vuitton rend hommage par ailleurs \u00e0 l\u2019artiste futuriste Fortunato Depero, \u00e0 travers une collection de coussins, plaids et assiettes au dessins color\u00e9s s\u2019inspirant des archives de l\u2019artiste, ainsi qu\u2019\u00e0 l\u2019architecte moderniste Charlotte Perriand, \u00e0 qui la <a class=\"fnwAddLinks\" href=\"https:\/\/fr.fashionnetwork.com\/tags-fondation-louis-vuitton\" title=\"Fondation Louis Vuitton\" target=\"_blank\" rel=\"noopener\">Fondation Louis Vuitton<\/a> a consacr\u00e9 une r\u00e9trospective en 2019, \u00e0 travers une toute premi\u00e8re collection textile de plaids et coussins.<\/p>\n<p>Un double hommage lui est rendu puisque, comme \u00e0 chaque \u00e9dition du Salon du Meuble, la griffe a choisi pour architecture nomade, la maison de plage \u00ab\u00a0Au Bord de l\u2019Eau\u00a0\u00bb de Charlotte Perriand, qu\u2019elle avait d\u00e9j\u00e0 install\u00e9e dans cette m\u00eame cour du Palazzo Serbelloni en 2015.<\/p>\n<p><img decoding=\"async\" class=\"news-image\" style=\"width:100%;max-width:684px;\" src=\"https:\/\/www.europesays.com\/fr\/wp-content\/uploads\/2025\/04\/9dc2.jpg\" alt=\"Giorgio Armani s'inspire de l'Asie pour sa nouvelle collection de meubles\" loading=\"lazy\"\/>Giorgio Armani s&rsquo;inspire de l&rsquo;Asie pour sa nouvelle collection de meubles &#8211; Armani\/Casa<\/p>\n<p class=\"col-md-8 offset-md-1 article-content--texte\">Giorgio Armani d\u00e9laisse le magnifique Palais Orsini, o\u00f9 il a pr\u00e9sent\u00e9 sa ligne d\u2019ameublement ces deux derni\u00e8res ann\u00e9es pour revenir dans son m\u00e9gastore d\u00e9di\u00e9 \u00e0 la maison, qu\u2019il a inaugur\u00e9 en 2016 avec ses quinze vitrines sur deux niveaux s\u2019affichant sur le central Corso Venezia. \u00ab\u00a0Le dialogue avec Milan est devenu un \u00e9l\u00e9ment essentiel de mon travail comme cr\u00e9ateur et entrepreneur. Et c&rsquo;est particuli\u00e8rement vrai pendant le Salone del Mobile, lorsque la ville est si vivante et internationale\u00a0\u00bb, explique dans un communiqu\u00e9 Giorgio Armani, qui f\u00eate une ann\u00e9e sp\u00e9ciale en 2025 avec les 50 ans du groupe, les 25 ans d\u2019Armani\/Casa et les 20 de la couture.<\/p>\n<p>Pour c\u00e9l\u00e9brer le quart de si\u00e8cle de sa ligne pour la maison initi\u00e9e en 2000, le couturier a imagin\u00e9 une collection sp\u00e9ciale tr\u00e8s sophistiqu\u00e9e, qui rend hommage \u00e0 la couture avec des pi\u00e8ces quasi uniques. Il abandonne pour l\u2019occasion le style sobre qui caract\u00e9rise ses cr\u00e9ations pour la maison, avec leur habituelle palette de teintes naturelles, pour mettre l\u2019accent sur les d\u00e9corations pr\u00e9cieuses, en particulier \u00e0 travers des broderies spectaculaires et des motifs peints \u00e0 la main.<\/p>\n<p>La collection s\u2019intitule \u00ab\u00a0Encres d\u2019Orient\u00a0\u00bb, puisant son inspiration comme souvent chez Giorgio Armani du c\u00f4t\u00e9 de l\u2019Asie. Des motifs \u00ab\u00a0jungle\u00a0\u00bb r\u00e9alis\u00e9s par le sp\u00e9cialiste des textiles peints et brod\u00e9s De Gournay ornent des fauteuils et canap\u00e9s, ainsi qu\u2019une parure pour un lit. Chaque pi\u00e8ce brod\u00e9e en Inde \u00e0 la main a n\u00e9cessit\u00e9 pr\u00e8s de 50 mati\u00e8res entre fibres, perles et autres fils m\u00e9talliques et 200 heures de travail.<\/p>\n<p>Plus loin, un dragon s\u2019esquisse comme un tatouage peint \u00e0 l\u2019encre noir ou \u00e0 la feuille d\u2019or sur un meuble, dont la poign\u00e9e prend la forme d\u2019une tsuka, la poign\u00e9e du sabre des samoura\u00efs. Ailleurs, deux consoles en velours sont brod\u00e9es de perles et de fils dor\u00e9s. Parmi les nouveaut\u00e9s figurent aussi, entre autres, des lampadaires fabriqu\u00e9s avec des lamelles de s\u00e9l\u00e9nite.<\/p>\n<p><img decoding=\"async\" class=\"news-image\" style=\"width:100%;max-width:684px;\" src=\"https:\/\/www.europesays.com\/fr\/wp-content\/uploads\/2025\/04\/fffb.jpg\" alt=\"la collection fait la part belle aux d\u00e9corations pr\u00e9cieuses\" loading=\"lazy\"\/>la collection fait la part belle aux d\u00e9corations pr\u00e9cieuses &#8211; Armani\/Casa<\/p>\n<p class=\"col-md-8 offset-md-1 article-content--texte\">La ligne Armani\/Casa, qui commercialise meubles, lampes, tapisseries, tissus, tapis et textiles, offre d\u00e9sormais une ligne compl\u00e8te pour la maison incluant cuisines, salles de bain et papier peint. Elle est pr\u00e9sente dans 29 pays \u00e0 travers une quarantaine de magasins dans le monde.<\/p>\n<p>Elle vient notamment d\u2019inaugurer une nouvelle boutique \u00e0 Duba\u00ef et a agrandi son r\u00e9seau aux Etats-Unis en d\u00e9pla\u00e7ant son magasin de Los Angeles dans un spectaculaire espace sur rue et en ajoutant un point de vente Armani\/Casa au sein de son nouveau building new-yorkais sur Madison Avenue. Dans les cartons, trois prochaines ouvertures, en particulier \u00e0 Ryad et au Bangladesh.<\/p>\n<p>Par ailleurs se poursuit \u00e0 grand rythme le d\u00e9veloppement de r\u00e9sidences de luxe, avec de nouveaux projets \u00e0 Mexico City, Rio de Janeiro -le premier projet au Br\u00e9sil- et en Floride. Le p\u00f4le Armani\/Casa intervient \u00e9galement dans l\u2019am\u00e9nagement des h\u00f4tels Armani. Le groupe en a ouvert trois, \u00e0 Milan, Duba\u00ef, et pr\u00e8s de Riyadh en Arabie Saoudite.<br \/>\u00a0\n                            <\/p>\n<p>\n                                Tous droits de reproduction et de repr\u00e9sentation r\u00e9serv\u00e9s.<br \/>\u00a9 2025 FashionNetwork.com\n                            <\/p>\n","protected":false},"excerpt":{"rendered":"En cette Design Week 2025, les marques de luxe n\u2019ont pas l\u00e9sin\u00e9 sur les moyens, pr\u00e9sentant des collections&hellip;\n","protected":false},"author":2,"featured_media":18991,"comment_status":"","ping_status":"","sticky":false,"template":"","format":"standard","meta":{"footnotes":""},"categories":[1888],"tags":[11,2424,537,2423,1777,674,7485,1011,27,7483,3797,2425,7484,985,12,2298,626,2426,2427,25,2421,7486,2422],"class_list":{"0":"post-18990","1":"post","2":"type-post","3":"status-publish","4":"format-standard","5":"has-post-thumbnail","7":"category-paris","8":"tag-actualites","9":"tag-beaute","10":"tag-contact","11":"tag-cosmetiques","12":"tag-eu","13":"tag-europe","14":"tag-fondation-louis-vuitton","15":"tag-fr","16":"tag-france","17":"tag-giorgio-armani","18":"tag-louis-vuitton","19":"tag-luxe","20":"tag-lvmh","21":"tag-mode","22":"tag-news","23":"tag-parfum","24":"tag-paris","25":"tag-professionnel","26":"tag-professionnels","27":"tag-republique-francaise","28":"tag-reseau","29":"tag-salone-del-mobile","30":"tag-textile"},"share_on_mastodon":{"url":"https:\/\/pubeurope.com\/@fr\/114322955612033161","error":""},"_links":{"self":[{"href":"https:\/\/www.europesays.com\/fr\/wp-json\/wp\/v2\/posts\/18990","targetHints":{"allow":["GET"]}}],"collection":[{"href":"https:\/\/www.europesays.com\/fr\/wp-json\/wp\/v2\/posts"}],"about":[{"href":"https:\/\/www.europesays.com\/fr\/wp-json\/wp\/v2\/types\/post"}],"author":[{"embeddable":true,"href":"https:\/\/www.europesays.com\/fr\/wp-json\/wp\/v2\/users\/2"}],"replies":[{"embeddable":true,"href":"https:\/\/www.europesays.com\/fr\/wp-json\/wp\/v2\/comments?post=18990"}],"version-history":[{"count":0,"href":"https:\/\/www.europesays.com\/fr\/wp-json\/wp\/v2\/posts\/18990\/revisions"}],"wp:featuredmedia":[{"embeddable":true,"href":"https:\/\/www.europesays.com\/fr\/wp-json\/wp\/v2\/media\/18991"}],"wp:attachment":[{"href":"https:\/\/www.europesays.com\/fr\/wp-json\/wp\/v2\/media?parent=18990"}],"wp:term":[{"taxonomy":"category","embeddable":true,"href":"https:\/\/www.europesays.com\/fr\/wp-json\/wp\/v2\/categories?post=18990"},{"taxonomy":"post_tag","embeddable":true,"href":"https:\/\/www.europesays.com\/fr\/wp-json\/wp\/v2\/tags?post=18990"}],"curies":[{"name":"wp","href":"https:\/\/api.w.org\/{rel}","templated":true}]}}