{"id":189913,"date":"2025-06-20T02:50:12","date_gmt":"2025-06-20T02:50:12","guid":{"rendered":"https:\/\/www.europesays.com\/fr\/189913\/"},"modified":"2025-06-20T02:50:12","modified_gmt":"2025-06-20T02:50:12","slug":"des-decouvertes-archeologiques-en-allemagne-revelent-la-place-eminente-des-femmes-dans-la-societe-celte","status":"publish","type":"post","link":"https:\/\/www.europesays.com\/fr\/189913\/","title":{"rendered":"Des d\u00e9couvertes arch\u00e9ologiques en Allemagne r\u00e9v\u00e8lent la place \u00e9minente des femmes dans la soci\u00e9t\u00e9 celte"},"content":{"rendered":"<p>Un r\u00e9cent reportage documentaire, consacr\u00e9 aux r\u00e9sultats de fouilles men\u00e9es sur le site arch\u00e9ologique de la Heuneburg, dans le sud-ouest de l\u2019Allemagne, offre un nouvel \u00e9clairage sur l\u2019organisation des soci\u00e9t\u00e9s celtes. Ces d\u00e9couvertes viennent \u00e9branler certains clich\u00e9s persistants, souvent relay\u00e9s par les repr\u00e9sentations populaires, qui d\u00e9peignent les Celtes comme un peuple barbare, exclusivement compos\u00e9 de guerriers chevelus et indisciplin\u00e9s.<\/p>\n<p>En r\u00e9alit\u00e9, les recherches effectu\u00e9es sur ce site d\u00e9montrent que la soci\u00e9t\u00e9 celte fut l\u2019une des plus structur\u00e9es et avanc\u00e9es de son \u00e9poque. Entre le VIe et le IVe si\u00e8cle avant notre \u00e8re, les Celtes de la r\u00e9gion de la Heuneburg semblaient accorder un r\u00f4le majeur aux femmes dans la hi\u00e9rarchie sociale. Les arch\u00e9ologues ont en effet mis au jour des s\u00e9pultures f\u00e9minines d\u2019exception, accompagn\u00e9es de somptueux objets en or, argent, ambre et bronze. Ces offrandes fun\u00e9raires traduisent le rang \u00e9lev\u00e9 occup\u00e9 par ces femmes au sein de leur communaut\u00e9 : celui de v\u00e9ritables princesses ou dirigeantes.<\/p>\n<p>Le reportage analyse \u00e9galement les objets exhum\u00e9s des tombes de la Heuneburg pour tenter de mieux comprendre les fondements de cette soci\u00e9t\u00e9 celte. Par-del\u00e0 la richesse des artefacts, c\u2019est toute une organisation sociale, jusque-l\u00e0 sous-estim\u00e9e, qui appara\u00eet : une soci\u00e9t\u00e9 o\u00f9 certaines femmes d\u00e9tenaient un pouvoir manifeste, politique ou religieux.<\/p>\n<p>Cette r\u00e9\u00e9valuation historique invite \u00e0 porter un regard plus nuanc\u00e9 sur les Celtes, loin des st\u00e9r\u00e9otypes h\u00e9rit\u00e9s des r\u00e9cits gr\u00e9co-romains ou des images v\u00e9hicul\u00e9es au fil des si\u00e8cles. L\u2019\u00e9tude de ces vestiges offre ainsi un hommage indirect \u00e0 la complexit\u00e9 et \u00e0 la richesse des civilisations celtes, qui ont marqu\u00e9 l\u2019histoire de l\u2019Europe bien avant l\u2019av\u00e8nement de Rome.<\/p>\n<p>Ce reportage s\u2019adresse \u00e0 tous ceux qui souhaitent mieux comprendre les racines des peuples celtes et s\u2019ouvrir \u00e0 une vision plus fid\u00e8le et document\u00e9e de leur pass\u00e9.<\/p>\n<\/p>\n<p>[cc] Breizh-info.com, 2025, d\u00e9p\u00eaches libres de copie et de diffusion sous r\u00e9serve de mention et de lien vers la source d\u2019origine<\/p>\n","protected":false},"excerpt":{"rendered":"Un r\u00e9cent reportage documentaire, consacr\u00e9 aux r\u00e9sultats de fouilles men\u00e9es sur le site arch\u00e9ologique de la Heuneburg, dans&hellip;\n","protected":false},"author":2,"featured_media":189914,"comment_status":"","ping_status":"","sticky":false,"template":"","format":"standard","meta":{"footnotes":""},"categories":[1587],"tags":[11,672,1804,1805,1803,1777,674,4651,32777,1801,12,1802],"class_list":{"0":"post-189913","1":"post","2":"type-post","3":"status-publish","4":"format-standard","5":"has-post-thumbnail","7":"category-allemagne","8":"tag-actualites","9":"tag-allemagne","10":"tag-bundesrepublik-deutschland","11":"tag-de","12":"tag-deutschland","13":"tag-eu","14":"tag-europe","15":"tag-femmes","16":"tag-femmes-celtes","17":"tag-germany","18":"tag-news","19":"tag-republique-federale-dallemagne"},"share_on_mastodon":{"url":"https:\/\/pubeurope.com\/@fr\/114713422971081901","error":""},"_links":{"self":[{"href":"https:\/\/www.europesays.com\/fr\/wp-json\/wp\/v2\/posts\/189913","targetHints":{"allow":["GET"]}}],"collection":[{"href":"https:\/\/www.europesays.com\/fr\/wp-json\/wp\/v2\/posts"}],"about":[{"href":"https:\/\/www.europesays.com\/fr\/wp-json\/wp\/v2\/types\/post"}],"author":[{"embeddable":true,"href":"https:\/\/www.europesays.com\/fr\/wp-json\/wp\/v2\/users\/2"}],"replies":[{"embeddable":true,"href":"https:\/\/www.europesays.com\/fr\/wp-json\/wp\/v2\/comments?post=189913"}],"version-history":[{"count":0,"href":"https:\/\/www.europesays.com\/fr\/wp-json\/wp\/v2\/posts\/189913\/revisions"}],"wp:featuredmedia":[{"embeddable":true,"href":"https:\/\/www.europesays.com\/fr\/wp-json\/wp\/v2\/media\/189914"}],"wp:attachment":[{"href":"https:\/\/www.europesays.com\/fr\/wp-json\/wp\/v2\/media?parent=189913"}],"wp:term":[{"taxonomy":"category","embeddable":true,"href":"https:\/\/www.europesays.com\/fr\/wp-json\/wp\/v2\/categories?post=189913"},{"taxonomy":"post_tag","embeddable":true,"href":"https:\/\/www.europesays.com\/fr\/wp-json\/wp\/v2\/tags?post=189913"}],"curies":[{"name":"wp","href":"https:\/\/api.w.org\/{rel}","templated":true}]}}