{"id":189915,"date":"2025-06-20T02:51:10","date_gmt":"2025-06-20T02:51:10","guid":{"rendered":"https:\/\/www.europesays.com\/fr\/189915\/"},"modified":"2025-06-20T02:51:10","modified_gmt":"2025-06-20T02:51:10","slug":"nucleaire-les-europeens-tentent-de-ramener-liran-sur-le-chemin-de-la-diplomatie-20-06-2025-a-0342","status":"publish","type":"post","link":"https:\/\/www.europesays.com\/fr\/189915\/","title":{"rendered":"Nucl\u00e9aire-Les Europ\u00e9ens tentent de ramener l&rsquo;Iran sur le chemin de la diplomatie &#8211; 20\/06\/2025 \u00e0 03:42"},"content":{"rendered":"<p>\n par Francois Murphy, John Irish et Parisa Hafezi\n<\/p>\n<p>\n Les ministres europ\u00e9ens des<br \/>\nAffaires \u00e9trang\u00e8res doivent rencontrer leur homologue iranien<br \/>\nvendredi afin de tenter de reprendre le chemin de la diplomatie<br \/>\nsur le programme nucl\u00e9aire de l&rsquo;Iran.\n<\/p>\n<p>\n Les ministres du Royaume-Uni, de la France et de l&rsquo;Allemagne<br \/>\n&#8211; pays qui forment le \u00ab\u00a0groupe E3\u00a0\u00bb qui fut au nombre des<br \/>\nn\u00e9gociateurs de l&rsquo;accord de 2015 sur le nucl\u00e9aire iranien &#8211;<br \/>\nainsi que la cheffe de la politique \u00e9trang\u00e8re de l&rsquo;Union<br \/>\neurop\u00e9enne, Kaja Kallas, se sont entretenus avec Abbas Araqchi<br \/>\nen d\u00e9but de semaine et ils se sont coordonn\u00e9s avec le secr\u00e9taire<br \/>\nd&rsquo;Etat am\u00e9ricain Marco Rubio.\n<\/p>\n<p>\n Lors d&rsquo;un rare appel, ils ont insist\u00e9 aupr\u00e8s du ministre<br \/>\niranien sur la n\u00e9cessit\u00e9 de revenir \u00e0 la table des n\u00e9gociations<br \/>\net d&rsquo;\u00e9viter une nouvelle escalade. A la suggestion de l&rsquo;Iran,<br \/>\nles parties ont accept\u00e9 d&rsquo;organiser une rencontre.\n<\/p>\n<p>\n Les pourparlers se tiendront \u00e0 Gen\u00e8ve, o\u00f9 un premier accord<br \/>\nvisant \u00e0 limiter le programme nucl\u00e9aire de l&rsquo;Iran en \u00e9change<br \/>\nd&rsquo;une lev\u00e9e des sanctions avait \u00e9t\u00e9 conclu en 2013, avant qu&rsquo;un<br \/>\naccord global ne soit conclu en 2015.\n<\/p>\n<p>\n Ces discussions interviennent apr\u00e8s l&rsquo;\u00e9chec des<br \/>\nn\u00e9gociations entre l&rsquo;Iran et les Etats-Unis, interrompue par<br \/>\nl&rsquo;op\u00e9ration lanc\u00e9e la semaine derni\u00e8re par Isra\u00ebl contre les<br \/>\ninstallations nucl\u00e9aires et les capacit\u00e9s balistiques de l&rsquo;Iran.\n<\/p>\n<p>\n \u00ab\u00a0Les Iraniens ne peuvent pas s&rsquo;asseoir avec les Am\u00e9ricains,<br \/>\nmais nous le pouvons\u00a0\u00bb, a d\u00e9clar\u00e9 un diplomate europ\u00e9en. \u00ab\u00a0Nous<br \/>\nleur dirons de revenir \u00e0 la table des n\u00e9gociations pour discuter<br \/>\nde la question du nucl\u00e9aire avant le pire des sc\u00e9narios, tout en<br \/>\nexprimant nos inqui\u00e9tudes quant \u00e0 leurs missiles balistiques,<br \/>\nleur soutien \u00e0 la Russie et la d\u00e9tention de nos ressortissants.\u00a0\u00bb\n<\/p>\n<p>\n Les pays europ\u00e9ens, qui n&rsquo;ont pas particip\u00e9 aux n\u00e9gociations<br \/>\nnucl\u00e9aires entre l&rsquo;Iran et les Etats-Unis, sont de plus en plus<br \/>\nfrustr\u00e9s par la strat\u00e9gie de n\u00e9gociation des Etats-Unis.\n<\/p>\n<p>\n Deux diplomates ont d\u00e9clar\u00e9 que les espoirs de perc\u00e9e \u00e0<br \/>\nGen\u00e8ve, o\u00f9 Kaja Kallas sera \u00e9galement pr\u00e9sente, \u00e9taient faibles.\n<\/p>\n<p>\n Ils ont toutefois estim\u00e9 qu&rsquo;il \u00e9tait essentiel de discuter<br \/>\navec l&rsquo;Iran car, une fois la guerre termin\u00e9e, la question du<br \/>\nprogramme nucl\u00e9aire iranien ne serait toujours pas r\u00e9solue.\n<\/p>\n<p>\n Il serait en effet impossible de faire dispara\u00eetre le<br \/>\nsavoir-faire acquis par l&rsquo;Iran et que T\u00e9h\u00e9ran serait donc<br \/>\npotentiellement en mesure de reconstruire clandestinement son<br \/>\nprogramme, ont-ils expliqu\u00e9.\n<\/p>\n<p>\n Un responsable iranien a d\u00e9clar\u00e9 que T\u00e9h\u00e9ran avait toujours<br \/>\naccueilli favorablement la diplomatie, mais a exhort\u00e9 les pays<br \/>\nde l&rsquo;E3 \u00e0 utiliser tous les moyens disponibles pour faire<br \/>\npression sur Isra\u00ebl afin qu&rsquo;il mette fin \u00e0 ses attaques contre<br \/>\nl&rsquo;Iran.\n<\/p>\n<p>\n \u00ab\u00a0L&rsquo;Iran reste attach\u00e9 \u00e0 la diplomatie en tant que seul moyen<br \/>\nde r\u00e9soudre les diff\u00e9rends, mais la diplomatie est attaqu\u00e9e\u00a0\u00bb, a<br \/>\nd\u00e9clar\u00e9 le responsable.\n<\/p>\n<p>\n (R\u00e9dig\u00e9 par John Irish; version fran\u00e7aise Camille Raynaud)<\/p>\n","protected":false},"excerpt":{"rendered":"par Francois Murphy, John Irish et Parisa Hafezi Les ministres europ\u00e9ens des Affaires \u00e9trang\u00e8res doivent rencontrer leur homologue&hellip;\n","protected":false},"author":2,"featured_media":2486,"comment_status":"","ping_status":"","sticky":false,"template":"","format":"standard","meta":{"footnotes":""},"categories":[1586],"tags":[400,11,398,408,405,1777,674,1011,27,403,402,399,404,12,25,401,406,407],"class_list":{"0":"post-189915","1":"post","2":"type-post","3":"status-publish","4":"format-standard","5":"has-post-thumbnail","7":"category-europe","8":"tag-action-cac-40","9":"tag-actualites","10":"tag-bourse-de-paris","11":"tag-boursorama","12":"tag-cotations","13":"tag-eu","14":"tag-europe","15":"tag-fr","16":"tag-france","17":"tag-indices-devises","18":"tag-investir","19":"tag-investissement","20":"tag-marche-boursier","21":"tag-news","22":"tag-republique-francaise","23":"tag-sicav","24":"tag-trackers","25":"tag-warrants"},"share_on_mastodon":{"url":"https:\/\/pubeurope.com\/@fr\/114713426913288466","error":""},"_links":{"self":[{"href":"https:\/\/www.europesays.com\/fr\/wp-json\/wp\/v2\/posts\/189915","targetHints":{"allow":["GET"]}}],"collection":[{"href":"https:\/\/www.europesays.com\/fr\/wp-json\/wp\/v2\/posts"}],"about":[{"href":"https:\/\/www.europesays.com\/fr\/wp-json\/wp\/v2\/types\/post"}],"author":[{"embeddable":true,"href":"https:\/\/www.europesays.com\/fr\/wp-json\/wp\/v2\/users\/2"}],"replies":[{"embeddable":true,"href":"https:\/\/www.europesays.com\/fr\/wp-json\/wp\/v2\/comments?post=189915"}],"version-history":[{"count":0,"href":"https:\/\/www.europesays.com\/fr\/wp-json\/wp\/v2\/posts\/189915\/revisions"}],"wp:featuredmedia":[{"embeddable":true,"href":"https:\/\/www.europesays.com\/fr\/wp-json\/wp\/v2\/media\/2486"}],"wp:attachment":[{"href":"https:\/\/www.europesays.com\/fr\/wp-json\/wp\/v2\/media?parent=189915"}],"wp:term":[{"taxonomy":"category","embeddable":true,"href":"https:\/\/www.europesays.com\/fr\/wp-json\/wp\/v2\/categories?post=189915"},{"taxonomy":"post_tag","embeddable":true,"href":"https:\/\/www.europesays.com\/fr\/wp-json\/wp\/v2\/tags?post=189915"}],"curies":[{"name":"wp","href":"https:\/\/api.w.org\/{rel}","templated":true}]}}