{"id":189922,"date":"2025-06-20T02:55:13","date_gmt":"2025-06-20T02:55:13","guid":{"rendered":"https:\/\/www.europesays.com\/fr\/189922\/"},"modified":"2025-06-20T02:55:13","modified_gmt":"2025-06-20T02:55:13","slug":"grousset-termine-en-beaute-avec-un-nouveau-record-de-france","status":"publish","type":"post","link":"https:\/\/www.europesays.com\/fr\/189922\/","title":{"rendered":"Grousset termine en beaut\u00e9 avec un nouveau record de France"},"content":{"rendered":"<p style=\"text-align:\">Maxime Grousset a termin\u00e9 les Championnats de France de natation en beaut\u00e9 en s&rsquo;imposant en finale du 100 m papillon avec un nouveau record de France et la meilleure performance mondiale de l&rsquo;ann\u00e9e, jeudi 19 juin \u00e0 Montpellier.<\/p>\n<p><a href=\"https:\/\/lecourrier.vn\/natation-maxime-grousset-marque-son-territoire-aux-championnats-de-france\/1284944.html\" title=\"Natation : Maxime Grousset marque son territoire aux Championnats de France\" target=\"_blank\" rel=\"noopener\">&gt;&gt; Natation : Maxime Grousset marque son territoire aux Championnats de France<\/a><\/p>\n<p><a href=\"https:\/\/lecourrier.vn\/natation-la-locomotive-grousset-double-la-mise-aux-championnats-de-france\/1285057.html\" title=\"Natation : la locomotive Grousset double la mise aux Championnats de France\" target=\"_blank\" rel=\"noopener\">&gt;&gt; Natation : la locomotive Grousset double la mise aux Championnats de France<\/a><\/p>\n<p><a href=\"https:\/\/lecourrier.vn\/natation-troisieme-titre-pour-grousset-aux-championnats-de-france\/1285209.html\" title=\"Natation : troisi\u00e8me titre pour Grousset aux Championnats de France\" target=\"_blank\" rel=\"noopener\">&gt;&gt; Natation : troisi\u00e8me titre pour Grousset aux Championnats de France<\/a><\/p>\n<tr>\n<td class=\"pic\"><img decoding=\"async\" class=\"lazyload\" src=\"https:\/\/www.europesays.com\/fr\/wp-content\/uploads\/2025\/06\/074454-afp1.webp.webp\" alt=\"\"\/><\/td>\n<\/tr>\n<tr>\n<td class=\"caption\">Maxime Grousset \u00e0 Montpellier le 19 juin.\u00a0<\/td>\n<\/tr>\n<tr align=\"right\">\n<td class=\"author\">Photo : AFP\/VNA\/CVN<\/td>\n<\/tr>\n<p style=\"text-align:left\">Grousset s&rsquo;est facilement impos\u00e9 en 50 s 11, devant Cl\u00e9ment Secchi (51 s 06) et Michel Arkhangelsky (51 s 24), et valide ainsi sa participation aux Championnats du monde \u00e0 Singapour dans cinq semaines sur sa distance f\u00e9tiche.<\/p>\n<p style=\"text-align:left\">\u00ab\u00a0C&rsquo;\u00e9tait cool. J\u2019ai pris du plaisir (&#8230;) il va falloir que j\u2019am\u00e9liore encore des choses, m\u00eame si, honn\u00eatement, j\u2019ai fait une tr\u00e8s belle course\u00a0\u00bb, s&rsquo;est f\u00e9licit\u00e9 le N\u00e9o-Cal\u00e9donien.<\/p>\n<p style=\"text-align:left\">Apr\u00e8s un temps d\u00e9j\u00e0 canon lors des s\u00e9ries du matin (51 s 12), Grousset \u00e9tait confiant pour passer en dessous des minima (51 s 67). \u00ab\u00a0Mais je ne pensais pas faire ce chrono le soir\u00a0\u00bb, a-t-il avou\u00e9. \u00ab\u00a0J&rsquo;ai m\u00eame nag\u00e9 rel\u00e2ch\u00e9 sur le premier 50 m, j&rsquo;en avais encore un peu sous le pied.\u00a0\u00bb<\/p>\n<p style=\"text-align:left\">Il a battu son propre record, \u00e9tabli en 2023 \u00e0 Fukuoka (Japon), en 50 s 14. Avec ce chrono, Grousset signe \u00e9galement la meilleure performance de l&rsquo;ann\u00e9e devant le Suisse No\u00e9 Ponti (50 s 27).<\/p>\n<p style=\"text-align:left\">Cette semaine, le sprinteur de 26 ans a \u00e9galement remport\u00e9 le 50 m papillon &#8211; record de France \u00e0 la cl\u00e9 &#8211; ainsi que le 50 et le 100 m nage libre. Il sera l\u2019un des chefs de file des Bleus lors des Mondiaux de Singapour, du 27 juillet au 3 ao\u00fbt.<\/p>\n<p style=\"text-align:left\"><b>\u00ab\u00a0De belles surprises\u00a0\u00bb <\/b><\/p>\n<p style=\"text-align:left\">\u00ab\u00a0D&rsquo;abord, on va couper un peu. Ensuite, on repartira sur une grosse semaine, une semaine et demie d&rsquo;entra\u00eenement intensif. Et ensuite, on redescendra progressivement pour arriver aff\u00fbt\u00e9 comme il faut, avec de grosses ambitions\u00a0\u00bb, a pr\u00e9venu Grousset.<\/p>\n<p style=\"text-align:left\">Au dernier jour des Championnats de France, Cl\u00e9ment Secchi s&rsquo;est ajout\u00e9 au contingent bleu pour les Mondiaux en descendant sous les minima sur 100 m papillon. \u00ab\u00a0Je suis super content. J\u2019ai fait mon meilleur temps de l&rsquo;ann\u00e9e le jour J\u00a0\u00bb, s&rsquo;est-il r\u00e9joui.<\/p>\n<p style=\"text-align:left\">Au total, 28 nageurs fran\u00e7ais ont obtenu leur billet pour les Mondiaux : 10 femmes et 18 hommes. Le plus \u00e2g\u00e9 de la d\u00e9l\u00e9gation est Damien Joly (1500 m nage libre), 33 ans, qui participera \u00e0 ses 7e Mondiaux.<\/p>\n<p style=\"text-align:left\">Le plus jeune est Rafael Fente Damers (100 m nage libre), 18 ans, m\u00e9daill\u00e9 de bronze du relais olympique \u00e0 Paris.<\/p>\n<p style=\"text-align:left\">\u00ab\u00a0On a eu de belles surprises et il y a aussi de l&rsquo;exp\u00e9rience, les tauliers ont r\u00e9pondu pr\u00e9sents\u00a0\u00bb, a appr\u00e9ci\u00e9 le Directeur technique national par int\u00e9rim de la natation Denis Auguin, \u00e9voquant \u00ab\u00a0une \u00e9quipe rajeunie\u00a0\u00bb qui peut \u00ab\u00a0nourrir de l&rsquo;ambition\u00a0\u00bb.<\/p>\n<p style=\"text-align:left\">Ils seront rejoints par L\u00e9on Marchand \u00e0 partir du 12 juillet pour le stage de pr\u00e9paration \u00e0 Jakarta. Le h\u00e9ros des derniers JO a pu valider plusieurs minima aux \u00c9tats-Unis, exempt\u00e9 par le staff de l&rsquo;\u00e9quipe de France.<\/p>\n<p style=\"text-align:left\">\u00ab\u00a0C&rsquo;est une d\u00e9cision qui a \u00e9t\u00e9 prise apr\u00e8s avoir discut\u00e9 tr\u00e8s longuement avec lui\u00a0\u00bb, a pr\u00e9cis\u00e9 Denis Auguin. \u00ab\u00a0Il sera align\u00e9 sur le 200 4 nages, 400 4 nages, 200 brasse, 200 papillon, et des relais\u00a0\u00bb, a-t-il ajout\u00e9.<\/p>\n<p style=\"text-align:right\"><b>AFP\/VNA\/CVN<\/b><\/p>\n","protected":false},"excerpt":{"rendered":"Maxime Grousset a termin\u00e9 les Championnats de France de natation en beaut\u00e9 en s&rsquo;imposant en finale du 100&hellip;\n","protected":false},"author":2,"featured_media":189923,"comment_status":"","ping_status":"","sticky":false,"template":"","format":"standard","meta":{"footnotes":""},"categories":[4],"tags":[11,3714,1011,27,32778,12,32779,3241,25],"class_list":{"0":"post-189922","1":"post","2":"type-post","3":"status-publish","4":"format-standard","5":"has-post-thumbnail","7":"category-france","8":"tag-actualites","9":"tag-championnats-de-france","10":"tag-fr","11":"tag-france","12":"tag-maxime-grousset","13":"tag-news","14":"tag-papillon","15":"tag-record","16":"tag-republique-francaise"},"share_on_mastodon":{"url":"https:\/\/pubeurope.com\/@fr\/114713442774824941","error":""},"_links":{"self":[{"href":"https:\/\/www.europesays.com\/fr\/wp-json\/wp\/v2\/posts\/189922","targetHints":{"allow":["GET"]}}],"collection":[{"href":"https:\/\/www.europesays.com\/fr\/wp-json\/wp\/v2\/posts"}],"about":[{"href":"https:\/\/www.europesays.com\/fr\/wp-json\/wp\/v2\/types\/post"}],"author":[{"embeddable":true,"href":"https:\/\/www.europesays.com\/fr\/wp-json\/wp\/v2\/users\/2"}],"replies":[{"embeddable":true,"href":"https:\/\/www.europesays.com\/fr\/wp-json\/wp\/v2\/comments?post=189922"}],"version-history":[{"count":0,"href":"https:\/\/www.europesays.com\/fr\/wp-json\/wp\/v2\/posts\/189922\/revisions"}],"wp:featuredmedia":[{"embeddable":true,"href":"https:\/\/www.europesays.com\/fr\/wp-json\/wp\/v2\/media\/189923"}],"wp:attachment":[{"href":"https:\/\/www.europesays.com\/fr\/wp-json\/wp\/v2\/media?parent=189922"}],"wp:term":[{"taxonomy":"category","embeddable":true,"href":"https:\/\/www.europesays.com\/fr\/wp-json\/wp\/v2\/categories?post=189922"},{"taxonomy":"post_tag","embeddable":true,"href":"https:\/\/www.europesays.com\/fr\/wp-json\/wp\/v2\/tags?post=189922"}],"curies":[{"name":"wp","href":"https:\/\/api.w.org\/{rel}","templated":true}]}}