{"id":189937,"date":"2025-06-20T03:05:11","date_gmt":"2025-06-20T03:05:11","guid":{"rendered":"https:\/\/www.europesays.com\/fr\/189937\/"},"modified":"2025-06-20T03:05:11","modified_gmt":"2025-06-20T03:05:11","slug":"etre-une-maman-solo-cest-difficile-mais-je-veux-transmettre-a-mon-enfant-lidee-que-lon-se-sort-de-tout","status":"publish","type":"post","link":"https:\/\/www.europesays.com\/fr\/189937\/","title":{"rendered":"\u00ab\u00catre une maman solo, c\u2019est difficile, mais je veux transmettre \u00e0 mon enfant l\u2019id\u00e9e que l\u2019on se sort de tout\u00bb"},"content":{"rendered":"<p data-module=\"fig-standfirst\" data-context=\"@media (min-width:48em)\"><strong>INTERVIEW &#8211;<\/strong> Apr\u00e8s quatre ans d\u2019\u00e9clipse, l\u2019actrice et chanteuse HollySiz, devenue m\u00e8re, revient dans la lumi\u00e8re avec un album introspectif et une s\u00e9rie.<\/p>\n<p class=\"fig-paragraph fig-paragraph--dropped\">Le rendez-vous est fix\u00e9. Au c\u0153ur de Paris, dans un studio d\u2019enregistrement. \u00abJe suis en pleine r\u00e9alisation de mon nouvel album. Il \u00e9tait temps\u00bb, \u00e9nonce\u00a0<a href=\"https:\/\/madame.lefigaro.fr\/tag\/cecile-cassel\" target=\"_blank\" rel=\"noopener\" data-gtm-custom-categorie=\"navigation\" data-gtm-custom-action=\"crossclick\" data-gtm-custom-label=\"Contextuel\" data-gtm-event=\"customEventSPE\">C\u00e9cile Cassel<\/a>, alias HollySiz, sourire aux l\u00e8vres. L\u2019album, autoproduit, r\u00e9unit un riche panel d\u2019invit\u00e9s \u2013 dont Ben Mazu\u00e9 et le compositeur Cl\u00e9ment Ducol, qui a remport\u00e9 l\u2019Oscar de la meilleure chanson pour la BO du film Emilia P\u00e9rez. Sur les traces de son p\u00e8re, Jean-Pierre Cassel, formidable com\u00e9dien, chanteur et danseur, C\u00e9cile Cassel s\u2019est fray\u00e9 un chemin d\u2019artiste \u00e9clectique en \u00e9dictant ses propres lois. Elle a d\u00e9but\u00e9 comme actrice au d\u00e9but des ann\u00e9es 2000, et a brill\u00e9 dans une quarantaine de r\u00f4les. En 2013, elle a fait une entr\u00e9e remarqu\u00e9e dans l\u2019univers de la musique, sous le nom d\u2019HollySiz. Au fil de deux albums et un EP \u2013 dont le flamboyant Rather Than Talking \u2013, elle a d\u00e9voil\u00e9 son talent de chanteuse, auteure et compositrice. Ce matin, son regard frondeur semble r\u00e9v\u00e9ler une jeune femme qui a affront\u00e9 des obstacles et les a surmont\u00e9s. Cela fait quatre ans que C\u00e9cile Cassel n\u2019a pas donn\u00e9 d\u2019interview. L\u2019actrice avait d\u00e9sert\u00e9 l\u2019\u00e9cran\u200a; la chanteuse s\u2019\u00e9tait \u00e9loign\u00e9e du micro. Pendant ces quatre ann\u00e9es, l\u2019artiste a laiss\u00e9 la place \u00e0 la femme afin de se consacrer \u00e0 un r\u00f4le unique.<\/p>\n<p class=\"fig-paragraph fig-paragraph--dropped\">Celui d\u2019une m\u00e8re devenue \u00ab\u200asolo\u00bb, tout enti\u00e8re d\u00e9di\u00e9e \u00e0 son enfant n\u00e9 pr\u00e9matur\u00e9 qu\u2019elle continue d\u2019entourer d\u2019une attention toute particuli\u00e8re pour des raisons m\u00e9dicales. Le plus souvent, la vie accorde le temps n\u00e9cessaire \u00e0 une femme pour comprendre et appr\u00e9cier la maternit\u00e9. Dans son cas, l\u2019apprentissage est pass\u00e9 par un cours magistral en acc\u00e9l\u00e9r\u00e9. En quelques mois, C\u00e9cile Cassel avait d\u00e9j\u00e0 tout exp\u00e9riment\u00e9\u00a0: la joie, mais aussi les angoisses, les sacrifices et les combats quotidiens d\u2019une m\u00e8re c\u00e9libataire. En juin 2024, pour son 42e anniversaire, son demi-fr\u00e8re, l\u2019acteur\u00a0<a href=\"https:\/\/madame.lefigaro.fr\/tag\/vincent-cassel\" target=\"_blank\" rel=\"noopener\" data-gtm-custom-categorie=\"navigation\" data-gtm-custom-action=\"crossclick\" data-gtm-custom-label=\"Contextuel\" data-gtm-event=\"customEventSPE\">Vincent Cassel<\/a>, lui adressait un hommage sur Instagram\u00a0: \u00abHappy birthday \u00e0 ma s\u0153ur ador\u00e9e, la guerri\u00e8re HollySiz.\u00bb Aujourd\u2019hui, C\u00e9cile Cassel s\u2019essaye au merveilleux art du funambulisme f\u00e9minin, qui consiste \u00e0 se d\u00e9multiplier. M\u00e8re aimante, femme battante et artiste passionn\u00e9e, elle incarne tous les r\u00f4les. \u00c0 la rentr\u00e9e, HollySiz livre le premier single de son nouvel album, une ode pleine d\u2019empathie pour les femmes (la sortie est pr\u00e9vue d\u00e9but 2026). L\u2019actrice revient \u00e9galement avec un premier r\u00f4le dans la s\u00e9rie Culte\u00a0\u2013\u00a02Be3, dont la diffusion est pr\u00e9vue \u00e0 l\u2019automne (sur Amazon Prime Video). Un sourire lui \u00e9chappe pendant qu\u2019elle se livre avec pudeur. Rayonnante. Une femme en mouvement.<\/p>\n<p class=\"fig-paragraph fig-paragraph--dropped\"><strong>Madame Figaro. <\/strong><strong>\u2013<\/strong> <strong>Vous r\u00e9alisez un nouveau disque avec la complicit\u00e9 de Cl\u00e9ment Ducol, r\u00e9cemment Oscaris\u00e9. Comment a d\u00e9but\u00e9 cette collaboration\u00a0?<\/strong><br \/><strong>C\u00e9cile Cassel. \u2013<\/strong> Je l\u2019ai sollicit\u00e9 en septembre dernier, et il a accept\u00e9 d\u2019\u00e9couter 25 morceaux que je venais de terminer. C\u2019\u00e9tait juste avant le d\u00e9but de la campagne des Oscars pour la BO d\u2019Emilia P\u00e9rez, il \u00e9tait \u00e0\u00a0<a href=\"https:\/\/madame.lefigaro.fr\/tag\/los-angeles\" target=\"_blank\" rel=\"noopener\" data-gtm-custom-categorie=\"navigation\" data-gtm-custom-action=\"crossclick\" data-gtm-custom-label=\"Contextuel\" data-gtm-event=\"customEventSPE\">Los Angeles<\/a>, et nous avons commenc\u00e9 \u00e0 travailler \u00e0 son retour. Il avait aim\u00e9 les titres et commenc\u00e9 \u00e0 imaginer les arrangements. Cl\u00e9ment vient du classique\u00a0: il est arriv\u00e9 avec des partitions de cordes et d\u2019instruments acoustiques, ce qui m\u2019a ravie. J\u2019avais commenc\u00e9 \u00e0 \u00e9crire des morceaux pour cet album en 2021, mais j\u2019ai d\u00fb tout arr\u00eater peu apr\u00e8s \u00eatre tomb\u00e9e enceinte. Du jour au lendemain, j\u2019ai \u00e9t\u00e9 contrainte \u00e0 l\u2019immobilit\u00e9 pendant trois\u00a0mois et demi, \u00e0 cause d\u2019une grossesse \u00e0 risque, avec l\u2019autorisation de me lever une seule fois par jour, puis je suis rest\u00e9e entre quatre murs pendant encore six\u00a0mois. Cette p\u00e9riode m\u2019a laiss\u00e9 le temps de r\u00e9fl\u00e9chir, aussi sur mon disque. En r\u00e9\u00e9coutant les \u00e9bauches des chansons que j\u2019avais \u00e9crites, je les ai trouv\u00e9es obsol\u00e8tes. Elles \u00e9taient en anglais, comme pour tous mes autres albums. J\u2019ai ressenti le besoin de tout reprendre en fran\u00e7ais, ma langue maternelle, plus en lien direct avec mes \u00e9motions. Le fran\u00e7ais s\u2019est impos\u00e9 naturellement. \u00c9crire dans ma langue m\u2019a donn\u00e9 acc\u00e8s \u00e0 une libert\u00e9 de cr\u00e9ation que je n\u2019avais pas exp\u00e9riment\u00e9e jusque-l\u00e0.<\/p>\n<p>    <a href=\"https:\/\/photo-madame.lefigaro.fr\/celebrites\/culture\/cecile-cassel-la-combattante-20250619\" target=\"_blank\" rel=\"noopener\"><\/p>\n<p class=\"fig-slideshow__title\">\n                    C\u00e9cile Cassel, la combattante\n                <\/p>\n<p>\n                Voir les 9 photos<\/p>\n<p>    <\/a><\/p>\n<p class=\"fig-paragraph fig-paragraph--dropped\"><strong>Il y a onze ans, vous d\u00e9cidez de conqu\u00e9rir l\u2019univers de la musique en vous pr\u00e9sentant sous l\u2019identit\u00e9 d\u2019HollySiz\u00a0? Qu\u2019est-ce qui a dict\u00e9 cette m\u00e9tamorphose\u00a0?<\/strong><br \/>\u00c7a a \u00e9t\u00e9 un choix visc\u00e9ral, mais il n\u2019est pas venu de nulle part. Tout comme le pseudonyme. Siz, c\u2019est un surnom qu\u2019on m\u2019a donn\u00e9 quand j\u2019\u00e9tais gamine. Holly, le \u00abhoux\u00bb en anglais, est une nuance de rouge que j\u2019ai souvent tent\u00e9 de transposer en sons dans mes chansons. La musique a toujours \u00e9t\u00e9 un baume pour moi. La danse occupe \u00e9galement une place centrale dans ma vie depuis mon enfance. J\u2019ai commenc\u00e9 \u00e0 prendre des cours de ballet toute petite, et mon r\u00eave \u00e9tait d\u2019int\u00e9grer l\u2019Op\u00e9ra de Paris. Chez moi, tout passe par le corps.<\/p>\n<p class=\"fig-paragraph fig-paragraph--dropped\"><strong>\u00catre contrainte \u00e0 l\u2019immobilit\u00e9 pendant des mois a d\u00fb \u00eatre une \u00e9preuve\u2026<\/strong><br \/>Habituellement, je marche 13\u00a0km par jour et j\u2019adore danser. L\u2019immobilit\u00e9 forc\u00e9e s\u2019est r\u00e9v\u00e9l\u00e9e dure, mais cette exp\u00e9rience m\u2019a permis de comprendre que toute ma vie, j\u2019ai fonctionn\u00e9 sur un rythme effr\u00e9n\u00e9. J\u2019ai toujours ressenti un trop-plein d\u2019\u00e9nergie difficile \u00e0 canaliser. Marion Motin, une chor\u00e9graphe avec laquelle j\u2019avais travaill\u00e9, avait tent\u00e9 de m\u2019aider \u00e0 ralentir en me connectant mieux \u00e0 mes sensations. Ma premi\u00e8re r\u00e9action avait \u00e9t\u00e9 un sentiment de frustration. Quand je me suis retrouv\u00e9e enferm\u00e9e chez moi, j\u2019ai \u00e9prouv\u00e9 cette m\u00eame sensation insupportable de sid\u00e9ration et de vertige. Mais une fois pass\u00e9 cet \u00e9tat, j\u2019ai l\u00e2ch\u00e9 prise et tout a chang\u00e9. J\u2019ai commenc\u00e9 \u00e0 voyager dans ma t\u00eate, comme jamais auparavant. J\u2019ai \u00e9cout\u00e9 \u00e9norm\u00e9ment de musique, dont l\u2019int\u00e9grale des Beatles et les vinyles de jazz de mon p\u00e8re. Mais avec une capacit\u00e9 d\u2019\u00e9coute amplifi\u00e9e. J\u2019ai compris combien le corps vibre \u00e0 travers le son et que, par sa nature, la musique incarne le mouvement. J\u2019ai compris combien l\u2019immobilit\u00e9 n\u2019a rien \u00e0 voir avec l\u2019immobilisme. Cette exp\u00e9rience a \u00e9t\u00e9 th\u00e9rapeutique.<\/p>\n<p class=\"fig-paragraph fig-paragraph--dropped\"><strong>Apr\u00e8s quatre ans d\u2019absence, dans quel \u00e9tat d\u2019esprit \u00eates-vous\u00a0?<\/strong><br \/>J\u2019aspire \u00e0 me remettre en mouvement. J\u2019ai envie que cet album raconte tout le chemin parcouru. Il m\u2019importe de trouver les mots justes qui pointent mes (r)\u00e9volutions intimes. Les tempos de mes chansons sont devenus langoureux, m\u00eame lorsqu\u2019ils sont dansants. Mon d\u00e9bit est plus nonchalant et ma palette vocale s\u2019est enrichie, je crois, d\u2019un registre plus incarn\u00e9. J\u2019ai invit\u00e9 des artistes \u00e0 chanter, comme Adrien Gallo ou Owlle. Surtout, les textes ont pris une place centrale. Une longue conversation avec Ben Mazu\u00e9 a nourri cet album. Nous avons co\u00e9crit un morceau. Il parle d\u2019un c\u0153ur bris\u00e9 en mille morceaux et de ce qu\u2019on peut reconstruire une fois qu\u2019on les a rassembl\u00e9s.<\/p>\n<p>    C\u00e9cile Cassel porte une robe frang\u00e9e brod\u00e9e de strass et body, 3.1 Phillip Lim. Mules Burberry.<br \/>\n                Mathieu Forget<\/p>\n<p class=\"fig-paragraph fig-paragraph--dropped\"><strong>Votre nouvel album parle des combats que doivent mener les femmes. En quoi l\u2019\u00e9galit\u00e9 reste un d\u00e9fi quotidien\u00a0?<\/strong><br \/>Depuis que je suis maman, je me confronte \u00e0 l\u2019in\u00e9galit\u00e9 folle entre hommes et femmes. J\u2019ai l\u2019impression que mon f\u00e9minisme a vol\u00e9 en \u00e9clats avec la maternit\u00e9. Le constat est cruel\u00a0: tous les choix d\u2019une m\u00e8re sont li\u00e9s au bien-\u00eatre de son enfant, ce qui n\u2019est pas toujours le cas des p\u00e8res. Quoi qu\u2019on fasse, la soci\u00e9t\u00e9 porte un jugement sur nous, les femmes. Si nous retournons au travail trop vite, la culpabilit\u00e9 nous gagne, car on nous fait sentir qu\u2019on ne s\u2019occupe pas suffisamment de notre\u00a0<a href=\"http:\/\/madame.lefigaro.fr\/enfants\/isabelle-alfandary-ce-que-l-enfant-montre-dans-le-jeu-est-ce-qui-l-anime-le-plus-profondement-sa-verite-la-plus-exacte-20250613\" data-fig-type=\"Article\" data-gtm-custom-categorie=\"navigation\" data-gtm-custom-action=\"crossclick\" data-gtm-custom-label=\"Contextuel\" data-gtm-event=\"customEventSPE\" data-fig-domain=\"MADAME\" target=\"_blank\" rel=\"noopener\">enfant<\/a>. Mais si nous prenons le temps de rester avec notre b\u00e9b\u00e9, des petites remarques fusent \u00e0 propos d\u2019une pr\u00e9tendue oisivet\u00e9\u2026 Je crois que nous, les femmes, sommes n\u00e9es coupables. Coupables de tout\u2026 J\u2019ai \u00e9crit une chanson, intitul\u00e9e Coupables, \u00e0 ce sujet. Elle d\u00e9taille la liste de tous nos \u00abcrimes et d\u00e9lits\u00bb, qui remontent au temps d\u2019Adam et \u00c8ve.<\/p>\n<p class=\"fig-paragraph fig-paragraph--dropped\"><strong>De quoi les femmes sont-elles coupables\u00a0?<\/strong><br \/>Coupables de devenir m\u00e8re trop t\u00f4t, ou trop tard, ou encore d\u2019avoir choisi de ne pas vouloir \u00eatre m\u00e8re. Coupables d\u2019\u00eatre trop d\u00e9pendantes d\u2019un homme, ou trop autonomes. Coupables d\u2019avoir fui une relation toxique de couple ou,\u00a0<br \/>\u00e0 l\u2019inverse, d\u2019y \u00eatre rest\u00e9e. Coupables d\u2019\u00eatre trop sexy, pas assez naturelles ou, \u00e0 l\u2019oppos\u00e9, de se laisser aller. Par exemple, je lisais le commentaire d\u2019un homme sous une vid\u00e9o, post\u00e9e par\u00a0<a href=\"https:\/\/madame.lefigaro.fr\/tag\/kate-winslet\" target=\"_blank\" rel=\"noopener\" data-gtm-custom-categorie=\"navigation\" data-gtm-custom-action=\"crossclick\" data-gtm-custom-label=\"Contextuel\" data-gtm-event=\"customEventSPE\">Kate Winslet<\/a>\u00a0sur son compte Instagram\u00a0: \u00abFor God\u2019s sake, put Botox on your face\u00bb (Nom de Dieu, injectez-vous du Botox), sans comprendre que la d\u00e9marche de Kate Winslet est exactement\u00a0<br \/>\u00e0 l\u2019oppos\u00e9. Bref, la liste est sans fin et impitoyable. Aujourd\u2019hui, il faudrait \u00eatre m\u00e8re, cheffe d\u2019entreprise, faire du sport trois fois par semaine, avoir une vie sexuelle \u00e9panouie, tout cela avec le sourire et sans jamais se plaindre. Et les hommes dans tout \u00e7a\u00a0?<\/p>\n<p class=\"fig-paragraph fig-paragraph--dropped fig-paragraph--dropped-small fig-paragraph--dropped-q\"><strong>Quelle image avez-vous eu des hommes dans votre enfance\u00a0?<\/strong><br \/>J\u2019ai grandi avec un p\u00e8re tr\u00e8s pr\u00e9sent, qui adorait \u00eatre avec moi. Enfant, \u00e0 mes cours de danse, il n\u2019y avait que des femmes sur le banc o\u00f9 les parents attendaient et, au milieu d\u2019elles, mon p\u00e8re. J\u2019ai gard\u00e9 en t\u00eate cette image, et aussi celle de mes fr\u00e8res qui \u00e9taient tr\u00e8s investis dans l\u2019\u00e9ducation de leurs enfants. La r\u00e9partition des t\u00e2ches \u00e9tait donc une \u00e9vidence \u00e0 mes yeux. Mais, depuis la naissance de mon enfant, toutes mes certitudes se sont envol\u00e9es. Le diktat qui commande aux m\u00e8res de s\u2019arr\u00eater de travailler, pour g\u00e9rer un nouveau-n\u00e9, est ancr\u00e9 dans la soci\u00e9t\u00e9, alors que les r\u00e8gles devraient s\u2019appliquer dans le respect de la parit\u00e9, parce qu\u2019on est deux \u00e0 faire un enfant. Pourtant, autour de moi, je vois beaucoup de p\u00e8res d\u00e9missionnaires. Quand on se rend dans les services de soin des h\u00f4pitaux avec un enfant malade, on constate que 90\u200a% des aides-soignants sont des femmes. Et dans les chambres, ce sont presque toujours des femmes qui accompagnent et restent avec leurs enfants.<\/p>\n<p>    C\u00e9cile Cassel porte une robe en mousseline, N\u00b021. Coiffure Ti\u00e9 Toyama. Maquillage Tatsu Yamanaka. Manucure Julie Villanova.<br \/>\n                Mathieu Forget<\/p>\n<p class=\"fig-paragraph fig-paragraph--dropped\"><strong>Comment vous \u00eates-vous lib\u00e9r\u00e9e du sentiment de culpabilit\u00e9 en reprenant vos activit\u00e9s\u00a0?<\/strong><br \/>D\u2019abord, je n\u2019ai pas eu le choix, car je dois payer mes factures. Mais je ne me suis pas totalement lib\u00e9r\u00e9e de la culpabilit\u00e9, m\u00eame si j\u2019y travaille. J\u2019ai cess\u00e9 toute activit\u00e9 professionnelle pendant plus de trois\u00a0ans, parce que ma place \u00e9tait pr\u00e8s de mon enfant qui a encore des fragilit\u00e9s. Ensuite, je me suis dit que la meilleure \u00e9ducation est l\u2019exemplarit\u00e9. \u00catre une maman solo, c\u2019est difficile, mais je veux transmettre \u00e0 mon enfant l\u2019id\u00e9e que l\u2019on se sort de tout. J\u2019ai envie de v\u00e9hiculer l\u2019image positive d\u2019une femme joyeuse et affranchie, qui travaille et qui est port\u00e9e par une passion.<\/p>\n<p class=\"fig-paragraph fig-paragraph--dropped\"><strong>Cet automne, on vous retrouve dans la s\u00e9rie Culte \u2013 2BE3, o\u00f9 vous jouez la compagne du chanteur de ce boys band des ann\u00e9es 1990. Qu\u2019est-ce qui vous a int\u00e9ress\u00e9e chez elle\u00a0?<\/strong><br \/>Sa modernit\u00e9. Quand Filip Nikolic l\u2019a rencontr\u00e9e, Val\u00e9rie Bourdin \u00e9tait une femme d\u00e9termin\u00e9e, en avance sur son temps. C\u2019\u00e9tait une m\u00e8re c\u00e9libataire tr\u00e8s ind\u00e9pendante, qui avait \u00e9t\u00e9 mannequin et photographe\u2009; elle avait v\u00e9cu aux \u00c9tats-Unis et \u00e9levait sa fille tout en exer\u00e7ant un m\u00e9tier. Il l\u2019a aper\u00e7ue de dos, dans la boutique qu\u2019elle dirigeait, et il en est tomb\u00e9 amoureux. Elle avait six ans de plus que lui et il a \u00e9pous\u00e9 sa vie, en s\u2019occupant de sa fille comme un p\u00e8re. Ils ont eu une autre enfant ensemble. Il s\u2019agit de l\u2019un des premiers couples m\u00e9diatis\u00e9s o\u00f9 la femme est la plus \u00e2g\u00e9e. Je trouve important de porter cet \u00e9cart \u00e0 l\u2019\u00e9cran.<\/p>\n<p class=\"fig-paragraph fig-paragraph--dropped\"><strong>Dans le m\u00e9tier d\u2019artiste, votre polyvalence a-t-elle \u00e9t\u00e9 une alli\u00e9e ou un obstacle\u00a0?<\/strong><br \/>Au d\u00e9part, je me suis montr\u00e9e radicale dans mes choix\u00a0: quand je me suis lanc\u00e9e dans la musique, j\u2019ai arr\u00eat\u00e9 d\u2019\u00eatre actrice pendant douze ans, de peur de ne pas \u00eatre cr\u00e9dible dans les deux r\u00f4les \u00e0 la fois. Dans l\u2019univers anglo-saxon, dans lequel j\u2019ai grandi, la polyvalence \u00e9tait salu\u00e9e comme un atout, mais pas en France. J\u2019ai chang\u00e9 d\u2019avis, parce que la soci\u00e9t\u00e9 a \u00e9volu\u00e9\u00a0: Pomme tourne des films en parall\u00e8le de sa carri\u00e8re de chanteuse, tout comme\u00a0<a href=\"https:\/\/madame.lefigaro.fr\/tag\/juliette-armanet\" target=\"_blank\" rel=\"noopener\" data-gtm-custom-categorie=\"navigation\" data-gtm-custom-action=\"crossclick\" data-gtm-custom-label=\"Contextuel\" data-gtm-event=\"customEventSPE\">Juliette Armanet<\/a>\u00a0ou Benjamin Biolay. Dans le m\u00eame temps, une g\u00e9n\u00e9ration de r\u00e9alisatrices a \u00e9merg\u00e9\u00a0: elles ouvrent une nouvelle voie dans laquelle je me reconnais, comme Ya\u00ebl Langmann, Rebecca Zlotowski, Monia Chokri ou Justine Triet\u2026 Gr\u00e2ce \u00e0 ces figures, je m\u2019autorise davantage. \u00c0 la rentr\u00e9e, je vais jouer dans une pi\u00e8ce de th\u00e9\u00e2tre, dont je compose la BO. Ce que je me serais interdit il y a quelques ann\u00e9es\u2026<\/p>\n<p class=\"fig-paragraph fig-paragraph--dropped\"><strong>Les mouvements de l\u2019\u00e2me sont-ils une condition essentielle \u00e0 la cr\u00e9ation\u00a0?<\/strong><br \/>Je me m\u00e9fie de l\u2019id\u00e9e romantique qui associe la cr\u00e9ation \u00e0 la souffrance. Il est vrai que dans les instants de difficult\u00e9 profonde, on est d\u00e9pourvu de tout artifice. Mais j\u2019ai pour ambition de p\u00e9n\u00e9trer cette zone de l\u2019authenticit\u00e9 \u00e9galement via les moments de joie. Ces derni\u00e8res ann\u00e9es m\u2019ont appris que le bonheur et la tristesse sont des \u00e9tats en constante mutation. Je me sens proche du concept d\u2019amor fati, de Nietzsche, tendu vers l\u2019acceptation du destin. Il nous invite \u00e0 embrasser ce qui nous arrive, \u00e0 s\u2019adapter et danser avec le chaos. J\u2019ai parfois l\u2019impression de pratiquer \u00e0 r\u00e9p\u00e9tition l\u2019art du kintsugi, cette technique japonaise de r\u00e9paration \u00e0 l\u2019or qui permet aux objets de vivre une deuxi\u00e8me vie, puis d\u2019autres encore\u2026<\/p>\n","protected":false},"excerpt":{"rendered":"INTERVIEW &#8211; Apr\u00e8s quatre ans d\u2019\u00e9clipse, l\u2019actrice et chanteuse HollySiz, devenue m\u00e8re, revient dans la lumi\u00e8re avec un&hellip;\n","protected":false},"author":2,"featured_media":189938,"comment_status":"","ping_status":"","sticky":false,"template":"","format":"standard","meta":{"footnotes":""},"categories":[1359],"tags":[3824,3734,32780,1000,650,251,58,59,1295,1294,638,1011,27,2173,1351,2003,977,15761,3048,873,7206,973,521,104,252],"class_list":{"0":"post-189937","1":"post","2":"type-post","3":"status-publish","4":"format-standard","5":"has-post-thumbnail","7":"category-people","8":"tag-actualite-culture","9":"tag-art","10":"tag-cecile-cassel","11":"tag-celebrites","12":"tag-cinema","13":"tag-culture","14":"tag-divertissement","15":"tag-entertainment","16":"tag-feminin","17":"tag-femme","18":"tag-figaro","19":"tag-fr","20":"tag-france","21":"tag-interview","22":"tag-litterature","23":"tag-livre","24":"tag-madame","25":"tag-maternite","26":"tag-musee","27":"tag-musique","28":"tag-nouvel-album","29":"tag-people","30":"tag-serie","31":"tag-societe","32":"tag-television"},"share_on_mastodon":{"url":"https:\/\/pubeurope.com\/@fr\/114713481952961723","error":""},"_links":{"self":[{"href":"https:\/\/www.europesays.com\/fr\/wp-json\/wp\/v2\/posts\/189937","targetHints":{"allow":["GET"]}}],"collection":[{"href":"https:\/\/www.europesays.com\/fr\/wp-json\/wp\/v2\/posts"}],"about":[{"href":"https:\/\/www.europesays.com\/fr\/wp-json\/wp\/v2\/types\/post"}],"author":[{"embeddable":true,"href":"https:\/\/www.europesays.com\/fr\/wp-json\/wp\/v2\/users\/2"}],"replies":[{"embeddable":true,"href":"https:\/\/www.europesays.com\/fr\/wp-json\/wp\/v2\/comments?post=189937"}],"version-history":[{"count":0,"href":"https:\/\/www.europesays.com\/fr\/wp-json\/wp\/v2\/posts\/189937\/revisions"}],"wp:featuredmedia":[{"embeddable":true,"href":"https:\/\/www.europesays.com\/fr\/wp-json\/wp\/v2\/media\/189938"}],"wp:attachment":[{"href":"https:\/\/www.europesays.com\/fr\/wp-json\/wp\/v2\/media?parent=189937"}],"wp:term":[{"taxonomy":"category","embeddable":true,"href":"https:\/\/www.europesays.com\/fr\/wp-json\/wp\/v2\/categories?post=189937"},{"taxonomy":"post_tag","embeddable":true,"href":"https:\/\/www.europesays.com\/fr\/wp-json\/wp\/v2\/tags?post=189937"}],"curies":[{"name":"wp","href":"https:\/\/api.w.org\/{rel}","templated":true}]}}