{"id":189939,"date":"2025-06-20T03:06:18","date_gmt":"2025-06-20T03:06:18","guid":{"rendered":"https:\/\/www.europesays.com\/fr\/189939\/"},"modified":"2025-06-20T03:06:18","modified_gmt":"2025-06-20T03:06:18","slug":"une-toile-de-picasso-aspergee-de-peinture-rose-au-musee-des-beaux-arts-a-montreal","status":"publish","type":"post","link":"https:\/\/www.europesays.com\/fr\/189939\/","title":{"rendered":"Une toile de Picasso asperg\u00e9e de peinture rose au Mus\u00e9e des beaux-arts \u00e0 Montr\u00e9al"},"content":{"rendered":"<p><strong>Une \u0153uvre du grand Pablo Picasso a \u00e9t\u00e9 vandalis\u00e9e par des militants \u00e9cologistes, jeudi avant-midi, au Mus\u00e9e des beaux-arts du Canada, au centre-ville de Montr\u00e9al.<\/strong><\/p>\n<p class=\"toreadalso-fromEMP\"><strong>\u2022 \u00c0 lire aussi: <\/strong><a href=\"https:\/\/www.lesacdechips.com\/2025\/06\/19\/billy-tellier-attaque-sur-scene\" target=\"fe4c35e4-7340-4272-a821-5133777d586b\" rel=\"nofollow noopener\"><strong>Billy Tellier attaqu\u00e9 sur sc\u00e8ne<\/strong><\/a><\/p>\n<p>Vers 10h40, trois activistes environnementaux ont fait irruption au deuxi\u00e8me \u00e9tage du b\u00e2timent, o\u00f9 l\u2019un d\u2019eux a asperg\u00e9 de peinture rose le tableau de Picasso appel\u00e9 \u00abL\u2019h\u00e9ta\u00efre\u00bb, que l\u2019artiste espagnol a r\u00e9alis\u00e9 en 1901.<\/p>\n<p>Deux agents de s\u00e9curit\u00e9 sont intervenus rapidement, mais le mal \u00e9tait d\u00e9j\u00e0 fait.<\/p>\n<p>Les policiers ont proc\u00e9d\u00e9 \u00e0 l\u2019arrestation des trois suspects sur les lieux. Selon les autorit\u00e9s, seul l\u2019un d\u2019eux aurait asperg\u00e9 la toile de peinture, tandis que les deux autres filmaient la sc\u00e8ne.<\/p>\n<p>Ce \u00abcoup d\u2019\u00e9clat\u00bb a \u00e9t\u00e9 revendiqu\u00e9 par le groupe Last Generation Canada, qui est \u00e0 l\u2019origine de plusieurs autres \u00e9v\u00e9nements du genre au cours des derni\u00e8res semaines \u00e0 Montr\u00e9al.<\/p>\n<blockquote class=\"twitter-tweet\">\n<p lang=\"en\" dir=\"ltr\">\u203c\ufe0f BREAKING: PINK PAINT THROWN ON PICASSO PAINTING!<\/p>\n<p>\ud83d\uddbc\ufe0fThis morning Marcel, a Last Generation Canada supporter threw pink paint on L\u2019H\u00e9taire (or La Courtisane au Collier), a Picasso painting in the Mus\u00e9e de Beaux Arts in Montreal. <br \/>DONATE: <a href=\"https:\/\/t.co\/AsbXy1uVKb\" rel=\"nofollow\">https:\/\/t.co\/AsbXy1uVKb<\/a> <a href=\"https:\/\/t.co\/VmpsJbaZvl\" rel=\"nofollow\">pic.twitter.com\/VmpsJbaZvl<\/a><\/p>\n<p>\u2014 Last Generation (@lastgencanada) <a href=\"https:\/\/twitter.com\/lastgencanada\/status\/1935721742044942539?ref_src=twsrc%5Etfw\" rel=\"nofollow noopener\" target=\"_blank\">June 19, 2025<\/a><\/p><\/blockquote>\n<p>Selon nos informations, le jeune homme qui a asperg\u00e9 le Picasso de peinture est Marcel Par\u00e9, 21 ans. L\u2019activiste avait \u00e9galement \u00e9t\u00e9 arr\u00eat\u00e9 en mars dernier, apr\u00e8s avoir tapiss\u00e9 de peinture la fa\u00e7ade d\u2019un concessionnaire Tesla de Montr\u00e9al.<\/p>\n<p>\u00abNous accordons plus d&rsquo;importance aux coups de pinceau et \u00e0 la composition des couleurs qu&rsquo;\u00e0 la vie elle-m\u00eame. Beaucoup plus de ressources ont \u00e9t\u00e9 mises en place pour s\u00e9curiser et prot\u00e9ger cette \u0153uvre d&rsquo;art que pour prot\u00e9ger des personnes vivantes, qui respirent\u00bb, a r\u00e9agi Marcel Par\u00e9, par voie de communiqu\u00e9.<\/p>\n<p>Selon le Mus\u00e9e des beaux-arts, le tableau de Picasso n\u2019a pas \u00e9t\u00e9 endommag\u00e9, puisqu\u2019il \u00e9tait muni d\u2019un verre protecteur. L&rsquo;\u0153uvre a tout de m\u00eame \u00e9t\u00e9 retir\u00e9e temporairement de l&rsquo;exposition.<\/p>\n<p>La semaine derni\u00e8re, des militants du m\u00eame groupe avaient vandalis\u00e9 l\u2019entr\u00e9e principale du Casino de Montr\u00e9al, en marge des festivit\u00e9s du Grand Prix de Formule 1.<\/p>\n<p>Au d\u00e9but juin, deux activistes de Last Generation Canada se sont coll\u00e9 les mains sur l\u2019asphalte au beau milieu de la rue Saint-Denis, sur Le Plateau-Mont-Royal, for\u00e7ant la fermeture de cet important axe routier pendant plus de trois heures.<\/p>\n<p>Deux jours plus tard, d\u2019autres militants ont vandalis\u00e9 \u00e0 l\u2019aide de peinture rose le Mus\u00e9e de la Banque de Montr\u00e9al, au centre-ville, dans le but de \u00abprotester contre le soutien de l\u2019institution \u00e0 l\u2019industrie des combustibles fossiles\u00bb.<\/p>\n<p>Cette s\u00e9rie de gestes de protestation de Last Generation Canada a pour but d\u2019ouvrir les yeux de la population face \u00e0 la crise climatique.<\/p>\n<p>L\u2019organisation exige encore et toujours \u00abla cr\u00e9ation d\u2019une agence de protection contre les catastrophes climatiques financ\u00e9e par les milliardaires coupables de ce d\u00e9sastre\u00bb.<\/p>\n<p>                                        <script async src=\"https:\/\/platform.twitter.com\/widgets.js\" charset=\"utf-8\"><\/script><\/p>\n","protected":false},"excerpt":{"rendered":"Une \u0153uvre du grand Pablo Picasso a \u00e9t\u00e9 vandalis\u00e9e par des militants \u00e9cologistes, jeudi avant-midi, au Mus\u00e9e des&hellip;\n","protected":false},"author":2,"featured_media":189940,"comment_status":"","ping_status":"","sticky":false,"template":"","format":"standard","meta":{"footnotes":""},"categories":[1358],"tags":[1348,1384,1385,1386,58,59,1011,27],"class_list":{"0":"post-189939","1":"post","2":"type-post","3":"status-publish","4":"format-standard","5":"has-post-thumbnail","7":"category-arts-et-design","8":"tag-arts","9":"tag-arts-and-design","10":"tag-arts-et-design","11":"tag-design","12":"tag-divertissement","13":"tag-entertainment","14":"tag-fr","15":"tag-france"},"share_on_mastodon":{"url":"https:\/\/pubeurope.com\/@fr\/114713485929547831","error":""},"_links":{"self":[{"href":"https:\/\/www.europesays.com\/fr\/wp-json\/wp\/v2\/posts\/189939","targetHints":{"allow":["GET"]}}],"collection":[{"href":"https:\/\/www.europesays.com\/fr\/wp-json\/wp\/v2\/posts"}],"about":[{"href":"https:\/\/www.europesays.com\/fr\/wp-json\/wp\/v2\/types\/post"}],"author":[{"embeddable":true,"href":"https:\/\/www.europesays.com\/fr\/wp-json\/wp\/v2\/users\/2"}],"replies":[{"embeddable":true,"href":"https:\/\/www.europesays.com\/fr\/wp-json\/wp\/v2\/comments?post=189939"}],"version-history":[{"count":0,"href":"https:\/\/www.europesays.com\/fr\/wp-json\/wp\/v2\/posts\/189939\/revisions"}],"wp:featuredmedia":[{"embeddable":true,"href":"https:\/\/www.europesays.com\/fr\/wp-json\/wp\/v2\/media\/189940"}],"wp:attachment":[{"href":"https:\/\/www.europesays.com\/fr\/wp-json\/wp\/v2\/media?parent=189939"}],"wp:term":[{"taxonomy":"category","embeddable":true,"href":"https:\/\/www.europesays.com\/fr\/wp-json\/wp\/v2\/categories?post=189939"},{"taxonomy":"post_tag","embeddable":true,"href":"https:\/\/www.europesays.com\/fr\/wp-json\/wp\/v2\/tags?post=189939"}],"curies":[{"name":"wp","href":"https:\/\/api.w.org\/{rel}","templated":true}]}}