{"id":189943,"date":"2025-06-20T03:08:14","date_gmt":"2025-06-20T03:08:14","guid":{"rendered":"https:\/\/www.europesays.com\/fr\/189943\/"},"modified":"2025-06-20T03:08:14","modified_gmt":"2025-06-20T03:08:14","slug":"secret-story-pimprenelle-marianne-ou-theo-voici-qui-a-ete-elimine-ce-jeudi-de-la-maison-des-secrets","status":"publish","type":"post","link":"https:\/\/www.europesays.com\/fr\/189943\/","title":{"rendered":"Secret Story : Pimprenelle, Marianne ou Th\u00e9o ? Voici qui a \u00e9t\u00e9 \u00e9limin\u00e9 ce jeudi de la Maison des Secrets!"},"content":{"rendered":"<p class=\"ap-StoryElement ap-StoryElement--mb ap-StoryText\">Voil\u00e0 un peu plus d&rsquo;une semaine que les candidats ont int\u00e9gr\u00e9 l&rsquo;aventure Secret Story. Depuis, les internautes et t\u00e9l\u00e9spectateurs peuvent suivre leurs aventures \u00e0 travers les quotidiennes et les lives. Et cette ann\u00e9e, les primes ont fait leur grand retour.<\/p>\n<p class=\"ap-StoryElement ap-StoryElement--mb ap-StoryText\">Ce jeudi soir, une autre bonne nouvelle a \u00e9t\u00e9 annonc\u00e9e par La Voix : le retour prochain de la Sup\u00e9rette ! Un v\u00e9ritable petit magasin o\u00f9 les candidats devaient faire les courses dans un temps limit\u00e9. Un vrai retour aux sources, comme l&rsquo;a pr\u00e9cis\u00e9 la production, qui semble suivre sa feuille de route pour le plus grand plaisir des fans de l&rsquo;\u00e9mission.<\/p>\n<p><a href=\"https:\/\/www.dhnet.be\/lifestyle\/magazine\/2025\/06\/18\/polemique-dans-secret-story-pimprenelle-accusee-de-harcelement-scolaire-par-une-internaute-son-papa-repond-FIWLQ45FP5FTNEB5W7D7GJCSO4\/\" target=\"_blank\" rel=\"noopener noreferrer nofollow\" class=\"ap-StoryInterstitialLink ap-StoryElement ap-StoryElement--mb\">Pol\u00e9mique dans \u00ab\u00a0Secret Story\u00a0\u00bb : Pimprenelle accus\u00e9e de harc\u00e8lement scolaire par une internaute, son papa r\u00e9pond !<\/a><b>Une premi\u00e8re \u00e9limination !<\/b><\/p>\n<p class=\"ap-StoryElement ap-StoryElement--mb ap-StoryText\">Mais malheureusement pour les candidats, ce m\u00eame soir marquait aussi le d\u00e9part du premier \u00e9limin\u00e9 de la saison. Ils \u00e9taient trois sur le banc des nomm\u00e9s pour ces premi\u00e8res nominations : Pimprenelle, la candidate belge qui a pour secret \u00ab\u00a0La moiti\u00e9 de mon visage a \u00e9t\u00e9 reconstruite\u00a0\u00bb, Marianne, et enfin Th\u00e9o.<\/p>\n<p class=\"ap-StoryElement ap-StoryElement--mb ap-StoryText\">Et c&rsquo;est finalement ce dernier, largement en dessous dans les sondages, qui a quitt\u00e9 la Maison des Secrets, emportant encore son secret avec lui. Une fois sur le plateau, aux c\u00f4t\u00e9s de Christophe Beaugrand, il a pu le r\u00e9v\u00e9ler au public.<\/p>\n<p class=\"ap-StoryElement ap-StoryElement--mb ap-StoryText\">\u00ab\u00a0Mon secret, c&rsquo;est que j&rsquo;ai v\u00e9cu six mois dans ma voiture,\u00a0\u00bb confie-t-il, avant d&rsquo;en expliquer les raisons. \u00ab\u00a0Pendant mes \u00e9tudes, je suis pass\u00e9 par des moments difficiles. Je m&rsquo;occupais de ma grand-m\u00e8re et je n&rsquo;avais pas assez d&rsquo;argent pour faire les allers-retours. Je n&rsquo;ai pas voulu demander de l&rsquo;aide. J&rsquo;ai voulu me d\u00e9brouiller par moi-m\u00eame.\u00a0\u00bb<\/p>\n","protected":false},"excerpt":{"rendered":"Voil\u00e0 un peu plus d&rsquo;une semaine que les candidats ont int\u00e9gr\u00e9 l&rsquo;aventure Secret Story. Depuis, les internautes et&hellip;\n","protected":false},"author":2,"featured_media":189944,"comment_status":"","ping_status":"","sticky":false,"template":"","format":"standard","meta":{"footnotes":""},"categories":[1356],"tags":[32781,9013,58,59,10552,28918,1011,27,14824,1227,11626,8359,517,252,1364],"class_list":{"0":"post-189943","1":"post","2":"type-post","3":"status-publish","4":"format-standard","5":"has-post-thumbnail","7":"category-television","8":"tag-club-soccer","9":"tag-color-image","10":"tag-divertissement","11":"tag-entertainment","12":"tag-fc-porto","13":"tag-fifa-club-world-cup","14":"tag-fr","15":"tag-france","16":"tag-gettyimagerank2","17":"tag-horizontal","18":"tag-inter-miami-cf","19":"tag-soccer","20":"tag-sport","21":"tag-television","22":"tag-tv"},"share_on_mastodon":{"url":"https:\/\/pubeurope.com\/@fr\/114713493692746329","error":""},"_links":{"self":[{"href":"https:\/\/www.europesays.com\/fr\/wp-json\/wp\/v2\/posts\/189943","targetHints":{"allow":["GET"]}}],"collection":[{"href":"https:\/\/www.europesays.com\/fr\/wp-json\/wp\/v2\/posts"}],"about":[{"href":"https:\/\/www.europesays.com\/fr\/wp-json\/wp\/v2\/types\/post"}],"author":[{"embeddable":true,"href":"https:\/\/www.europesays.com\/fr\/wp-json\/wp\/v2\/users\/2"}],"replies":[{"embeddable":true,"href":"https:\/\/www.europesays.com\/fr\/wp-json\/wp\/v2\/comments?post=189943"}],"version-history":[{"count":0,"href":"https:\/\/www.europesays.com\/fr\/wp-json\/wp\/v2\/posts\/189943\/revisions"}],"wp:featuredmedia":[{"embeddable":true,"href":"https:\/\/www.europesays.com\/fr\/wp-json\/wp\/v2\/media\/189944"}],"wp:attachment":[{"href":"https:\/\/www.europesays.com\/fr\/wp-json\/wp\/v2\/media?parent=189943"}],"wp:term":[{"taxonomy":"category","embeddable":true,"href":"https:\/\/www.europesays.com\/fr\/wp-json\/wp\/v2\/categories?post=189943"},{"taxonomy":"post_tag","embeddable":true,"href":"https:\/\/www.europesays.com\/fr\/wp-json\/wp\/v2\/tags?post=189943"}],"curies":[{"name":"wp","href":"https:\/\/api.w.org\/{rel}","templated":true}]}}