{"id":189957,"date":"2025-06-20T03:15:12","date_gmt":"2025-06-20T03:15:12","guid":{"rendered":"https:\/\/www.europesays.com\/fr\/189957\/"},"modified":"2025-06-20T03:15:12","modified_gmt":"2025-06-20T03:15:12","slug":"edf-previent-de-possibles-baisses-de-production-dans-le-parc-nucleaire-a-partir-du-25-juin","status":"publish","type":"post","link":"https:\/\/www.europesays.com\/fr\/189957\/","title":{"rendered":"EDF pr\u00e9vient de possibles baisses de production dans le parc nucl\u00e9aire \u00e0 partir du 25\u00a0juin"},"content":{"rendered":"<p>Face \u00e0 la vague de chaleur pr\u00e9coce qui s\u2019abat sur la France, <a href=\"https:\/\/www.20minutes.fr\/dossier\/edf\" target=\"_blank\" class=\"color-ultramarine c-link\" rel=\"noopener\">EDF<\/a> annonce qu\u2019elle pourrait devoir r\u00e9duire la production d\u2019<a href=\"https:\/\/www.20minutes.fr\/dossier\/electricite\" target=\"_blank\" class=\"color-ultramarine c-link\" rel=\"noopener\">\u00e9lectricit\u00e9<\/a> dans plusieurs <a href=\"https:\/\/www.20minutes.fr\/dossier\/centrale_nucleaire\" target=\"_blank\" class=\"color-ultramarine c-link\" rel=\"noopener\">centrales nucl\u00e9aires<\/a>, notamment celle du Bugey (Ain), d\u00e8s le mercredi 25\u00a0juin. \u00ab\u00a0En raison des pr\u00e9visions de temp\u00e9ratures \u00e9lev\u00e9es du Rh\u00f4ne, des restrictions de production sont susceptibles d\u2019affecter le parc de production nucl\u00e9aire d\u2019EDF\u00a0\u00bb, a indiqu\u00e9 le groupe dans un message d\u2019information. Il pr\u00e9cise que la d\u00e9cision sera confirm\u00e9e la veille, selon l\u2019\u00e9volution des conditions m\u00e9t\u00e9orologiques.<\/p>\n<p><a href=\"https:\/\/www.20minutes.fr\/dossier\/meteo_france\" target=\"_blank\" class=\"color-ultramarine c-link\" rel=\"noopener\">M\u00e9t\u00e9o-France<\/a> pr\u00e9voit des temp\u00e9ratures en forte hausse dans les jours \u00e0 venir, poussant l\u2019agence \u00e0 placer 16 d\u00e9partements en vigilance orange \u00ab\u00a0canicule\u00a0\u00bb d\u00e8s vendredi midi, principalement dans l\u2019ouest du pays. Cette chaleur anormale, qui s\u2019inscrit dans un contexte de <a href=\"https:\/\/www.20minutes.fr\/dossier\/rechauffement-climatique\" target=\"_blank\" class=\"color-ultramarine c-link\" rel=\"noopener\">r\u00e9chauffement climatique<\/a>, accentue la pression sur les infrastructures \u00e9nerg\u00e9tiques, et notamment les centrales nucl\u00e9aires qui d\u00e9pendent des cours d\u2019eau pour se refroidir.<\/p>\n<\/p>\n<p>EDF doit r\u00e9guli\u00e8rement adapter sa production<\/p>\n<p>Le fonctionnement de ces centrales est strictement encadr\u00e9\u00a0: l\u2019<a href=\"https:\/\/www.20minutes.fr\/dossier\/eau\" target=\"_blank\" class=\"color-ultramarine c-link\" rel=\"noopener\">eau<\/a> utilis\u00e9e pour le refroidissement est rejet\u00e9e plus chaude dans les fleuves, mais ce rejet thermique est soumis \u00e0 des seuils de temp\u00e9rature et de d\u00e9bit propres \u00e0 chaque site. Ces seuils ont pour objectif de pr\u00e9server les \u00e9cosyst\u00e8mes aquatiques, et EDF est r\u00e9guli\u00e8rement contraint d\u2019adapter sa production pour les respecter, notamment lors de p\u00e9riodes de canicule ou de s\u00e9cheresse.<\/p>\n<p><a href=\"https:\/\/www.20minutes.fr\/dossier\/edf\" target=\"_blank\" class=\"c-link c-btn c-btn--primary\" rel=\"noopener\">Tous nos articles sur EDF<\/a><\/p>\n<p>Ce ph\u00e9nom\u00e8ne n\u2019est pas nouveau. Depuis l\u2019an\u00a02000, les pertes de production li\u00e9es \u00e0 des contraintes environnementales repr\u00e9sentent en moyenne 0,3\u00a0% de la production annuelle du parc nucl\u00e9aire fran\u00e7ais, selon EDF. Mais leur fr\u00e9quence tend \u00e0 augmenter. Le mois de juin a d\u00e9j\u00e0 \u00e9t\u00e9 marqu\u00e9 par deux vagues de chaleur significatives ces derni\u00e8res ann\u00e9es\u00a0: en\u00a02019, puis en\u00a02022, cette derni\u00e8re survenue exceptionnellement t\u00f4t.<\/p>\n","protected":false},"excerpt":{"rendered":"Face \u00e0 la vague de chaleur pr\u00e9coce qui s\u2019abat sur la France, EDF annonce qu\u2019elle pourrait devoir r\u00e9duire&hellip;\n","protected":false},"author":2,"featured_media":189958,"comment_status":"","ping_status":"","sticky":false,"template":"","format":"standard","meta":{"footnotes":""},"categories":[6],"tags":[47,35,6698,26627,33,34,1647,893,1011,27,2357,5140,104],"class_list":{"0":"post-189957","1":"post","2":"type-post","3":"status-publish","4":"format-standard","5":"has-post-thumbnail","7":"category-economie","8":"tag-actualite","9":"tag-business","10":"tag-canicule","11":"tag-centrale-nucleaire","12":"tag-economie","13":"tag-economy","14":"tag-edf","15":"tag-energie","16":"tag-fr","17":"tag-france","18":"tag-meteo-france","19":"tag-rechauffement-climatique","20":"tag-societe"},"share_on_mastodon":{"url":"https:\/\/pubeurope.com\/@fr\/114713521625910098","error":""},"_links":{"self":[{"href":"https:\/\/www.europesays.com\/fr\/wp-json\/wp\/v2\/posts\/189957","targetHints":{"allow":["GET"]}}],"collection":[{"href":"https:\/\/www.europesays.com\/fr\/wp-json\/wp\/v2\/posts"}],"about":[{"href":"https:\/\/www.europesays.com\/fr\/wp-json\/wp\/v2\/types\/post"}],"author":[{"embeddable":true,"href":"https:\/\/www.europesays.com\/fr\/wp-json\/wp\/v2\/users\/2"}],"replies":[{"embeddable":true,"href":"https:\/\/www.europesays.com\/fr\/wp-json\/wp\/v2\/comments?post=189957"}],"version-history":[{"count":0,"href":"https:\/\/www.europesays.com\/fr\/wp-json\/wp\/v2\/posts\/189957\/revisions"}],"wp:featuredmedia":[{"embeddable":true,"href":"https:\/\/www.europesays.com\/fr\/wp-json\/wp\/v2\/media\/189958"}],"wp:attachment":[{"href":"https:\/\/www.europesays.com\/fr\/wp-json\/wp\/v2\/media?parent=189957"}],"wp:term":[{"taxonomy":"category","embeddable":true,"href":"https:\/\/www.europesays.com\/fr\/wp-json\/wp\/v2\/categories?post=189957"},{"taxonomy":"post_tag","embeddable":true,"href":"https:\/\/www.europesays.com\/fr\/wp-json\/wp\/v2\/tags?post=189957"}],"curies":[{"name":"wp","href":"https:\/\/api.w.org\/{rel}","templated":true}]}}