{"id":189959,"date":"2025-06-20T03:16:11","date_gmt":"2025-06-20T03:16:11","guid":{"rendered":"https:\/\/www.europesays.com\/fr\/189959\/"},"modified":"2025-06-20T03:16:11","modified_gmt":"2025-06-20T03:16:11","slug":"donald-trump-tranchera-dans-les-deux-semaines-affirme-la-maison-blanche","status":"publish","type":"post","link":"https:\/\/www.europesays.com\/fr\/189959\/","title":{"rendered":"Donald Trump tranchera dans les \u00ab\u00a0deux semaines\u00a0\u00bb, affirme la Maison-Blanche"},"content":{"rendered":"<p>Alors qu\u2019<a href=\"https:\/\/www.20minutes.fr\/monde\/israel\/\" target=\"_blank\" class=\"color-ultramarine c-link\" rel=\"nofollow noopener\">Isra\u00eb<\/a>l poursuit ses frappes contre l\u2019Iran, <a href=\"https:\/\/www.20minutes.fr\/dossier\/donald_trump\" target=\"_blank\" class=\"color-ultramarine c-link\" rel=\"nofollow noopener\">Donald Trump<\/a> entretient le suspense autour d\u2019une \u00e9ventuelle implication militaire des <a href=\"https:\/\/www.20minutes.fr\/monde\/etats-unis\/\" target=\"_blank\" class=\"color-ultramarine c-link\" rel=\"nofollow noopener\">Etats-Unis<\/a>. Il prendra sa d\u00e9cision \u00ab\u00a0au cours des deux prochaines semaines\u00a0\u00bb, a d\u00e9clar\u00e9 jeudi sa porte-parole Karoline Leavitt, citant une \u00ab\u00a0possibilit\u00e9 substantielle\u00a0\u00bb de reprise des n\u00e9gociations avec T\u00e9h\u00e9ran.<\/p>\n<p>La prudence affich\u00e9e par la <a href=\"https:\/\/www.20minutes.fr\/dossier\/maison_blanche\" target=\"_blank\" class=\"color-ultramarine c-link\" rel=\"nofollow noopener\">Maison-Blanche<\/a> pourrait marquer un tournant diplomatique, apr\u00e8s une semaine de guerre ouverte entre Isra\u00ebl et l\u2019<a href=\"https:\/\/www.20minutes.fr\/monde\/iran\/\" target=\"_blank\" class=\"color-ultramarine c-link\" rel=\"nofollow noopener\">Iran<\/a> et plusieurs signaux contradictoires \u00e9mis par Washington. \u00ab\u00a0S\u2019il y a une chance pour la diplomatie, le pr\u00e9sident la saisira toujours\u00a0\u00bb, a affirm\u00e9 Karoline Leavitt, tout en assurant que Donald Trump ne reculera pas face \u00e0 la n\u00e9cessit\u00e9 d\u2019une action militaire si celle-ci devenait in\u00e9vitable.<\/p>\n<p>Le programme nucl\u00e9aire iranien sous surveillance<\/p>\n<p>Depuis le d\u00e9but du <a href=\"https:\/\/www.20minutes.fr\/monde\/conflit\/\" target=\"_blank\" class=\"color-ultramarine c-link\" rel=\"nofollow noopener\">conflit<\/a>, Donald Trump a d\u00e9j\u00e0 r\u00e9uni \u00e0 trois reprises ses conseillers dans la \u00ab\u00a0Situation Room\u00a0\u00bb, la salle de crise de la Maison-Blanche o\u00f9 se d\u00e9cident les op\u00e9rations les plus sensibles. Ces r\u00e9unions se poursuivront quotidiennement jusqu\u2019\u00e0 son d\u00e9part lundi pour un sommet de l\u2019<a href=\"https:\/\/www.20minutes.fr\/monde\/otan\/\" target=\"_blank\" class=\"color-ultramarine c-link\" rel=\"nofollow noopener\">Otan<\/a> aux Pays-Bas.<\/p>\n<\/p>\n<p>La Maison-Blanche insiste sur l\u2019urgence de la situation face aux avanc\u00e9es du <a href=\"https:\/\/www.20minutes.fr\/dossier\/programme_nucleaire_iranien\" target=\"_blank\" class=\"color-ultramarine c-link\" rel=\"nofollow noopener\">programme nucl\u00e9aire iranien<\/a>. \u00ab\u00a0L\u2019Iran a tout ce dont il a besoin pour obtenir une arme nucl\u00e9aire. Il ne manque qu\u2019une d\u00e9cision du guide supr\u00eame, et cela leur prendrait quinze jours pour achever la production\u00a0\u00bb, a averti Karoline Leavitt.<\/p>\n<p>Contacts discrets mais r\u00e9els avec T\u00e9h\u00e9ran<\/p>\n<p>Dans ce contexte, la question d\u2019une frappe cibl\u00e9e sur les installations nucl\u00e9aires iraniennes \u2013 notamment le site d\u2019enrichissement souterrain de Fordo \u2013 reste sur la table. La porte-parole a rappel\u00e9 que les Etats-Unis poss\u00e8dent \u00ab\u00a0des capacit\u00e9s qu\u2019aucun autre pays du monde ne poss\u00e8de\u00a0\u00bb, laissant entendre que des <a href=\"https:\/\/www.20minutes.fr\/dossier\/armes\" target=\"_blank\" class=\"color-ultramarine c-link\" rel=\"nofollow noopener\">armes<\/a> sp\u00e9cifiques pourraient \u00eatre utilis\u00e9es si la situation l\u2019exigeait.<\/p>\n<p><a href=\"https:\/\/www.20minutes.fr\/monde\/proche-orient\/\" target=\"_blank\" class=\"c-link c-btn c-btn--primary\" rel=\"nofollow noopener\">Notre dossier sur le Proche-Orient<\/a><\/p>\n<p>Malgr\u00e9 les tensions, des \u00e9changes persistent entre Washington et T\u00e9h\u00e9ran. Donald Trump a affirm\u00e9 que les Iraniens avaient \u00ab\u00a0m\u00eame sugg\u00e9r\u00e9 de venir \u00e0 la Maison-Blanche\u00a0\u00bb, bien que cette information ait \u00e9t\u00e9 d\u00e9mentie par la R\u00e9publique islamique. Karoline Leavitt a confirm\u00e9 qu\u2019\u00ab\u00a0une correspondance s\u2019est poursuivie\u00a0\u00bb depuis le d\u00e9but du conflit, \u00e9voquant le r\u00f4le discret de l\u2019\u00e9missaire Steve Witkoff, bien qu\u2019il ne soit pas pr\u00e9vu qu\u2019il participe \u00e0 la rencontre entre diplomates europ\u00e9ens et le ministre iranien des Affaires \u00e9trang\u00e8res Abbas Araghchi, pr\u00e9vue vendredi \u00e0 Gen\u00e8ve.<\/p>\n","protected":false},"excerpt":{"rendered":"Alors qu\u2019Isra\u00ebl poursuit ses frappes contre l\u2019Iran, Donald Trump entretient le suspense autour d\u2019une \u00e9ventuelle implication militaire des&hellip;\n","protected":false},"author":2,"featured_media":189960,"comment_status":"","ping_status":"","sticky":false,"template":"","format":"standard","meta":{"footnotes":""},"categories":[5],"tags":[47,11,17274,75,73,1011,27,14,3019,664,78,74,12,10734,28],"class_list":{"0":"post-189959","1":"post","2":"type-post","3":"status-publish","4":"format-standard","5":"has-post-thumbnail","7":"category-international","8":"tag-actualite","9":"tag-actualites","10":"tag-armee-americaine","11":"tag-donald-trump","12":"tag-etats-unis","13":"tag-fr","14":"tag-france","15":"tag-international","16":"tag-iran","17":"tag-israel","18":"tag-maison-blanche","19":"tag-monde","20":"tag-news","21":"tag-teheran","22":"tag-world"},"share_on_mastodon":{"url":"https:\/\/pubeurope.com\/@fr\/114713525199940780","error":""},"_links":{"self":[{"href":"https:\/\/www.europesays.com\/fr\/wp-json\/wp\/v2\/posts\/189959","targetHints":{"allow":["GET"]}}],"collection":[{"href":"https:\/\/www.europesays.com\/fr\/wp-json\/wp\/v2\/posts"}],"about":[{"href":"https:\/\/www.europesays.com\/fr\/wp-json\/wp\/v2\/types\/post"}],"author":[{"embeddable":true,"href":"https:\/\/www.europesays.com\/fr\/wp-json\/wp\/v2\/users\/2"}],"replies":[{"embeddable":true,"href":"https:\/\/www.europesays.com\/fr\/wp-json\/wp\/v2\/comments?post=189959"}],"version-history":[{"count":0,"href":"https:\/\/www.europesays.com\/fr\/wp-json\/wp\/v2\/posts\/189959\/revisions"}],"wp:featuredmedia":[{"embeddable":true,"href":"https:\/\/www.europesays.com\/fr\/wp-json\/wp\/v2\/media\/189960"}],"wp:attachment":[{"href":"https:\/\/www.europesays.com\/fr\/wp-json\/wp\/v2\/media?parent=189959"}],"wp:term":[{"taxonomy":"category","embeddable":true,"href":"https:\/\/www.europesays.com\/fr\/wp-json\/wp\/v2\/categories?post=189959"},{"taxonomy":"post_tag","embeddable":true,"href":"https:\/\/www.europesays.com\/fr\/wp-json\/wp\/v2\/tags?post=189959"}],"curies":[{"name":"wp","href":"https:\/\/api.w.org\/{rel}","templated":true}]}}