{"id":189970,"date":"2025-06-20T03:22:21","date_gmt":"2025-06-20T03:22:21","guid":{"rendered":"https:\/\/www.europesays.com\/fr\/189970\/"},"modified":"2025-06-20T03:22:21","modified_gmt":"2025-06-20T03:22:21","slug":"la-residence-les-jardins-re-naissance-avec-jardins-et-rooftops-marque-une-etape-dans-la-transformation-du-quartier","status":"publish","type":"post","link":"https:\/\/www.europesays.com\/fr\/189970\/","title":{"rendered":"la r\u00e9sidence Les jardins Re\/Naissance, avec jardins et rooftops, marque une \u00e9tape dans la transformation du quartier"},"content":{"rendered":"<p>Dans la rue des Cinq-Piquets, \u00e0 quelques encablures du complexe de salles de cin\u00e9ma Kinepolis \u00e0 Nancy, de nouveaux logements ont fait leur apparition.<\/p>\n<p>La r\u00e9sidence Les Jardins Re\/Naissance, inaugur\u00e9e ce mercredi 18\u00a0juin, a \u00e9t\u00e9 livr\u00e9e au mois de mars par le promoteur BRE Immobilier. Cet ensemble, compos\u00e9 de six maisons individuelles de 100 m2 avec jardins privatifs et de vingt appartements avec de grandes terrasses et des balcons, illustre parfaitement le renouveau du quartier Rives de Meurthe dont la transformation est loin d\u2019\u00eatre termin\u00e9e.<\/p>\n<p>De 160\u00a0000\u00a0\u20ac \u00e0 400\u00a0000\u00a0\u20ac l\u2019appartement<\/p>\n<p>\u00ab\u00a0Pour nous, le quartier des <a href=\"https:\/\/www.estrepublicain.fr\/societe\/2022\/03\/26\/les-rives-de-meurthe-la-ville-moderne-les-pieds-dans-l-eau\" target=\"_blank\" rel=\"noopener\">Rives de Meurthe<\/a> est une belle opportunit\u00e9, se r\u00e9jouit Bruno Reymann, pr\u00e9sident de BRE Immobilier. C\u2019est un quartier tr\u00e8s attractif, dans&#8230;<\/p>\n","protected":false},"excerpt":{"rendered":"Dans la rue des Cinq-Piquets, \u00e0 quelques encablures du complexe de salles de cin\u00e9ma Kinepolis \u00e0 Nancy, de&hellip;\n","protected":false},"author":2,"featured_media":189971,"comment_status":"","ping_status":"","sticky":false,"template":"","format":"standard","meta":{"footnotes":""},"categories":[9635],"tags":[1111,11,1707,1704,1706,1705,1777,674,1011,27,775,3457,1702,1703,12,25,104],"class_list":{"0":"post-189970","1":"post","2":"type-post","3":"status-publish","4":"format-standard","5":"has-post-thumbnail","7":"category-nancy","8":"tag-actu","9":"tag-actualites","10":"tag-edition-luneville","11":"tag-edition-nancy-et-agglomeration","12":"tag-edition-pont-a-mousson","13":"tag-edition-toul","14":"tag-eu","15":"tag-europe","16":"tag-fr","17":"tag-france","18":"tag-grand-est","19":"tag-meurthe-et-moselle","20":"tag-nancy","21":"tag-nancy-ville-54b","22":"tag-news","23":"tag-republique-francaise","24":"tag-societe"},"share_on_mastodon":{"url":"https:\/\/pubeurope.com\/@fr\/114713549003029167","error":""},"_links":{"self":[{"href":"https:\/\/www.europesays.com\/fr\/wp-json\/wp\/v2\/posts\/189970","targetHints":{"allow":["GET"]}}],"collection":[{"href":"https:\/\/www.europesays.com\/fr\/wp-json\/wp\/v2\/posts"}],"about":[{"href":"https:\/\/www.europesays.com\/fr\/wp-json\/wp\/v2\/types\/post"}],"author":[{"embeddable":true,"href":"https:\/\/www.europesays.com\/fr\/wp-json\/wp\/v2\/users\/2"}],"replies":[{"embeddable":true,"href":"https:\/\/www.europesays.com\/fr\/wp-json\/wp\/v2\/comments?post=189970"}],"version-history":[{"count":0,"href":"https:\/\/www.europesays.com\/fr\/wp-json\/wp\/v2\/posts\/189970\/revisions"}],"wp:featuredmedia":[{"embeddable":true,"href":"https:\/\/www.europesays.com\/fr\/wp-json\/wp\/v2\/media\/189971"}],"wp:attachment":[{"href":"https:\/\/www.europesays.com\/fr\/wp-json\/wp\/v2\/media?parent=189970"}],"wp:term":[{"taxonomy":"category","embeddable":true,"href":"https:\/\/www.europesays.com\/fr\/wp-json\/wp\/v2\/categories?post=189970"},{"taxonomy":"post_tag","embeddable":true,"href":"https:\/\/www.europesays.com\/fr\/wp-json\/wp\/v2\/tags?post=189970"}],"curies":[{"name":"wp","href":"https:\/\/api.w.org\/{rel}","templated":true}]}}