{"id":18998,"date":"2025-04-12T03:53:13","date_gmt":"2025-04-12T03:53:13","guid":{"rendered":"https:\/\/www.europesays.com\/fr\/18998\/"},"modified":"2025-04-12T03:53:13","modified_gmt":"2025-04-12T03:53:13","slug":"usa-la-justice-accepte-dexaminer-un-possible-allegement-de-peine-pour-les-freres-menendez-actualites","status":"publish","type":"post","link":"https:\/\/www.europesays.com\/fr\/18998\/","title":{"rendered":"USA: la justice accepte d&rsquo;examiner un possible all\u00e8gement de peine pour les fr\u00e8res Menendez : Actualit\u00e9s"},"content":{"rendered":"<p class=\"lead \">Un juge de Los Angeles a accept\u00e9 vendredi d&rsquo;examiner une motion recommandant un all\u00e8gement de la peine des fr\u00e8res Menendez, c\u00e9l\u00e8bres aux Etats-Unis pour avoir tu\u00e9 leurs richissimes parents en 1989, et qui peuvent ainsi poursuivre leur bataille judiciaire pour r\u00e9clamer d&rsquo;\u00eatre lib\u00e9r\u00e9s.<\/p>\n<p class=\"lead \">La condamnation \u00e0 la perp\u00e9tuit\u00e9 incompressible d&rsquo;Erik et Lyle Menendez, obtenue apr\u00e8s l&rsquo;un des premiers proc\u00e8s retransmis \u00e0 la t\u00e9l\u00e9vision &#8211; avant m\u00eame celui du joueur de football am\u00e9ricain O.J. Simpson &#8211; est rest\u00e9e grav\u00e9e dans la m\u00e9moire collective am\u00e9ricaine.<\/p>\n<p class=\"lead \">A l&rsquo;\u00e9poque, le parquet avait accus\u00e9 les deux jeunes hommes, \u00e2g\u00e9s de 18 et 21 ans au moment des faits, d&rsquo;avoir assassin\u00e9 leurs parents pour h\u00e9riter de leur fortune de 14 millions de dollars.<\/p>\n<p class=\"lead \">Les fr\u00e8res, qui ont pass\u00e9 presque 35 ans derri\u00e8re les barreaux, ont, eux, pr\u00e9sent\u00e9 ces meurtres comme une tentative d\u00e9sesp\u00e9r\u00e9e d&rsquo;autod\u00e9fense, en affirmant avoir \u00e9t\u00e9 viol\u00e9s pendant des ann\u00e9es par leur p\u00e8re.<\/p>\n<p class=\"lead \">La s\u00e9rie \u00ab\u00a0Monstres: L&rsquo;histoire de Lyle et Erik Menendez\u00a0\u00bb ainsi qu&rsquo;un documentaire produits par Netflix ont r\u00e9cemment relanc\u00e9 l&rsquo;int\u00e9r\u00eat pour cette affaire, dans un monde o\u00f9 le mouvement #MeToo a chang\u00e9 la perception des victimes de violences sexuelles.<\/p>\n<p class=\"lead \">Plusieurs membres de leur famille r\u00e9clament leur lib\u00e9ration, ainsi que des stars comme Kim Kardashian.<\/p>\n<p class=\"lead \">Mais en mars, le nouveau procureur de Los Angeles, Nathan Hochman, s&rsquo;est oppos\u00e9 \u00e0 leur sortie de prison.<\/p>\n<p class=\"lead \">&#8211; Rapport sur la conduite des fr\u00e8res &#8211;<\/p>\n<p class=\"lead \">\u00ab\u00a0Les fr\u00e8res Menendez n&rsquo;ont pas fait la lumi\u00e8re sur leurs crimes et n&rsquo;en assument pas la responsabilit\u00e9 (&#8230;). Ils ont racont\u00e9 20 mensonges diff\u00e9rents, ils ont admis quatre d&rsquo;entre eux, mais 16 mensonges n&rsquo;ont pas \u00e9t\u00e9 reconnus\u00a0\u00bb, a-t-il expliqu\u00e9.<\/p>\n<p class=\"lead \">Le procureur r\u00e9clamait au tribunal de retirer une motion d\u00e9pos\u00e9e par son pr\u00e9d\u00e9cesseur, qui recommandait un all\u00e8gement de peine pour les fr\u00e8res Menendez. Mais le juge Michael Jesic a refus\u00e9 de le faire vendredi, d\u00e9cidant au contraire de l&rsquo;examiner.<\/p>\n<p class=\"lead \">\u00ab\u00a0La justice l&rsquo;a emport\u00e9 face \u00e0 la politique\u00a0\u00bb, s&rsquo;est f\u00e9licit\u00e9 devant la presse Me Mark Geragos, avocat d&rsquo;Erik et Lyle. \u00ab\u00a0Ils ont attendu un long moment pour obtenir un peu de justice, et aujourd&rsquo;hui \u00e9tait probablement leur plus grand jour depuis leur arrestation.\u00a0\u00bb<\/p>\n<p class=\"lead \">Un tel all\u00e8gement pourrait conduire \u00e0 la lib\u00e9ration conditionnelle des fr\u00e8res, \u00e9tant donn\u00e9 le temps qu&rsquo;ils ont d\u00e9j\u00e0 pass\u00e9 derri\u00e8re les barreaux.<\/p>\n<p class=\"lead \">La demande de nouvelle condamnation est l&rsquo;une des trois voies distinctes suivies par les avocats des deux hommes, qui cherchent \u00e9galement \u00e0 obtenir un nouveau proc\u00e8s et demandent aussi au gouverneur de Californie, Gavin Newsom, de commuer leur peine. <\/p>\n<p class=\"lead \">M. Hochman s&rsquo;oppose \u00e9galement \u00e0 un nouveau proc\u00e8s. <\/p>\n<p class=\"lead \">De son c\u00f4t\u00e9, le gouverneur Newsom doit se voir remettre en juin un rapport sur la conduite en prison des deux fr\u00e8res pendant toutes ces ann\u00e9es, qui l&rsquo;aidera \u00e0 se prononcer sur leur sort. <\/p>\n<p class=\"lead \">Il assure ne pas avoir regard\u00e9 la s\u00e9rie et le documentaire r\u00e9cemment sortis sur leur affaire, pour \u00ab\u00a0ne pas \u00eatre influenc\u00e9\u00a0\u00bb.<\/p>\n<p class=\"small font-weight-bold text-gray3 \"> publi\u00e9 le 12 avril \u00e0 04h31, AFP<\/p>\n<p>                             Partager<\/p>\n","protected":false},"excerpt":{"rendered":"Un juge de Los Angeles a accept\u00e9 vendredi d&rsquo;examiner une motion recommandant un all\u00e8gement de la peine des&hellip;\n","protected":false},"author":2,"featured_media":18999,"comment_status":"","ping_status":"","sticky":false,"template":"","format":"standard","meta":{"footnotes":""},"categories":[1589],"tags":[11,1120,73,1866,2683,303,12,806,4780,1864,1865,1863,308],"class_list":{"0":"post-18998","1":"post","2":"type-post","3":"status-publish","4":"format-standard","5":"has-post-thumbnail","7":"category-etats-unis","8":"tag-actualites","9":"tag-agression","10":"tag-etats-unis","11":"tag-etats-unis-damerique","12":"tag-homicide","13":"tag-justice","14":"tag-news","15":"tag-prison","16":"tag-procs","17":"tag-united-states","18":"tag-united-states-of-america","19":"tag-us","20":"tag-usa"},"share_on_mastodon":{"url":"https:\/\/pubeurope.com\/@fr\/114322971225929218","error":""},"_links":{"self":[{"href":"https:\/\/www.europesays.com\/fr\/wp-json\/wp\/v2\/posts\/18998","targetHints":{"allow":["GET"]}}],"collection":[{"href":"https:\/\/www.europesays.com\/fr\/wp-json\/wp\/v2\/posts"}],"about":[{"href":"https:\/\/www.europesays.com\/fr\/wp-json\/wp\/v2\/types\/post"}],"author":[{"embeddable":true,"href":"https:\/\/www.europesays.com\/fr\/wp-json\/wp\/v2\/users\/2"}],"replies":[{"embeddable":true,"href":"https:\/\/www.europesays.com\/fr\/wp-json\/wp\/v2\/comments?post=18998"}],"version-history":[{"count":0,"href":"https:\/\/www.europesays.com\/fr\/wp-json\/wp\/v2\/posts\/18998\/revisions"}],"wp:featuredmedia":[{"embeddable":true,"href":"https:\/\/www.europesays.com\/fr\/wp-json\/wp\/v2\/media\/18999"}],"wp:attachment":[{"href":"https:\/\/www.europesays.com\/fr\/wp-json\/wp\/v2\/media?parent=18998"}],"wp:term":[{"taxonomy":"category","embeddable":true,"href":"https:\/\/www.europesays.com\/fr\/wp-json\/wp\/v2\/categories?post=18998"},{"taxonomy":"post_tag","embeddable":true,"href":"https:\/\/www.europesays.com\/fr\/wp-json\/wp\/v2\/tags?post=18998"}],"curies":[{"name":"wp","href":"https:\/\/api.w.org\/{rel}","templated":true}]}}