{"id":189988,"date":"2025-06-20T03:34:32","date_gmt":"2025-06-20T03:34:32","guid":{"rendered":"https:\/\/www.europesays.com\/fr\/189988\/"},"modified":"2025-06-20T03:34:32","modified_gmt":"2025-06-20T03:34:32","slug":"strasbourg-un-homme-en-urgence-absolue-apres-une-agression-a-larme-blanche","status":"publish","type":"post","link":"https:\/\/www.europesays.com\/fr\/189988\/","title":{"rendered":"Strasbourg : un homme en urgence absolue apr\u00e8s une agression \u00e0 l\u2019arme blanche"},"content":{"rendered":"<p class=\"paragraph text_align_left lp-f-body-02\">Un homme de 36 ans, agress\u00e9 par <a href=\"https:\/\/www.leparisien.fr\/seine-et-marne-77\/melun-rixe-a-larme-blanche-derriere-la-gare-deux-blesses-graves-14-06-2025-GUPJORUGNBDUBENBOUXPKCCVXU.php\" target=\"_self\" rel=\"nofollow noopener\">arme blanche<\/a> dans la nuit de mercredi \u00e0 jeudi au coeur de <a href=\"https:\/\/www.leparisien.fr\/bas-rhin-67\/\" target=\"_self\" rel=\"nofollow noopener\">Strasbourg<\/a>, a \u00e9t\u00e9 hospitalis\u00e9 \u00ab en urgence absolue \u00bb, ont annonc\u00e9 les secours.<\/p>\n<p class=\"paragraph text_align_left lp-f-body-02\">La victime pr\u00e9sente \u00ab une vingtaine de plaies par arme blanche \u00bb sur le corps, a-t-on appris d\u2019une source polici\u00e8re qui pr\u00e9cise que la victime connaissait son agresseur.<\/p>\n<p class=\"paragraph text_align_left lp-f-body-02\">La \u00ab rixe \u00bb s\u2019est produite rue des Grandes Arcades, une art\u00e8re pi\u00e9tonne parmi les plus passantes de la vieille ville, selon la m\u00eame source.<\/p>\n<p class=\"paragraph text_align_left lp-f-body-02\">\u00ab La zone d\u2019intervention a \u00e9t\u00e9 s\u00e9curis\u00e9e par la police \u00bb, indique dans un communiqu\u00e9 le service d\u00e9partemental d\u2019incendie et de secours (Sdis). \u00ab L\u2019agresseur avait quitt\u00e9 les lieux au moment de l\u2019intervention \u00bb.<\/p>\n<p class=\"lp-card-podcast-highlighting__title  lp-f-subtitle-05\">La tuerie du Sofitel d\u2019Avignon (2\/2)<\/p>\n<p class=\"lp-card-podcast-highlighting__description lp-f-ui-05\">Crime story raconte chaque semaine les grandes affaires criminelles.<\/p>\n<p><a class=\"lp-card-podcast-highlighting__call-to-action\" data-page-type=\"HP\" data-block-name=\"podcast-highlight\">\u00c9couter<\/a><\/p>\n<p class=\"paragraph text_align_left lp-f-body-02\">Sollicit\u00e9, le parquet de Strasbourg n\u2019a pas donn\u00e9 suite dans l\u2019imm\u00e9diat.<\/p>\n","protected":false},"excerpt":{"rendered":"Un homme de 36 ans, agress\u00e9 par arme blanche dans la nuit de mercredi \u00e0 jeudi au coeur&hellip;\n","protected":false},"author":2,"featured_media":189989,"comment_status":"","ping_status":"","sticky":false,"template":"","format":"standard","meta":{"footnotes":""},"categories":[2820],"tags":[1111,11,459,1777,674,118,1011,27,775,12,25,640],"class_list":{"0":"post-189988","1":"post","2":"type-post","3":"status-publish","4":"format-standard","5":"has-post-thumbnail","7":"category-strasbourg","8":"tag-actu","9":"tag-actualites","10":"tag-departements-horsidfo","11":"tag-eu","12":"tag-europe","13":"tag-faits-divers","14":"tag-fr","15":"tag-france","16":"tag-grand-est","17":"tag-news","18":"tag-republique-francaise","19":"tag-strasbourg"},"share_on_mastodon":{"url":"https:\/\/pubeurope.com\/@fr\/114713597551221123","error":""},"_links":{"self":[{"href":"https:\/\/www.europesays.com\/fr\/wp-json\/wp\/v2\/posts\/189988","targetHints":{"allow":["GET"]}}],"collection":[{"href":"https:\/\/www.europesays.com\/fr\/wp-json\/wp\/v2\/posts"}],"about":[{"href":"https:\/\/www.europesays.com\/fr\/wp-json\/wp\/v2\/types\/post"}],"author":[{"embeddable":true,"href":"https:\/\/www.europesays.com\/fr\/wp-json\/wp\/v2\/users\/2"}],"replies":[{"embeddable":true,"href":"https:\/\/www.europesays.com\/fr\/wp-json\/wp\/v2\/comments?post=189988"}],"version-history":[{"count":0,"href":"https:\/\/www.europesays.com\/fr\/wp-json\/wp\/v2\/posts\/189988\/revisions"}],"wp:featuredmedia":[{"embeddable":true,"href":"https:\/\/www.europesays.com\/fr\/wp-json\/wp\/v2\/media\/189989"}],"wp:attachment":[{"href":"https:\/\/www.europesays.com\/fr\/wp-json\/wp\/v2\/media?parent=189988"}],"wp:term":[{"taxonomy":"category","embeddable":true,"href":"https:\/\/www.europesays.com\/fr\/wp-json\/wp\/v2\/categories?post=189988"},{"taxonomy":"post_tag","embeddable":true,"href":"https:\/\/www.europesays.com\/fr\/wp-json\/wp\/v2\/tags?post=189988"}],"curies":[{"name":"wp","href":"https:\/\/api.w.org\/{rel}","templated":true}]}}