{"id":189990,"date":"2025-06-20T03:35:17","date_gmt":"2025-06-20T03:35:17","guid":{"rendered":"https:\/\/www.europesays.com\/fr\/189990\/"},"modified":"2025-06-20T03:35:17","modified_gmt":"2025-06-20T03:35:17","slug":"en-partenariat-avec-citeo-la-metropole-va-construire-lun-des-centres-de-tri-les-plus-modernes-de-france-dans-ce-quartier-prioritaire-de-nice","status":"publish","type":"post","link":"https:\/\/www.europesays.com\/fr\/189990\/","title":{"rendered":"En partenariat avec Citeo, la M\u00e9tropole va construire \u00ab\u00a0l&rsquo;un des centres de tri les plus modernes de France\u00a0\u00bb dans ce quartier prioritaire de Nice"},"content":{"rendered":"<p>\u00ab\u00a0Ce nouveau contrat va nous permettre de devenir compl\u00e8tement autonome dans la gestion de nos d\u00e9chets m\u00e9nagers et de nos ordures\u00a0\u00bb, explique <strong>Pierre-Paul L\u00e9onelli<\/strong>, vice-pr\u00e9sident d\u00e9l\u00e9gu\u00e9 \u00e0 la Collecte et \u00e0 la Valorisation des d\u00e9chets au sein de la M\u00e9tropole.<\/p>\n<p>L\u2019institution pr\u00e9sid\u00e9e par Christian Estrosi, vient de n\u00e9gocier <strong>16,5 millions d\u2019euros aupr\u00e8s de Cit\u00e9o<\/strong>, une entreprise sp\u00e9cialis\u00e9e dans le recyclage des emballages m\u00e9nagers. Objectif: <strong>construire un nouveau centre de tri \u00e0 L\u2019Ariane.<\/strong><\/p>\n<p>Actuellement, les camions de l\u2019Ariane sont envoy\u00e9s \u00e0 Cannes pour le tri des d\u00e9chets. Avec cette nouvelle convention, l\u2019id\u00e9e mise en avant par la M\u00e9tropole est de limiter ses \u00e9missions de CO2 en restant sur son territoire.<\/p>\n<p>Un nouveau projet pour la collecte s\u00e9lective des emballages <\/p>\n<p><strong>Ce centre de tri int\u00e9grera en 2026 le site de la recyclerie de l\u2019Ariane.<\/strong> Alors que la modernisation de l\u2019incin\u00e9rateur est toujours en cours, c\u2019est donc, un nouveau projet qui voit le jour. <strong>Le partenariat entre Cit\u00e9o et la M\u00e9tropole, officialis\u00e9 le 10 juin<\/strong>, va permettre la construction de \u00ab\u00a0l\u2019un des centres de tri les plus modernes de France\u00a0\u00bb, notamment avec ses syst\u00e8mes automatis\u00e9s et l\u2019utilisation de l\u2019intelligence artificielle pour le tri des d\u00e9chets. Ce sont 16,5 nouveaux millions d\u2019euros qui sont investis dans Arianeo, en plus des 222 millions d\u00e9j\u00e0 consacr\u00e9s \u00e0 la revalorisation de l\u2019incin\u00e9rateur.<\/p>\n","protected":false},"excerpt":{"rendered":"\u00ab\u00a0Ce nouveau contrat va nous permettre de devenir compl\u00e8tement autonome dans la gestion de nos d\u00e9chets m\u00e9nagers et&hellip;\n","protected":false},"author":2,"featured_media":189991,"comment_status":"","ping_status":"","sticky":false,"template":"","format":"standard","meta":{"footnotes":""},"categories":[2819],"tags":[1111,11,1777,674,1011,27,12,2401,882,25,3366],"class_list":{"0":"post-189990","1":"post","2":"type-post","3":"status-publish","4":"format-standard","5":"has-post-thumbnail","7":"category-nice","8":"tag-actu","9":"tag-actualites","10":"tag-eu","11":"tag-europe","12":"tag-fr","13":"tag-france","14":"tag-news","15":"tag-nice","16":"tag-provence-alpes-cote-dazur","17":"tag-republique-francaise","18":"tag-vie-locale"},"share_on_mastodon":{"url":"https:\/\/pubeurope.com\/@fr\/114713600295460001","error":""},"_links":{"self":[{"href":"https:\/\/www.europesays.com\/fr\/wp-json\/wp\/v2\/posts\/189990","targetHints":{"allow":["GET"]}}],"collection":[{"href":"https:\/\/www.europesays.com\/fr\/wp-json\/wp\/v2\/posts"}],"about":[{"href":"https:\/\/www.europesays.com\/fr\/wp-json\/wp\/v2\/types\/post"}],"author":[{"embeddable":true,"href":"https:\/\/www.europesays.com\/fr\/wp-json\/wp\/v2\/users\/2"}],"replies":[{"embeddable":true,"href":"https:\/\/www.europesays.com\/fr\/wp-json\/wp\/v2\/comments?post=189990"}],"version-history":[{"count":0,"href":"https:\/\/www.europesays.com\/fr\/wp-json\/wp\/v2\/posts\/189990\/revisions"}],"wp:featuredmedia":[{"embeddable":true,"href":"https:\/\/www.europesays.com\/fr\/wp-json\/wp\/v2\/media\/189991"}],"wp:attachment":[{"href":"https:\/\/www.europesays.com\/fr\/wp-json\/wp\/v2\/media?parent=189990"}],"wp:term":[{"taxonomy":"category","embeddable":true,"href":"https:\/\/www.europesays.com\/fr\/wp-json\/wp\/v2\/categories?post=189990"},{"taxonomy":"post_tag","embeddable":true,"href":"https:\/\/www.europesays.com\/fr\/wp-json\/wp\/v2\/tags?post=189990"}],"curies":[{"name":"wp","href":"https:\/\/api.w.org\/{rel}","templated":true}]}}