{"id":189992,"date":"2025-06-20T03:36:28","date_gmt":"2025-06-20T03:36:28","guid":{"rendered":"https:\/\/www.europesays.com\/fr\/189992\/"},"modified":"2025-06-20T03:36:28","modified_gmt":"2025-06-20T03:36:28","slug":"ex-girondins-gaetan-laborde-vers-un-depart-de-nice","status":"publish","type":"post","link":"https:\/\/www.europesays.com\/fr\/189992\/","title":{"rendered":"Ex-Girondins : Ga\u00ebtan Laborde vers un d\u00e9part de Nice"},"content":{"rendered":"<p><img decoding=\"async\" src=\"https:\/\/www.europesays.com\/fr\/wp-content\/uploads\/2025\/06\/671_6b7b5ada329425db7e2ccb6945adaa1f.png\" alt=\"Ex-Girondins : Ga\u00ebtan Laborde vers un d\u00e9part de Nice\" class=\"img-responsive mt-3\"\/><\/p>\n<p class=\"text-center mb-3\" style=\"font-size: 14px\">\u00a9 Iconsport<\/p>\n<p><strong>Vers les pays du Golfe ?<\/strong><\/p>\n<p style=\"text-align: justify;\">Dans un <a href=\"https:\/\/www.lequipe.fr\/Football\/Article\/L-inconnue-ndombele-laborde-et-boga-pas-retenus-nice-un-mercato-qui-ne-demande-qu-a-s-agiter\/1571217\" target=\"_blank\" rel=\"noopener\">article de L\u2019\u00c9quipe<\/a>, on apprend que l\u2019attaquant fran\u00e7ais de 31 ans pourrait d\u00e9couvrir un nouveau championnat, lui qui n\u2019a jou\u00e9 qu\u2019en France depuis le d\u00e9but de sa carri\u00e8re. Form\u00e9 aux Girondins en 2008, il signe son premier contrat professionnel en 2013 avec les Marine et Blanc. Il remporte d\u2019ailleurs la Coupe Gambardella cette m\u00eame ann\u00e9e. Il quitte le club en 2018 pour rejoindre Montpellier, o\u00f9 il s\u2019\u00e9panouit, avant de poursuivre \u00e0 Rennes puis \u00e0 Nice, son club actuel.<\/p>\n<p style=\"text-align: justify;\">Apr\u00e8s une bonne saison conclue \u00e0 la quatri\u00e8me place, l\u2019OGC Nice disputera le 3e tour pr\u00e9liminaire de la Ligue des champions. Malgr\u00e9 un passage favorable devant la DNCG, le club souhaite r\u00e9duire les co\u00fbts et cherche \u00e0 vendre certains joueurs, dont l\u2019ancien Bordelais.<\/p>\n<p style=\"text-align: justify;\">Le salaire de Ga\u00ebtan Laborde est de 320 000 \u20ac brut mensuels, mais celui-ci montera \u00e0 350 000 \u20ac en cas de participation \u00e0 la Ligue des champions. Les pr\u00e9tendants ne sont pas nombreux et sont essentiellement dans les pays du Golfe, comme le pr\u00e9cise l\u2019\u00c9quipe. En janvier, c\u2019est le club qatari de Al-Duhail qui le d\u00e9sirait. Reste \u00e0 savoir si les dirigeants qataris vont revenir \u00e0 la charge.<\/p>\n<p style=\"text-align: justify;\">\u00a0<\/p>\n<p style=\"text-align: justify;\">\u00c0 lire &gt;&gt; <strong><a href=\"https:\/\/www.webgirondins.com\/actualite-girondins-mercato-un-ancien-espoir-des-girondins-de-bordeaux-quitte-dinan-lehon-pour-la-regional-2-129469\" target=\"_blank\" rel=\"noopener\">Mercato : un ancien espoir des Girondins de Bordeaux quitte Dinan L\u00e9hon pour la R\u00e9gional 2<\/a><\/strong><\/p>\n<p style=\"text-align: justify;\">Notre podcast court :<\/p>\n<p style=\"text-align: justify;\">\u00a0<\/p>\n<p>\u00a0<\/p>\n","protected":false},"excerpt":{"rendered":"\u00a9 Iconsport Vers les pays du Golfe ? Dans un article de L\u2019\u00c9quipe, on apprend que l\u2019attaquant fran\u00e7ais&hellip;\n","protected":false},"author":2,"featured_media":189993,"comment_status":"","ping_status":"","sticky":false,"template":"","format":"standard","meta":{"footnotes":""},"categories":[2819],"tags":[1111,11,6828,3985,3235,1777,674,1011,27,17875,1987,32790,3022,12,2401,32792,471,32791,5109,882,8713,25,3242,3584,13129,13703],"class_list":{"0":"post-189992","1":"post","2":"type-post","3":"status-publish","4":"format-standard","5":"has-post-thumbnail","7":"category-nice","8":"tag-actu","9":"tag-actualites","10":"tag-champions","11":"tag-depart","12":"tag-effectif","13":"tag-eu","14":"tag-europe","15":"tag-fr","16":"tag-france","17":"tag-gaetan","18":"tag-girondins","19":"tag-laborde","20":"tag-ligue","21":"tag-news","22":"tag-nice","23":"tag-ogc","24":"tag-pour","25":"tag-preliminaire","26":"tag-prepare","27":"tag-provence-alpes-cote-dazur","28":"tag-qualifie","29":"tag-republique-francaise","30":"tag-saison","31":"tag-tour","32":"tag-venir","33":"tag-vers"},"share_on_mastodon":{"url":"https:\/\/pubeurope.com\/@fr\/114713604092863839","error":""},"_links":{"self":[{"href":"https:\/\/www.europesays.com\/fr\/wp-json\/wp\/v2\/posts\/189992","targetHints":{"allow":["GET"]}}],"collection":[{"href":"https:\/\/www.europesays.com\/fr\/wp-json\/wp\/v2\/posts"}],"about":[{"href":"https:\/\/www.europesays.com\/fr\/wp-json\/wp\/v2\/types\/post"}],"author":[{"embeddable":true,"href":"https:\/\/www.europesays.com\/fr\/wp-json\/wp\/v2\/users\/2"}],"replies":[{"embeddable":true,"href":"https:\/\/www.europesays.com\/fr\/wp-json\/wp\/v2\/comments?post=189992"}],"version-history":[{"count":0,"href":"https:\/\/www.europesays.com\/fr\/wp-json\/wp\/v2\/posts\/189992\/revisions"}],"wp:featuredmedia":[{"embeddable":true,"href":"https:\/\/www.europesays.com\/fr\/wp-json\/wp\/v2\/media\/189993"}],"wp:attachment":[{"href":"https:\/\/www.europesays.com\/fr\/wp-json\/wp\/v2\/media?parent=189992"}],"wp:term":[{"taxonomy":"category","embeddable":true,"href":"https:\/\/www.europesays.com\/fr\/wp-json\/wp\/v2\/categories?post=189992"},{"taxonomy":"post_tag","embeddable":true,"href":"https:\/\/www.europesays.com\/fr\/wp-json\/wp\/v2\/tags?post=189992"}],"curies":[{"name":"wp","href":"https:\/\/api.w.org\/{rel}","templated":true}]}}