{"id":190008,"date":"2025-06-20T03:49:22","date_gmt":"2025-06-20T03:49:22","guid":{"rendered":"https:\/\/www.europesays.com\/fr\/190008\/"},"modified":"2025-06-20T03:49:22","modified_gmt":"2025-06-20T03:49:22","slug":"11-de-reservations-au-depart-de-lille-pour-lete-2025","status":"publish","type":"post","link":"https:\/\/www.europesays.com\/fr\/190008\/","title":{"rendered":"+11% de r\u00e9servations au d\u00e9part de Lille pour l\u2019\u00e9t\u00e9 2025"},"content":{"rendered":"<p>\t\t\t\t\t <a class=\"liens\" href=\"https:\/\/www.tourmag.com\/tags\/tui+france\/\" target=\"_blank\" rel=\"noopener\">TUI France<\/a> annonce une progression de 11 % des r\u00e9servations pour l\u2019\u00e9t\u00e9 2025 au d\u00e9part de l\u2019a\u00e9roport de Lille. <\/p>\n<p>Une dynamique port\u00e9e par un catalogue enrichi : 24 destinations soleil, dont 7 nouveaut\u00e9s avec ASL Airlines France, telles que Palerme, Fuerteventura, Rhodes ou encore Corfou. Ces ajouts viennent renforcer une offre tout inclus (vols, transferts, h\u00e9bergement, pension compl\u00e8te et animations).&#13;\t\t\t\t\t <\/p>\n<p>Les clubs Marmara ont la cote, notamment \u00e0 <a class=\"liens\" href=\"https:\/\/g.co\/kgs\/kdcVLvf\" target=\"_blank\">Rhodes<\/a> (Doreta Beach), <a class=\"liens\" href=\"https:\/\/g.co\/kgs\/tRQTsWh\" target=\"_blank\">Kos<\/a> (Zorbas Beach) ou encore Agadir (Les Jardins d\u2019Agadir). C\u00f4t\u00e9 bons plans, les Canaries restent accessibles avec le Club Look\u00e9a Alua Village \u00e0 Fuerteventura d\u00e8s 1039 \u20ac TTC pour un d\u00e9part le 8 juillet.\n\t\t\t\t <\/p>\n","protected":false},"excerpt":{"rendered":"TUI France annonce une progression de 11 % des r\u00e9servations pour l\u2019\u00e9t\u00e9 2025 au d\u00e9part de l\u2019a\u00e9roport de&hellip;\n","protected":false},"author":2,"featured_media":190009,"comment_status":"","ping_status":"","sticky":false,"template":"","format":"standard","meta":{"footnotes":""},"categories":[2815],"tags":[1111,11,32793,1777,674,1011,27,811,1307,12,25,29926],"class_list":{"0":"post-190008","1":"post","2":"type-post","3":"status-publish","4":"format-standard","5":"has-post-thumbnail","7":"category-lille","8":"tag-actu","9":"tag-actualites","10":"tag-asl-airlines","11":"tag-eu","12":"tag-europe","13":"tag-fr","14":"tag-france","15":"tag-hauts-de-france","16":"tag-lille","17":"tag-news","18":"tag-republique-francaise","19":"tag-tui-france"},"share_on_mastodon":{"url":"https:\/\/pubeurope.com\/@fr\/114713655591740657","error":""},"_links":{"self":[{"href":"https:\/\/www.europesays.com\/fr\/wp-json\/wp\/v2\/posts\/190008","targetHints":{"allow":["GET"]}}],"collection":[{"href":"https:\/\/www.europesays.com\/fr\/wp-json\/wp\/v2\/posts"}],"about":[{"href":"https:\/\/www.europesays.com\/fr\/wp-json\/wp\/v2\/types\/post"}],"author":[{"embeddable":true,"href":"https:\/\/www.europesays.com\/fr\/wp-json\/wp\/v2\/users\/2"}],"replies":[{"embeddable":true,"href":"https:\/\/www.europesays.com\/fr\/wp-json\/wp\/v2\/comments?post=190008"}],"version-history":[{"count":0,"href":"https:\/\/www.europesays.com\/fr\/wp-json\/wp\/v2\/posts\/190008\/revisions"}],"wp:featuredmedia":[{"embeddable":true,"href":"https:\/\/www.europesays.com\/fr\/wp-json\/wp\/v2\/media\/190009"}],"wp:attachment":[{"href":"https:\/\/www.europesays.com\/fr\/wp-json\/wp\/v2\/media?parent=190008"}],"wp:term":[{"taxonomy":"category","embeddable":true,"href":"https:\/\/www.europesays.com\/fr\/wp-json\/wp\/v2\/categories?post=190008"},{"taxonomy":"post_tag","embeddable":true,"href":"https:\/\/www.europesays.com\/fr\/wp-json\/wp\/v2\/tags?post=190008"}],"curies":[{"name":"wp","href":"https:\/\/api.w.org\/{rel}","templated":true}]}}