{"id":190102,"date":"2025-06-20T04:43:11","date_gmt":"2025-06-20T04:43:11","guid":{"rendered":"https:\/\/www.europesays.com\/fr\/190102\/"},"modified":"2025-06-20T04:43:11","modified_gmt":"2025-06-20T04:43:11","slug":"nominations-carole-lymer-edouard-lapasset-cedric-doux-les-mouvements-du-jour","status":"publish","type":"post","link":"https:\/\/www.europesays.com\/fr\/190102\/","title":{"rendered":"Nominations. Carole Lymer, Edouard Lapasset, C\u00e9dric Doux&#8230; : les mouvements du jour"},"content":{"rendered":"<p>\u00c0 l&rsquo;occasion de l&rsquo;Assembl\u00e9e g\u00e9n\u00e9rale de\u00a0la French Tech Alpes Grenoble (FTAG), qui s&rsquo;est d\u00e9roul\u00e9e ce jeudi, la structure a chang\u00e9 de t\u00eate.<\/p>\n<p>Romain Gentil a transmis sont mandat de pr\u00e9sident \u00e0 Carole Lymer. Cette derni\u00e8re \u00e9tait d\u00e9j\u00e0 membre du\u00a0Comit\u00e9 ex\u00e9cutif de la FTAG et par ailleurs fondatrice de Honima, soci\u00e9t\u00e9 de services et de conseils aux entreprises.<\/p>\n<p>La French Tech Alpes Grenoble est la structure qui incarne la dynamique French Tech localement. French Tech Alpes Grenoble est une\u00a0soci\u00e9t\u00e9 coop\u00e9rative d\u2019int\u00e9r\u00eat collectif (SCIC) qui rassemble aujourd\u2019hui plus de 500 soci\u00e9taires dont des collectivit\u00e9s, des partenaires institutionnels et des personnes physiques repr\u00e9sentants des startupeurs du num\u00e9rique, des cadres de grands groupes, des dirigeants de PME&#8230;<\/p>\n<p>La FTAG agit quotidiennement en faveur de la cr\u00e9ation, du d\u00e9veloppement et du rayonnement des start-up et entreprises innovantes du bassin grenoblois.<\/p>\n","protected":false},"excerpt":{"rendered":"\u00c0 l&rsquo;occasion de l&rsquo;Assembl\u00e9e g\u00e9n\u00e9rale de\u00a0la French Tech Alpes Grenoble (FTAG), qui s&rsquo;est d\u00e9roul\u00e9e ce jeudi, la structure&hellip;\n","protected":false},"author":2,"featured_media":185082,"comment_status":"","ping_status":"","sticky":false,"template":"","format":"standard","meta":{"footnotes":""},"categories":[9566],"tags":[1111,11,2430,9810,33,1777,674,1011,27,2731,12,9350,25,216],"class_list":{"0":"post-190102","1":"post","2":"type-post","3":"status-publish","4":"format-standard","5":"has-post-thumbnail","7":"category-grenoble","8":"tag-actu","9":"tag-actualites","10":"tag-auvergne-rhone-alpes","11":"tag-direct-entreprises","12":"tag-economie","13":"tag-eu","14":"tag-europe","15":"tag-fr","16":"tag-france","17":"tag-grenoble","18":"tag-news","19":"tag-nominations","20":"tag-republique-francaise","21":"tag-vie-des-entreprises"},"share_on_mastodon":{"url":"https:\/\/pubeurope.com\/@fr\/114713867203912102","error":""},"_links":{"self":[{"href":"https:\/\/www.europesays.com\/fr\/wp-json\/wp\/v2\/posts\/190102","targetHints":{"allow":["GET"]}}],"collection":[{"href":"https:\/\/www.europesays.com\/fr\/wp-json\/wp\/v2\/posts"}],"about":[{"href":"https:\/\/www.europesays.com\/fr\/wp-json\/wp\/v2\/types\/post"}],"author":[{"embeddable":true,"href":"https:\/\/www.europesays.com\/fr\/wp-json\/wp\/v2\/users\/2"}],"replies":[{"embeddable":true,"href":"https:\/\/www.europesays.com\/fr\/wp-json\/wp\/v2\/comments?post=190102"}],"version-history":[{"count":0,"href":"https:\/\/www.europesays.com\/fr\/wp-json\/wp\/v2\/posts\/190102\/revisions"}],"wp:featuredmedia":[{"embeddable":true,"href":"https:\/\/www.europesays.com\/fr\/wp-json\/wp\/v2\/media\/185082"}],"wp:attachment":[{"href":"https:\/\/www.europesays.com\/fr\/wp-json\/wp\/v2\/media?parent=190102"}],"wp:term":[{"taxonomy":"category","embeddable":true,"href":"https:\/\/www.europesays.com\/fr\/wp-json\/wp\/v2\/categories?post=190102"},{"taxonomy":"post_tag","embeddable":true,"href":"https:\/\/www.europesays.com\/fr\/wp-json\/wp\/v2\/tags?post=190102"}],"curies":[{"name":"wp","href":"https:\/\/api.w.org\/{rel}","templated":true}]}}