{"id":190105,"date":"2025-06-20T04:45:12","date_gmt":"2025-06-20T04:45:12","guid":{"rendered":"https:\/\/www.europesays.com\/fr\/190105\/"},"modified":"2025-06-20T04:45:12","modified_gmt":"2025-06-20T04:45:12","slug":"des-bouilloires-thermiques-pourquoi-les-appartements-du-centre-historique-de-rennes-sont-plus-sensibles-aux-pics-de-chaleur","status":"publish","type":"post","link":"https:\/\/www.europesays.com\/fr\/190105\/","title":{"rendered":"Des \u00ab\u00a0bouilloires thermiques\u00a0\u00bb\u00a0: pourquoi les appartements du centre historique de Rennes sont plus sensibles aux pics de chaleur"},"content":{"rendered":"<p>Rue Le Bastard, le \u00ab ciel de rue \u00bb prot\u00e8ge \u00e0 nouveau les passants du soleil depuis quelques jours. Ce dispositif d\u2019ombrage \u00e9ph\u00e9m\u00e8re, test\u00e9 en 2023, revient chaque \u00e9t\u00e9 pour limiter l\u2019envol\u00e9e du mercure dans cette art\u00e8re du centre historique de Rennes. Le quartier est en plein \u00ab \u00eelot de chaleur urbain \u00bb : en journ\u00e9e, la chaleur s\u2019accumule dans les murs et les sols avant d\u2019\u00eatre restitu\u00e9e pendant la nuit. D\u2019o\u00f9 d\u2019importants \u00e9carts de temp\u00e9rature, une fois le soleil couch\u00e9, entre le centre et la campagne environnante, naturellement \u00ab climatis\u00e9e \u00bb par la v\u00e9g\u00e9tation. Des chercheurs de Rennes 2, qui ont mis au point <a href=\"https:\/\/run.letg.cnrs.fr\/\" target=\"_blank\" rel=\"noopener\">un site permettant de suivre le ph\u00e9nom\u00e8ne en direct<\/a>, ont enregistr\u00e9 jusqu\u2019\u00e0 9\u00b0 de diff\u00e9rence, en juillet 2022.<\/p>\n<p>Pour les habitants du vieux Rennes, <a href=\"https:\/\/www.letelegramme.fr\/ille-et-vilaine\/des-temperatures-accablantes-voici-ou-il-va-faire-le-plus-chaud-en-ille-et-vilaine-en-fin-de-semaine-6838701.php\" target=\"_blank\" rel=\"noopener\">la vague de chaleur qui a commenc\u00e9 \u00e0 d\u00e9ferler<\/a> ce jeudi 19 juin s\u2019annonce donc un peu plus \u00e9prouvante que pour les autres. Dans la nuit de vendredi \u00e0 samedi, la temp\u00e9rature devrait redescendre \u00e0 un acceptable 23 degr\u00e9s \u00e0 l\u2019\u00e9chelle de la ville. Mais, \u00e0 cause de cet effet \u00ab d\u00f4me \u00bb, ce sera sans doute plus dans le centre. \u00ab On se demande si on ne va pas aller passer le week-end dans les C\u00f4tes-d\u2019Armor \u00bb, s\u2019interroge Rose, une riveraine inqui\u00e8te pour sa petite de trois mois.<\/p>\n<p>\u00ab Il faut se pencher sur la question de la surchauffe en \u00e9t\u00e9 \u00bb<\/p>\n<p>D\u2019autant qu\u2019il n\u2019est pas toujours simple de garder la fra\u00eecheur dans les appartements. Les vieilles maisons \u00e0 pans de bois ont \u00e9t\u00e9 construites pour la plupart entre le XVe et le XVIIIe si\u00e8cle. Du fait d\u2019une pi\u00e8tre isolation, 71 % des logements du centre ancien &#8211; soit 3 600 &#8211; sont consid\u00e9r\u00e9s comme des passoires \u00e9nerg\u00e9tiques. L\u2019\u00e9t\u00e9, certains se transforment \u00e0 l\u2019inverse en \u00ab bouilloires thermiques \u00bb, d\u2019apr\u00e8s l\u2019expression de Vincent Dubreuil, copr\u00e9sident du Haut conseil breton pour le climat.<\/p>\n<p><img decoding=\"async\" src=\"https:\/\/www.europesays.com\/fr\/wp-content\/uploads\/2025\/06\/685458aa02e992e8db0c56e3.1.jpeg\" width=\"480\" height=\"300\" class=\"web_golden_m\" loading=\"lazy\" alt=\"Rue Le Bastard, le \u00ab\u00a0ciel de rue\u00a0\u00bb a fait son retour mi-juin.\"\/>Rue Le Bastard, le \u00ab\u00a0ciel de rue\u00a0\u00bb a fait son retour mi-juin. (Le T\u00e9l\u00e9gramme\/Romain Roux)<\/p>\n<p>\u00ab En Bretagne, le b\u00e2ti ancien date d\u2019une \u00e9poque o\u00f9 la lutte contre les fortes chaleurs n\u2019\u00e9tait pas une pr\u00e9occupation \u00bb, souligne ce professeur de Rennes 2. Au contraire, le but \u00e9tait plut\u00f4t de garder les habitants au chaud. Avec des canicules appel\u00e9es \u00e0 se r\u00e9p\u00e9ter dans les prochaines d\u00e9cennies sous l\u2019effet du d\u00e9r\u00e8glement climatique, l\u2019enjeu devient central, estime-t-il. \u00ab On parle beaucoup de r\u00e9duire la consommation \u00e9nerg\u00e9tique de ces logements mal isol\u00e9s pendant l\u2019hiver. Mais il faut aussi se pencher sur la question de la surchauffe en \u00e9t\u00e9. \u00bb<\/p>\n<p>Pas de volets aux fen\u00eatres chez cet habitant<\/p>\n<p>Xavier se la pose de plus en plus. Cet habitant de la rue Le Bastard vit sous les toits, dans un appartement de 85 m\u00b2. La temp\u00e9rature peut vite monter. Pour mieux se prot\u00e9ger de la chaleur, la famille a mis des ombrages et des rideaux occultant sur ses Velux il y a deux ans. \u00ab Cette ann\u00e9e, on r\u00e9fl\u00e9chit aussi \u00e0 investir dans un syst\u00e8me pour la verri\u00e8re, qui chauffe pas mal. \u00bb Impossible, en revanche, de poser des volets ext\u00e9rieurs sur les fen\u00eatres, ce qui serait peut-\u00eatre la solution la plus efficace. \u00ab On n\u2019a pas le droit. Ici, on est dans le p\u00e9rim\u00e8tre du secteur sauvegard\u00e9. \u00bb<\/p>\n<p>Une partie du vieux Rennes est en effet prot\u00e9g\u00e9e par des r\u00e8gles strictes. Les projets de travaux doivent obtenir l\u2019accord de l\u2019Architecte des b\u00e2timents de France (ABF), qui veille \u00e0 pr\u00e9server le patrimoine. Poser des fen\u00eatres en PVC, isoler par l\u2019ext\u00e9rieur,\u2026 Difficile ou carr\u00e9ment proscrit. Quid du confort des riverains, alors que la r\u00e9gion pourrait avoir le climat de Bordeaux d\u2019ici 2050 ? Pour Vincent Dubreuil, il existe des solutions pour adapter le centre historique \u00e0 la future donne climatique tout en sauvant son identit\u00e9. \u00ab Il est possible d\u2019isoler par l\u2019ext\u00e9rieur. Et pour lutter contre l\u2019\u00eelot de chaleur urbain, on peut aussi d\u00e9simperm\u00e9abiliser les sols et mettre de la v\u00e9g\u00e9tation, qui r\u00e9gule la temp\u00e9rature. Il y a encore des marges de man\u0153uvre. \u00bb<\/p>\n","protected":false},"excerpt":{"rendered":"Rue Le Bastard, le \u00ab ciel de rue \u00bb prot\u00e8ge \u00e0 nouveau les passants du soleil depuis quelques&hellip;\n","protected":false},"author":2,"featured_media":190106,"comment_status":"","ping_status":"","sticky":false,"template":"","format":"standard","meta":{"footnotes":""},"categories":[2821],"tags":[1111,11,829,251,1777,674,1011,27,12,2551,584,25,10810],"class_list":{"0":"post-190105","1":"post","2":"type-post","3":"status-publish","4":"format-standard","5":"has-post-thumbnail","7":"category-rennes","8":"tag-actu","9":"tag-actualites","10":"tag-bretagne","11":"tag-culture","12":"tag-eu","13":"tag-europe","14":"tag-fr","15":"tag-france","16":"tag-news","17":"tag-patrimoine","18":"tag-rennes","19":"tag-republique-francaise","20":"tag-urbanisme-a-rennes"},"share_on_mastodon":{"url":"https:\/\/pubeurope.com\/@fr\/114713875252436870","error":""},"_links":{"self":[{"href":"https:\/\/www.europesays.com\/fr\/wp-json\/wp\/v2\/posts\/190105","targetHints":{"allow":["GET"]}}],"collection":[{"href":"https:\/\/www.europesays.com\/fr\/wp-json\/wp\/v2\/posts"}],"about":[{"href":"https:\/\/www.europesays.com\/fr\/wp-json\/wp\/v2\/types\/post"}],"author":[{"embeddable":true,"href":"https:\/\/www.europesays.com\/fr\/wp-json\/wp\/v2\/users\/2"}],"replies":[{"embeddable":true,"href":"https:\/\/www.europesays.com\/fr\/wp-json\/wp\/v2\/comments?post=190105"}],"version-history":[{"count":0,"href":"https:\/\/www.europesays.com\/fr\/wp-json\/wp\/v2\/posts\/190105\/revisions"}],"wp:featuredmedia":[{"embeddable":true,"href":"https:\/\/www.europesays.com\/fr\/wp-json\/wp\/v2\/media\/190106"}],"wp:attachment":[{"href":"https:\/\/www.europesays.com\/fr\/wp-json\/wp\/v2\/media?parent=190105"}],"wp:term":[{"taxonomy":"category","embeddable":true,"href":"https:\/\/www.europesays.com\/fr\/wp-json\/wp\/v2\/categories?post=190105"},{"taxonomy":"post_tag","embeddable":true,"href":"https:\/\/www.europesays.com\/fr\/wp-json\/wp\/v2\/tags?post=190105"}],"curies":[{"name":"wp","href":"https:\/\/api.w.org\/{rel}","templated":true}]}}