{"id":190111,"date":"2025-06-20T04:48:37","date_gmt":"2025-06-20T04:48:37","guid":{"rendered":"https:\/\/www.europesays.com\/fr\/190111\/"},"modified":"2025-06-20T04:48:37","modified_gmt":"2025-06-20T04:48:37","slug":"un-homme-en-urgence-absolue-apres-une-agression-a-larme-blanche-en-plein-centre-ville","status":"publish","type":"post","link":"https:\/\/www.europesays.com\/fr\/190111\/","title":{"rendered":"Un homme en urgence absolue apr\u00e8s une agression \u00e0 l\u2019arme blanche en plein centre-ville"},"content":{"rendered":"<p>Les faits se sont produits en plein centre de <a href=\"https:\/\/www.20minutes.fr\/strasbourg\/\" class=\"color-ultramarine c-link\" target=\"_blank\" rel=\"noopener\">Strasbourg<\/a>, rue des Grandes Arcades. Un homme de 36 ans a \u00e9t\u00e9 agress\u00e9 par arme blanche dans la nuit de mercredi \u00e0 jeudi. Il a \u00e9t\u00e9 hospitalis\u00e9 \u00ab\u00a0en <a href=\"https:\/\/www.20minutes.fr\/dossier\/urgences\" class=\"color-ultramarine c-link\" target=\"_blank\" rel=\"noopener\">urgence<\/a> absolue\u00a0\u00bb, ont annonc\u00e9 les secours.<\/p>\n<p>La victime pr\u00e9sente \u00ab\u00a0une vingtaine de plaies par arme blanche\u00a0\u00bb sur le corps, a-t-on appris d\u2019une source polici\u00e8re, qui pr\u00e9cise que la victime connaissait son agresseur.<\/p>\n<p>\u00ab\u00a0La zone d\u2019intervention a \u00e9t\u00e9 s\u00e9curis\u00e9e par la <a href=\"https:\/\/www.20minutes.fr\/dossier\/police\" class=\"color-ultramarine c-link\" target=\"_blank\" rel=\"noopener\">police<\/a>\u00a0\u00bb, indique dans un communiqu\u00e9 le service d\u00e9partemental d\u2019incendie et de secours (Sdis). \u00ab\u00a0L\u2019agresseur avait quitt\u00e9 les lieux au moment de l\u2019intervention\u00a0\u00bb. Sollicit\u00e9, le <a href=\"https:\/\/www.20minutes.fr\/dossier\/parquet\" class=\"color-ultramarine c-link\" target=\"_blank\" rel=\"noopener\">parquet<\/a> de Strasbourg n\u2019a pas donn\u00e9 suite dans l\u2019imm\u00e9diat.<\/p>\n","protected":false},"excerpt":{"rendered":"Les faits se sont produits en plein centre de Strasbourg, rue des Grandes Arcades. Un homme de 36&hellip;\n","protected":false},"author":2,"featured_media":190112,"comment_status":"","ping_status":"","sticky":false,"template":"","format":"standard","meta":{"footnotes":""},"categories":[2820],"tags":[1111,47,11,1120,2389,2649,1777,674,118,32807,1011,27,775,12,25,640],"class_list":{"0":"post-190111","1":"post","2":"type-post","3":"status-publish","4":"format-standard","5":"has-post-thumbnail","7":"category-strasbourg","8":"tag-actu","9":"tag-actualite","10":"tag-actualites","11":"tag-agression","12":"tag-alsace","13":"tag-bas-rhin","14":"tag-eu","15":"tag-europe","16":"tag-faits-divers","17":"tag-faits-divers-strasbourg","18":"tag-fr","19":"tag-france","20":"tag-grand-est","21":"tag-news","22":"tag-republique-francaise","23":"tag-strasbourg"},"share_on_mastodon":{"url":"https:\/\/pubeurope.com\/@fr\/114713886977750349","error":""},"_links":{"self":[{"href":"https:\/\/www.europesays.com\/fr\/wp-json\/wp\/v2\/posts\/190111","targetHints":{"allow":["GET"]}}],"collection":[{"href":"https:\/\/www.europesays.com\/fr\/wp-json\/wp\/v2\/posts"}],"about":[{"href":"https:\/\/www.europesays.com\/fr\/wp-json\/wp\/v2\/types\/post"}],"author":[{"embeddable":true,"href":"https:\/\/www.europesays.com\/fr\/wp-json\/wp\/v2\/users\/2"}],"replies":[{"embeddable":true,"href":"https:\/\/www.europesays.com\/fr\/wp-json\/wp\/v2\/comments?post=190111"}],"version-history":[{"count":0,"href":"https:\/\/www.europesays.com\/fr\/wp-json\/wp\/v2\/posts\/190111\/revisions"}],"wp:featuredmedia":[{"embeddable":true,"href":"https:\/\/www.europesays.com\/fr\/wp-json\/wp\/v2\/media\/190112"}],"wp:attachment":[{"href":"https:\/\/www.europesays.com\/fr\/wp-json\/wp\/v2\/media?parent=190111"}],"wp:term":[{"taxonomy":"category","embeddable":true,"href":"https:\/\/www.europesays.com\/fr\/wp-json\/wp\/v2\/categories?post=190111"},{"taxonomy":"post_tag","embeddable":true,"href":"https:\/\/www.europesays.com\/fr\/wp-json\/wp\/v2\/tags?post=190111"}],"curies":[{"name":"wp","href":"https:\/\/api.w.org\/{rel}","templated":true}]}}