{"id":190117,"date":"2025-06-20T04:51:55","date_gmt":"2025-06-20T04:51:55","guid":{"rendered":"https:\/\/www.europesays.com\/fr\/190117\/"},"modified":"2025-06-20T04:51:55","modified_gmt":"2025-06-20T04:51:55","slug":"gilets-jaunes-letat-devra-t-il-payer-pour-ces-commerces-vandalises","status":"publish","type":"post","link":"https:\/\/www.europesays.com\/fr\/190117\/","title":{"rendered":"Gilets jaunes\u00a0: l\u2019\u00c9tat devra-t-il payer pour ces commerces vandalis\u00e9s\u00a0?"},"content":{"rendered":"<p>Ils estiment que l\u2019\u00c9tat a failli dans ses missions de maintien de l\u2019ordre. Et que c\u2019est donc \u00e0 lui de payer la facture des d\u00e9g\u00e2ts subis qui n\u2019ont pas \u00e9pargn\u00e9 ces commerces de Nantes et Saint-Nazaire durant l\u2019hiver 2018-2019. Voil\u00e0 l\u2019objet de l\u2019audience qui se tenait mercredi 18\u00a0juin 2025 au tribunal administratif \u00e0 Nantes.<\/p>\n<p>Plus de 70\u00a0000\u00a0\u20ac r\u00e9clam\u00e9s<\/p>\n<p>Les situations de plusieurs commerces, pour la plupart des agences du CIC et du Cr\u00e9dit Mutuel, sont pass\u00e9es en revue. Les requ\u00e9rants r\u00e9clament au total le paiement d\u2019une indemnit\u00e9 de 70\u00a0644\u00a0\u20ac, frais d\u2019expertise comprise.<\/p>\n<p>\u00a0C\u2019est le lien avec la manifestation qui est important\u00a0, estime pour sa part le rapporteur public. Si les conditions de la responsabilit\u00e9 de l\u2019\u00c9tat sont satisfaites pour trois agences nazairiennes, pour d\u2019autres le lien avec les manifestations en question n\u2019est pas \u00e9tabli.<\/p>\n<p>D\u00e9g\u00e2ts relev\u00e9s hors cort\u00e8ge<\/p>\n<p>Ainsi, pour la caisse du Cr\u00e9dit Mutuel, rue Voltaire, touch\u00e9e le 15\u00a0d\u00e9cembre 2018, \u00a0les d\u00e9gradations ont \u00e9t\u00e9 relev\u00e9es assez loin de l\u2019agence\u00a0 et ne sont donc pas consid\u00e9r\u00e9es comme ayant lieu \u00a0dans le cadre de la manifestation\u00a0, juge le rapporteur, se basant sur un article de presse faisant \u00e9tat des d\u00e9g\u00e2ts.<\/p>\n<p>En tout, le rapporteur a propos\u00e9 le versement d\u2019une indemnit\u00e9 de 47\u00a0000\u00a0\u20ac aux requ\u00e9rants concern\u00e9s. Le jugement a \u00e9t\u00e9 mis en d\u00e9lib\u00e9r\u00e9 \u00e0 une date ult\u00e9rieure. \u00c0 Toulouse, fin 2024, la cour administrative d\u2019appel <a href=\"https:\/\/www.20minutes.fr\/justice\/4116267-20241017-toulouse-etat-devra-bien-payer-degats-causes-gilets-jaunes\" target=\"_self\" rel=\"noopener\">avait condamn\u00e9 l\u2019\u00c9tat \u00e0 indemniser la Ville et la M\u00e9tropole \u00e0 hauteur de 470\u00a0000\u00a0\u20ac pour les d\u00e9g\u00e2ts caus\u00e9s.<\/a><\/p>\n<p>\u00a0<\/p>\n","protected":false},"excerpt":{"rendered":"Ils estiment que l\u2019\u00c9tat a failli dans ses missions de maintien de l\u2019ordre. Et que c\u2019est donc \u00e0&hellip;\n","protected":false},"author":2,"featured_media":190118,"comment_status":"","ping_status":"","sticky":false,"template":"","format":"standard","meta":{"footnotes":""},"categories":[2818],"tags":[1111,11,7227,32808,16309,1777,674,1011,27,15778,11000,766,12,23195,2636,25,32809],"class_list":{"0":"post-190117","1":"post","2":"type-post","3":"status-publish","4":"format-standard","5":"has-post-thumbnail","7":"category-nantes","8":"tag-actu","9":"tag-actualites","10":"tag-commerces","11":"tag-devra-t-il","12":"tag-etat","13":"tag-eu","14":"tag-europe","15":"tag-fr","16":"tag-france","17":"tag-gilets","18":"tag-jaunes","19":"tag-nantes","20":"tag-news","21":"tag-payer","22":"tag-pays-de-la-loire","23":"tag-republique-francaise","24":"tag-vandalises"},"share_on_mastodon":{"url":"https:\/\/pubeurope.com\/@fr\/114713902697877341","error":""},"_links":{"self":[{"href":"https:\/\/www.europesays.com\/fr\/wp-json\/wp\/v2\/posts\/190117","targetHints":{"allow":["GET"]}}],"collection":[{"href":"https:\/\/www.europesays.com\/fr\/wp-json\/wp\/v2\/posts"}],"about":[{"href":"https:\/\/www.europesays.com\/fr\/wp-json\/wp\/v2\/types\/post"}],"author":[{"embeddable":true,"href":"https:\/\/www.europesays.com\/fr\/wp-json\/wp\/v2\/users\/2"}],"replies":[{"embeddable":true,"href":"https:\/\/www.europesays.com\/fr\/wp-json\/wp\/v2\/comments?post=190117"}],"version-history":[{"count":0,"href":"https:\/\/www.europesays.com\/fr\/wp-json\/wp\/v2\/posts\/190117\/revisions"}],"wp:featuredmedia":[{"embeddable":true,"href":"https:\/\/www.europesays.com\/fr\/wp-json\/wp\/v2\/media\/190118"}],"wp:attachment":[{"href":"https:\/\/www.europesays.com\/fr\/wp-json\/wp\/v2\/media?parent=190117"}],"wp:term":[{"taxonomy":"category","embeddable":true,"href":"https:\/\/www.europesays.com\/fr\/wp-json\/wp\/v2\/categories?post=190117"},{"taxonomy":"post_tag","embeddable":true,"href":"https:\/\/www.europesays.com\/fr\/wp-json\/wp\/v2\/tags?post=190117"}],"curies":[{"name":"wp","href":"https:\/\/api.w.org\/{rel}","templated":true}]}}