{"id":190121,"date":"2025-06-20T04:53:13","date_gmt":"2025-06-20T04:53:13","guid":{"rendered":"https:\/\/www.europesays.com\/fr\/190121\/"},"modified":"2025-06-20T04:53:13","modified_gmt":"2025-06-20T04:53:13","slug":"pourquoi-le-pont-de-pierre-sera-bientot-totalement-interdit-y-compris-aux-pietons","status":"publish","type":"post","link":"https:\/\/www.europesays.com\/fr\/190121\/","title":{"rendered":"Pourquoi le pont de pierre sera bient\u00f4t totalement interdit, y compris aux pi\u00e9tons"},"content":{"rendered":"<p>            Par<br \/>\n        <strong><br \/>\n            <a href=\"https:\/\/actu.fr\/auteur\/redaction-bordeaux\" title=\"Consulter tous les articles de R\u00e9daction Bordeaux\" rel=\"nofollow noopener\" target=\"_blank\">R\u00e9daction Bordeaux<\/a><br \/>\n        <\/strong><\/p>\n<p>        Publi\u00e9 le<\/p>\n<p>            19 juin 2025 \u00e0 12h16        <\/p>\n<p>Il est d\u00e9j\u00e0 interdit aux bus et aux trams depuis bient\u00f4t un mois : le pont de pierre <a href=\"https:\/\/actu.fr\/bordeaux\/\" rel=\"nofollow noopener\" target=\"_blank\">de Bordeaux<\/a> sera <strong>ferm\u00e9 \u00e0 toute circulation, <\/strong>y compris aux cyclistes et aux pi\u00e9tons, ces vendredi 20 et samedi 21 juin 2025.<\/p>\n<p class=\" wall-content\">Ces deux soirs l\u00e0,<strong> entre 22h40 et 23h25,<\/strong> il ne sera pas possible de traverser la Garonne via le pont de pierre. Mais rien \u00e0 voir, cette fois, avec les travaux pour sauver le vieil \u00e9difice qui <a href=\"https:\/\/actu.fr\/nouvelle-aquitaine\/bordeaux_33063\/50-mois-de-travaux-pour-sauver-le-pont-de-pierre-en-theorie-il-a-depasse-son-esperance-de-vie_60884823.html\" rel=\"nofollow noopener\" target=\"_blank\">s\u2019enfonce dans la Garonne.<\/a><\/p>\n<p>Le spectacle de drones<\/p>\n<p class=\" wall-content\">C\u2019est \u00e0 l\u2019occasion du <a href=\"https:\/\/actu.fr\/nouvelle-aquitaine\/bordeaux_33063\/cet-impressionnant-spectacle-de-500-drones-bientot-de-retour-a-bordeaux-quand-le-voir_62785000.html\" rel=\"nofollow noopener\" target=\"_blank\">spectacle de drones<\/a> de <strong>Bordeaux F\u00eate le Vin<\/strong> que le pont de pierre est inaccessible. De 23h05 \u00e0 23h25, le fameux ballet dans les airs sera en action. Pour le voir dans les meilleures conditions, il est conseill\u00e9 d\u2019aller aux Quinconces.<\/p>\n<p class=\" wall-content\">\u00ab\u00a0Anticipez vos d\u00e9placements !\u00a0\u00bb, pr\u00e9vient la mairie de Bordeaux. Direction le pont Saint-Jean ou le<a href=\"https:\/\/actu.fr\/tag\/pont-chaban-delmas\" rel=\"nofollow noopener\" target=\"_blank\"> pont Chaban-Delmas,<\/a> donc. Ou attendez <strong>la fin du spectacle<\/strong> pour pouvoir emprunter le pont de pierre.<\/p>\n<p class=\" wall-content\">Suivez toute l\u2019actualit\u00e9 de vos villes et m\u00e9dias favoris en vous inscrivant \u00e0 <a href=\"https:\/\/moncompte.actu.fr\" title=\"D\u00e9couvez Mon Actu\" rel=\"nofollow noopener\" data-trk=\"{&quot;cta&quot;:{&quot;action&quot;:&quot;https:\\\/\\\/moncompte.actu.fr&quot;,&quot;category&quot;:&quot;mon compte&quot;,&quot;from&quot;:&quot;article footer&quot;,&quot;name&quot;:&quot;Mon actu&quot;,&quot;type&quot;:&quot;cta&quot;}}\" target=\"_blank\">Mon Actu<\/a>.<\/p>\n","protected":false},"excerpt":{"rendered":"Par R\u00e9daction Bordeaux Publi\u00e9 le 19 juin 2025 \u00e0 12h16 Il est d\u00e9j\u00e0 interdit aux bus et aux&hellip;\n","protected":false},"author":2,"featured_media":190122,"comment_status":"","ping_status":"","sticky":false,"template":"","format":"standard","meta":{"footnotes":""},"categories":[2817],"tags":[1111,11,1997,3542,1777,674,1011,27,12,2219,25,104],"class_list":{"0":"post-190121","1":"post","2":"type-post","3":"status-publish","4":"format-standard","5":"has-post-thumbnail","7":"category-bordeaux","8":"tag-actu","9":"tag-actualites","10":"tag-bordeaux","11":"tag-circulation","12":"tag-eu","13":"tag-europe","14":"tag-fr","15":"tag-france","16":"tag-news","17":"tag-nouvelle-aquitaine","18":"tag-republique-francaise","19":"tag-societe"},"share_on_mastodon":{"url":"https:\/\/pubeurope.com\/@fr\/114713906650256117","error":""},"_links":{"self":[{"href":"https:\/\/www.europesays.com\/fr\/wp-json\/wp\/v2\/posts\/190121","targetHints":{"allow":["GET"]}}],"collection":[{"href":"https:\/\/www.europesays.com\/fr\/wp-json\/wp\/v2\/posts"}],"about":[{"href":"https:\/\/www.europesays.com\/fr\/wp-json\/wp\/v2\/types\/post"}],"author":[{"embeddable":true,"href":"https:\/\/www.europesays.com\/fr\/wp-json\/wp\/v2\/users\/2"}],"replies":[{"embeddable":true,"href":"https:\/\/www.europesays.com\/fr\/wp-json\/wp\/v2\/comments?post=190121"}],"version-history":[{"count":0,"href":"https:\/\/www.europesays.com\/fr\/wp-json\/wp\/v2\/posts\/190121\/revisions"}],"wp:featuredmedia":[{"embeddable":true,"href":"https:\/\/www.europesays.com\/fr\/wp-json\/wp\/v2\/media\/190122"}],"wp:attachment":[{"href":"https:\/\/www.europesays.com\/fr\/wp-json\/wp\/v2\/media?parent=190121"}],"wp:term":[{"taxonomy":"category","embeddable":true,"href":"https:\/\/www.europesays.com\/fr\/wp-json\/wp\/v2\/categories?post=190121"},{"taxonomy":"post_tag","embeddable":true,"href":"https:\/\/www.europesays.com\/fr\/wp-json\/wp\/v2\/tags?post=190121"}],"curies":[{"name":"wp","href":"https:\/\/api.w.org\/{rel}","templated":true}]}}