{"id":190125,"date":"2025-06-20T04:55:09","date_gmt":"2025-06-20T04:55:09","guid":{"rendered":"https:\/\/www.europesays.com\/fr\/190125\/"},"modified":"2025-06-20T04:55:09","modified_gmt":"2025-06-20T04:55:09","slug":"toulouse-des-travaux-nocturnes-sur-cet-axe-tres-passant-de-la-ville-la-circulation-perturbee","status":"publish","type":"post","link":"https:\/\/www.europesays.com\/fr\/190125\/","title":{"rendered":"Toulouse. Des travaux nocturnes sur cet axe tr\u00e8s passant de la ville : la circulation perturb\u00e9e"},"content":{"rendered":"<p>            Par<br \/>\n        <strong><br \/>\n            <a href=\"https:\/\/actu.fr\/auteur\/lea-afonso\" title=\"Consulter tous les articles de L\u00e9a Afonso\" rel=\"nofollow noopener\" target=\"_blank\">L\u00e9a Afonso<\/a><br \/>\n        <\/strong><\/p>\n<p>        Publi\u00e9 le<\/p>\n<p>            20 juin 2025 \u00e0 6h42        <\/p>\n<p>Certains l\u2019ont appris avec un courrier re\u00e7ut dans les boites aux lettres, d\u2019autres l\u2019apprendront sur le tas\u2009: la <strong>circulation<\/strong> va \u00eatre <strong>perturb\u00e9e<\/strong> le long de l\u2019<strong>Avenue de Lyon<\/strong> \u00e0 <a href=\"https:\/\/actu.fr\/toulouse\/\" rel=\"nofollow noopener\" target=\"_blank\">Toulouse<\/a>. \u00c0 compter du lundi 23\u00a0juin 2025 et pour deux semaines, des travaux nocturnes auront lieu. Le tout r\u00e9alis\u00e9 dans le cadre du<strong> Grand Matabiau quais d\u2019Oc<\/strong>.<\/p>\n<p>Des travaux en pr\u00e9vision des nouveaux immeubles<\/p>\n<p class=\" wall-content\">Actu Toulouse vous l\u2019annon\u00e7ait en d\u00e9but de semaine,<a href=\"https:\/\/actu.fr\/occitanie\/toulouse_31555\/toulouse-la-premiere-operation-immobiliere-du-grand-matabiau-demarre-voici-combien-coutent-les-appartements_62778186.html\" rel=\"nofollow noopener\" target=\"_blank\"> la commercialisation de l\u2019Avenue de Lyon<\/a>, dans le cadre du Grand Matabiau quais d\u2019Oc, a d\u00e9but\u00e9. Alors en pr\u00e9vision des futurs am\u00e9nagements et donc de la construction des nouveaux immeubles, <strong>Europolia<\/strong>, l\u2019op\u00e9rateur en mati\u00e8re d\u2019urbanisme de la M\u00e9tropole, r\u00e9alise des <strong>travaux pr\u00e9alables<\/strong>.<\/p>\n<p class=\" wall-content\">Ils concerneront les <strong>\u00ab\u2009r\u00e9seaux d\u2019eau<\/strong> destin\u00e9s \u00e0<strong> raccorder les futurs b\u00e2timents<\/strong> de logements du secteur\u2009\u00bb, explique la soci\u00e9t\u00e9.<\/p>\n<p>Des travaux de nuit<\/p>\n<p class=\" wall-content\">Ainsi, \u00ab\u2009afin de limiter l\u2019impact sur la circulation, tr\u00e8s dense en journ\u00e9e (pi\u00e9tons, cycles, bus et v\u00e9hicules), les <strong>travaux<\/strong> se d\u00e9rouleront de <strong>nuit, entre 22h et 6h, du 23\u00a0juin au 3\u00a0juillet<\/strong> 2025, hors week-ends\u2009\u00bb.<\/p>\n<p class=\" wall-content\">Trafics gr\u00e2ce \u00e0 des agents, d\u00e9placement des arr\u00eats de bus, flux de circulation modifi\u00e9s, voici le sch\u00e9ma de ces perturbations \u00e0 pr\u00e9voir\u2009:<\/p>\n<p>Vid\u00e9os : en ce moment sur Actu<\/p>\n<p class=\" wall-content\">Suivez toute l\u2019actualit\u00e9 de vos villes et m\u00e9dias favoris en vous inscrivant \u00e0 <a href=\"https:\/\/moncompte.actu.fr\" title=\"D\u00e9couvez Mon Actu\" rel=\"nofollow noopener\" data-trk=\"{&quot;cta&quot;:{&quot;action&quot;:&quot;https:\\\/\\\/moncompte.actu.fr&quot;,&quot;category&quot;:&quot;mon compte&quot;,&quot;from&quot;:&quot;article footer&quot;,&quot;name&quot;:&quot;Mon actu&quot;,&quot;type&quot;:&quot;cta&quot;}}\" target=\"_blank\">Mon Actu<\/a>.<\/p>\n","protected":false},"excerpt":{"rendered":"Par L\u00e9a Afonso Publi\u00e9 le 20 juin 2025 \u00e0 6h42 Certains l\u2019ont appris avec un courrier re\u00e7ut dans&hellip;\n","protected":false},"author":2,"featured_media":190126,"comment_status":"","ping_status":"","sticky":false,"template":"","format":"standard","meta":{"footnotes":""},"categories":[2816],"tags":[1111,11,1777,674,1011,27,12,2680,25,104,2312,2086,1352],"class_list":{"0":"post-190125","1":"post","2":"type-post","3":"status-publish","4":"format-standard","5":"has-post-thumbnail","7":"category-toulouse","8":"tag-actu","9":"tag-actualites","10":"tag-eu","11":"tag-europe","12":"tag-fr","13":"tag-france","14":"tag-news","15":"tag-occitanie","16":"tag-republique-francaise","17":"tag-societe","18":"tag-toulouse","19":"tag-travaux","20":"tag-urbanisme"},"share_on_mastodon":{"url":"https:\/\/pubeurope.com\/@fr\/114713914499511144","error":""},"_links":{"self":[{"href":"https:\/\/www.europesays.com\/fr\/wp-json\/wp\/v2\/posts\/190125","targetHints":{"allow":["GET"]}}],"collection":[{"href":"https:\/\/www.europesays.com\/fr\/wp-json\/wp\/v2\/posts"}],"about":[{"href":"https:\/\/www.europesays.com\/fr\/wp-json\/wp\/v2\/types\/post"}],"author":[{"embeddable":true,"href":"https:\/\/www.europesays.com\/fr\/wp-json\/wp\/v2\/users\/2"}],"replies":[{"embeddable":true,"href":"https:\/\/www.europesays.com\/fr\/wp-json\/wp\/v2\/comments?post=190125"}],"version-history":[{"count":0,"href":"https:\/\/www.europesays.com\/fr\/wp-json\/wp\/v2\/posts\/190125\/revisions"}],"wp:featuredmedia":[{"embeddable":true,"href":"https:\/\/www.europesays.com\/fr\/wp-json\/wp\/v2\/media\/190126"}],"wp:attachment":[{"href":"https:\/\/www.europesays.com\/fr\/wp-json\/wp\/v2\/media?parent=190125"}],"wp:term":[{"taxonomy":"category","embeddable":true,"href":"https:\/\/www.europesays.com\/fr\/wp-json\/wp\/v2\/categories?post=190125"},{"taxonomy":"post_tag","embeddable":true,"href":"https:\/\/www.europesays.com\/fr\/wp-json\/wp\/v2\/tags?post=190125"}],"curies":[{"name":"wp","href":"https:\/\/api.w.org\/{rel}","templated":true}]}}