{"id":190129,"date":"2025-06-20T05:02:25","date_gmt":"2025-06-20T05:02:25","guid":{"rendered":"https:\/\/www.europesays.com\/fr\/190129\/"},"modified":"2025-06-20T05:02:25","modified_gmt":"2025-06-20T05:02:25","slug":"kiabi-experimente-a-lezennes-la-vente-de-produits-de-beaute-4","status":"publish","type":"post","link":"https:\/\/www.europesays.com\/fr\/190129\/","title":{"rendered":"Kiabi exp\u00e9rimente \u00e0 Lezennes la vente de produits de beaut\u00e9"},"content":{"rendered":"<p class=\"article-content col-md-8 offset-md-1\">\n                                <a class=\"fnwAddLinks\" href=\"https:\/\/fr.fashionnetwork.com\/tags-kiabi\" title=\"Kiabi\" target=\"_blank\" rel=\"noopener\">Kiabi<\/a> ajoute une corde \u00e0 son arc en se lan\u00e7ant sur le cr\u00e9neau de la beaut\u00e9. L&rsquo;enseigne de mode familiale appartenant \u00e0 la famille <a class=\"fnwAddLinks\" href=\"https:\/\/fr.fashionnetwork.com\/tags-mulliez\" title=\"Mulliez\" target=\"_blank\" rel=\"noopener\">Mulliez<\/a> teste un premier corner de produits cosm\u00e9tiques <a href=\"https:\/\/fr.fashionnetwork.com\/news\/Le-nouveau-laboratoire-retail-de-kiabi-se-devoile-en-images,1668688.html\" target=\"_blank\" rel=\"noopener\">dans son magasin pilote de Lezennes (Nord)<\/a>, o\u00f9 se situe son nouveau si\u00e8ge social. Un nouveau pas en avant apr\u00e8s avoir lanc\u00e9 l&rsquo;an dernier ses premiers produits d\u00e9co et maison, via la sous-marque Kiabi Home.<\/p>\n<p><img decoding=\"async\" class=\"news-image\" style=\"width:100%;\" src=\"https:\/\/www.europesays.com\/fr\/wp-content\/uploads\/2025\/06\/7196.jpg\" alt=\"Le corner beaut\u00e9 de Lezennes\" loading=\"lazy\"\/>Le corner beaut\u00e9 de Lezennes &#8211; Kiabi<\/p>\n<p class=\"col-md-8 offset-md-1 article-content--texte\">Cette fois, la cha\u00eene aux 640 magasins ne d\u00e9veloppe pas son offre propre mais elle a d\u00e9cid\u00e9 de r\u00e9f\u00e9rencer des marques tierces sur une vingtaine de m\u00e8tres carr\u00e9s. Ciblant les adultes et les enfants avec une approche &lsquo;petits prix&rsquo;, l&rsquo;espace beaut\u00e9 r\u00e9unit notamment l&rsquo;offre maquillage d&rsquo;Essence et Catrice, le label Iroha, qui propose des soins et des masques, la marque Nijiko, qui fait fabriquer ses soins bio dans le sud de la France, les cosm\u00e9tiques ludiques pour enfants Take Care, mais aussi les produits de soin et d&rsquo;hygi\u00e8ne Evoluderm. Une large palette du segment cosm\u00e9tique est donc couverte par Kiabi, qui entend se positionner en \u00ab\u00a0s\u00e9lectionneur d&rsquo;offres beaut\u00e9\u00a0\u00bb.<\/p>\n<p>Ce corner situ\u00e9 au centre de l&rsquo;espace de vente remplace un pr\u00e9c\u00e9dent espace d\u00e9di\u00e9 aux marques cr\u00e9atives locales, sous la banni\u00e8re de l&rsquo;association Fashion Green Hub.<\/p>\n<p><img decoding=\"async\" class=\"news-image\" style=\"width:100%;\" src=\"https:\/\/www.europesays.com\/fr\/wp-content\/uploads\/2025\/06\/d79f.jpg\" alt=\"\" loading=\"lazy\"\/> Kiabi<\/p>\n<p class=\"col-md-8 offset-md-1 article-content--texte\">Dans son point de vente laboratoire ouvert \u00e0 l&rsquo;automne 2024, Kiabi vient \u00e9galement d&rsquo;implanter pour la premi\u00e8re fois en physique son offre vestimentaire pens\u00e9e pour \u00eatre plus facile \u00e0 enfiler. S&rsquo;adressant aux personnes ayant besoin de rendre l&rsquo;habillage plus simple (mobilit\u00e9 r\u00e9duite, suites d&rsquo;op\u00e9ration, perte sensorielle\u2026), la collection &lsquo;So easy&rsquo; s&rsquo;adresse aux b\u00e9b\u00e9s, aux enfants et aux adultes.<\/p>\n<p><img decoding=\"async\" class=\"news-image\" style=\"width:100%;max-width:791px;\" src=\"https:\/\/www.europesays.com\/fr\/wp-content\/uploads\/2025\/06\/a53b.jpg\" alt=\"\" loading=\"lazy\"\/> Kiabi<\/p>\n<p class=\"col-md-8 offset-md-1 article-content--texte\">A Lezennes, l&rsquo;enseigne exp\u00e9rimente aussi d&rsquo;autres espaces et services: le red\u00e9ploiement de son offre de seconde main sous le nom Beebs by Kiabi, un p\u00f4le central proposant des retouches ou de la customisation d&rsquo;articles, un showroom reli\u00e9 \u00e0 sa marketplace pr\u00e9sentant des produits de pu\u00e9riculture, ou encore des bornes de jeux pour occuper les visiteurs.<\/p>\n<p>Ayant r\u00e9alis\u00e9 un chiffre d\u2019affaires de 2,5 milliards d\u2019euros l&rsquo;an dernier <a href=\"https:\/\/fr.fashionnetwork.com\/news\/Comment-kiabi-a-signe-une-hausse-d-activite-de-5-en-2024,1701714.html\" target=\"_blank\" rel=\"noopener\">(+5% compar\u00e9 \u00e0 2023)<\/a>, la soci\u00e9t\u00e9 ambitionne d&rsquo;ouvrir en France une vingtaine de nouveaux magasins d&rsquo;ici 2027. A l&rsquo;export, une trentaine d&rsquo;inaugurations sont programm\u00e9es pour cette ann\u00e9e 2025, incluant une entr\u00e9e sur le sol suisse.\n                            <\/p>\n<p>\n                                Tous droits de reproduction et de repr\u00e9sentation r\u00e9serv\u00e9s.<br \/>\u00a9 2025 FashionNetwork.com\n                            <\/p>\n","protected":false},"excerpt":{"rendered":"Kiabi ajoute une corde \u00e0 son arc en se lan\u00e7ant sur le cr\u00e9neau de la beaut\u00e9. L&rsquo;enseigne de&hellip;\n","protected":false},"author":2,"featured_media":186248,"comment_status":"","ping_status":"","sticky":false,"template":"","format":"standard","meta":{"footnotes":""},"categories":[2815],"tags":[1111,11,2424,537,2423,1777,674,1011,27,811,30404,1307,2425,985,30236,12,2298,2426,2427,25,2421,2422],"class_list":{"0":"post-190129","1":"post","2":"type-post","3":"status-publish","4":"format-standard","5":"has-post-thumbnail","7":"category-lille","8":"tag-actu","9":"tag-actualites","10":"tag-beaute","11":"tag-contact","12":"tag-cosmetiques","13":"tag-eu","14":"tag-europe","15":"tag-fr","16":"tag-france","17":"tag-hauts-de-france","18":"tag-kiabi","19":"tag-lille","20":"tag-luxe","21":"tag-mode","22":"tag-mulliez","23":"tag-news","24":"tag-parfum","25":"tag-professionnel","26":"tag-professionnels","27":"tag-republique-francaise","28":"tag-reseau","29":"tag-textile"},"share_on_mastodon":{"url":"https:\/\/pubeurope.com\/@fr\/114713942115804930","error":""},"_links":{"self":[{"href":"https:\/\/www.europesays.com\/fr\/wp-json\/wp\/v2\/posts\/190129","targetHints":{"allow":["GET"]}}],"collection":[{"href":"https:\/\/www.europesays.com\/fr\/wp-json\/wp\/v2\/posts"}],"about":[{"href":"https:\/\/www.europesays.com\/fr\/wp-json\/wp\/v2\/types\/post"}],"author":[{"embeddable":true,"href":"https:\/\/www.europesays.com\/fr\/wp-json\/wp\/v2\/users\/2"}],"replies":[{"embeddable":true,"href":"https:\/\/www.europesays.com\/fr\/wp-json\/wp\/v2\/comments?post=190129"}],"version-history":[{"count":0,"href":"https:\/\/www.europesays.com\/fr\/wp-json\/wp\/v2\/posts\/190129\/revisions"}],"wp:featuredmedia":[{"embeddable":true,"href":"https:\/\/www.europesays.com\/fr\/wp-json\/wp\/v2\/media\/186248"}],"wp:attachment":[{"href":"https:\/\/www.europesays.com\/fr\/wp-json\/wp\/v2\/media?parent=190129"}],"wp:term":[{"taxonomy":"category","embeddable":true,"href":"https:\/\/www.europesays.com\/fr\/wp-json\/wp\/v2\/categories?post=190129"},{"taxonomy":"post_tag","embeddable":true,"href":"https:\/\/www.europesays.com\/fr\/wp-json\/wp\/v2\/tags?post=190129"}],"curies":[{"name":"wp","href":"https:\/\/api.w.org\/{rel}","templated":true}]}}