{"id":190135,"date":"2025-06-20T05:06:18","date_gmt":"2025-06-20T05:06:18","guid":{"rendered":"https:\/\/www.europesays.com\/fr\/190135\/"},"modified":"2025-06-20T05:06:18","modified_gmt":"2025-06-20T05:06:18","slug":"people-baby-encore-dans-la-tourmente","status":"publish","type":"post","link":"https:\/\/www.europesays.com\/fr\/190135\/","title":{"rendered":"People &#038; Baby encore dans la tourmente"},"content":{"rendered":"<p>\u00ab\u00a0Nous comprenons pleinement l\u2019\u00e9motion, l\u2019inqui\u00e9tude et la col\u00e8re l\u00e9gitimes des familles. La s\u00e9curit\u00e9, la protection et le bien-\u00eatre des enfants sont notre priorit\u00e9 absolue\u00a0\u00bb, assure le groupe People &amp; Baby, contact\u00e9 par Le Progr\u00e8s.<\/p>\n<p>Le 16\u00a0juin, la cr\u00e8che, Chat perch\u00e9, \u00e0 Lyon 3\u1d49, a organis\u00e9 une r\u00e9union avec les parents. Quelques jours plus t\u00f4t, elle avait \u00e9t\u00e9 alert\u00e9e \u00ab\u00a0d\u2019une suspicion de comportement inappropri\u00e9\u00a0\u00bb impliquant l\u2019un de ses collaborateurs.\u00a0L\u2019affaire a \u00e9t\u00e9 r\u00e9v\u00e9l\u00e9e <a href=\"https:\/\/www.mediacites.fr\/enquete\/lyon\/2025\/06\/17\/creches-peoplebaby-de-nouveau-mis-en-cause-a-lyon-apres-des-accusations-de-violences-sexuelles-sur-des-enfants\/\" target=\"_blank\" rel=\"nofollow noopener\"> par M\u00e9diacit\u00e9s\u00a0<\/a> : un enfant aurait dit \u00e0 ses parents que cet employ\u00e9 voulait un bisou avec la langue.<\/p>\n<p>  Une pr\u00e9c\u00e9dente plainte<\/p>\n<p>Selon People &amp; Baby, le salari\u00e9 a \u00e9t\u00e9 imm\u00e9diatement mis \u00e0 pied. \u00ab\u00a0Un entretien pr\u00e9alable est programm\u00e9, dans le cadre d\u2019une proc\u00e9dure disciplinaire. Le professionnel ne sera pas r\u00e9int\u00e9gr\u00e9 dans une cr\u00e8che du groupe\u00a0\u00bb, pr\u00e9cise People &amp; Baby, qui indique par ailleurs avoir inform\u00e9 les services de la Protection maternelle et infantile (PMI).<\/p>\n<p>Ce n\u2019est pas la premi\u00e8re fois que ce salari\u00e9 est mis en cause. En f\u00e9vrier, selon M\u00e9diacit\u00e9s, c\u2019est dans une cr\u00e8che People &amp; Baby de Lyon 6e, La Joyeuse Tribu, qu\u2019une famille a port\u00e9 plainte apr\u00e8s l\u2019\u00e9vocation de bisous\u00a0suspects re\u00e7us par leur enfant.<\/p>\n<p>  \u00ab\u00a0Aucune responsabilit\u00e9 seul avec un enfant\u00a0\u00bb<\/p>\n<p>Le groupe de cr\u00e8ches confirme \u00ab\u00a0un signalement ant\u00e9rieur impliquant ce m\u00eame salari\u00e9 d\u00e9but 2025 \u00e0 Lyon\u00a0\u00bb, sans pr\u00e9ciser le nom de la cr\u00e8che. Il ajoute avoir inform\u00e9 la PMI et fait remonter la situation\u00a0\u00e0 la\u00a0Cellule d\u00e9partementale de recueil des informations pr\u00e9occupantes.<\/p>\n<p>\u00ab\u00a0La brigade des mineurs, saisie par cette derni\u00e8re, avait men\u00e9 une enqu\u00eate, class\u00e9e sans suite, en l\u2019absence d\u2019\u00e9l\u00e9ments constitutifs d\u2019une infraction\u00a0\u00bb, explique le groupe de cr\u00e8ches. Selon lui, le salari\u00e9 avait de son c\u00f4t\u00e9 d\u00e9pos\u00e9 plainte pour diffamation contre la famille.<\/p>\n<p>Il avait ensuite repris ses fonctions dans une autre cr\u00e8che. D\u2019apr\u00e8s People &amp; Baby, la directrice de l\u2019\u00e9tablissement et l\u2019\u00e9quipe avaient \u00e9t\u00e9 avis\u00e9es de la situation. \u00ab\u00a0Il a \u00e9t\u00e9 soumis \u00e0 une p\u00e9riode transitoire sous encadrement renforc\u00e9\u00a0: aucune responsabilit\u00e9 seul avec un enfant, pas de temps de change, ni de surveillance de sieste\u00a0\u00bb, dit People &amp; Baby.<\/p>\n<p>Contact\u00e9, le parquet de Lyon ne nous a pas r\u00e9pondu sur les suites donn\u00e9es \u00e0 ces affaires. People &amp; Baby pr\u00e9voit de d\u00e9poser plainte contre le professionnel.<\/p>\n<p>Le groupe de cr\u00e8ches priv\u00e9es est de nouveau dans la tourmente. En juin\u00a02022, Lisa, 11 mois, avait perdu la vie dans la cr\u00e8che People &amp; Baby de la place Danton, \u00e0 Lyon 3e. Reconnue coupable d\u2019avoir soumis le b\u00e9b\u00e9 \u00e0 des \u00ab\u00a0tortures ou actes de barbarie ayant entra\u00een\u00e9 la mort sans intention de la donner\u00a0\u00bb, une agente de pu\u00e9riculture a \u00e9t\u00e9 condamn\u00e9e, en avril, \u00e0 25 ann\u00e9es de r\u00e9clusion criminelle.<\/p>\n<p>En difficult\u00e9, People &amp; Baby <a href=\"https:\/\/www.leprogres.fr\/economie\/2025\/05\/16\/people-baby-fermera-ces-six-micro-creches-d-ici-septembre\" target=\"_blank\" rel=\"nofollow noopener\">doit fermer 44 cr\u00e8ches, dont 6 cr\u00e8ches<\/a> dans la r\u00e9gion lyonnaise d\u2019ici septembre.<\/p>\n","protected":false},"excerpt":{"rendered":"\u00ab\u00a0Nous comprenons pleinement l\u2019\u00e9motion, l\u2019inqui\u00e9tude et la col\u00e8re l\u00e9gitimes des familles. La s\u00e9curit\u00e9, la protection et le bien-\u00eatre&hellip;\n","protected":false},"author":2,"featured_media":190136,"comment_status":"","ping_status":"","sticky":false,"template":"","format":"standard","meta":{"footnotes":""},"categories":[1889],"tags":[1111,11,2430,271,272,2757,1777,674,274,107,1011,27,2428,2756,12,25,2429],"class_list":{"0":"post-190135","1":"post","2":"type-post","3":"status-publish","4":"format-standard","5":"has-post-thumbnail","7":"category-lyon","8":"tag-actu","9":"tag-actualites","10":"tag-auvergne-rhone-alpes","11":"tag-crime","12":"tag-delit-et-contravention","13":"tag-edition-lyon-villeurbanne","14":"tag-eu","15":"tag-europe","16":"tag-faits-divers-justice","17":"tag-fil-info","18":"tag-fr","19":"tag-france","20":"tag-lyon","21":"tag-lyon-bassin","22":"tag-news","23":"tag-republique-francaise","24":"tag-rhone"},"share_on_mastodon":{"url":"","error":""},"_links":{"self":[{"href":"https:\/\/www.europesays.com\/fr\/wp-json\/wp\/v2\/posts\/190135","targetHints":{"allow":["GET"]}}],"collection":[{"href":"https:\/\/www.europesays.com\/fr\/wp-json\/wp\/v2\/posts"}],"about":[{"href":"https:\/\/www.europesays.com\/fr\/wp-json\/wp\/v2\/types\/post"}],"author":[{"embeddable":true,"href":"https:\/\/www.europesays.com\/fr\/wp-json\/wp\/v2\/users\/2"}],"replies":[{"embeddable":true,"href":"https:\/\/www.europesays.com\/fr\/wp-json\/wp\/v2\/comments?post=190135"}],"version-history":[{"count":0,"href":"https:\/\/www.europesays.com\/fr\/wp-json\/wp\/v2\/posts\/190135\/revisions"}],"wp:featuredmedia":[{"embeddable":true,"href":"https:\/\/www.europesays.com\/fr\/wp-json\/wp\/v2\/media\/190136"}],"wp:attachment":[{"href":"https:\/\/www.europesays.com\/fr\/wp-json\/wp\/v2\/media?parent=190135"}],"wp:term":[{"taxonomy":"category","embeddable":true,"href":"https:\/\/www.europesays.com\/fr\/wp-json\/wp\/v2\/categories?post=190135"},{"taxonomy":"post_tag","embeddable":true,"href":"https:\/\/www.europesays.com\/fr\/wp-json\/wp\/v2\/tags?post=190135"}],"curies":[{"name":"wp","href":"https:\/\/api.w.org\/{rel}","templated":true}]}}