{"id":190139,"date":"2025-06-20T05:09:26","date_gmt":"2025-06-20T05:09:26","guid":{"rendered":"https:\/\/www.europesays.com\/fr\/190139\/"},"modified":"2025-06-20T05:09:26","modified_gmt":"2025-06-20T05:09:26","slug":"ligne-nouvelle-paris-normandie-apres-le-coup-darret-on-fait-le-point-sur-ce-projet-ferroviaire","status":"publish","type":"post","link":"https:\/\/www.europesays.com\/fr\/190139\/","title":{"rendered":"Ligne nouvelle Paris-Normandie\u00a0: apr\u00e8s le coup d\u2019arr\u00eat, on fait le point sur ce projet ferroviaire"},"content":{"rendered":"<p class=\"paragraph text_align_left lp-f-body-02\">En annon\u00e7ant, il y a quelques jours, <a href=\"https:\/\/www.leparisien.fr\/yvelines-78\/transports-en-ile-de-france-la-nouvelle-ligne-entre-paris-et-la-normandie-reste-a-quai-13-06-2025-J3OVU64465FFZHG6XJ45WGGWMM.php\" target=\"_blank\" rel=\"noreferrer nofollow noopener\">un coup d\u2019arr\u00eat \u00e0 la ligne nouvelle entre Paris et la Normandie (LNPN)<\/a>, la pr\u00e9sidente de la r\u00e9gion Ile-de-France Val\u00e9rie P\u00e9cresse (LR) a r\u00e9joui une grande partie des \u00e9lus des Yvelines, territoire par lequel elle devait passer\u2026 et d\u00e9clench\u00e9 la fureur de leurs homologues normands. Ce projet ferroviaire, qui doit permettre de gagner plusieurs dizaines de minutes entre Paris et les grandes villes de la r\u00e9gion Normandie, est d\u00e9sormais \u00e0 l\u2019arr\u00eat. D\u00e9finitivement ? Pas encore.<\/p>\n","protected":false},"excerpt":{"rendered":"En annon\u00e7ant, il y a quelques jours, un coup d\u2019arr\u00eat \u00e0 la ligne nouvelle entre Paris et la&hellip;\n","protected":false},"author":2,"featured_media":190140,"comment_status":"","ping_status":"","sticky":false,"template":"","format":"standard","meta":{"footnotes":""},"categories":[1592],"tags":[1111,11,459,1777,674,1011,27,662,1944,12,626,25,1938],"class_list":{"0":"post-190139","1":"post","2":"type-post","3":"status-publish","4":"format-standard","5":"has-post-thumbnail","7":"category-ile-de-france","8":"tag-actu","9":"tag-actualites","10":"tag-departements-horsidfo","11":"tag-eu","12":"tag-europe","13":"tag-fr","14":"tag-france","15":"tag-ile-de-france","16":"tag-ma-ville","17":"tag-news","18":"tag-paris","19":"tag-republique-francaise","20":"tag-yvelines"},"share_on_mastodon":{"url":"https:\/\/pubeurope.com\/@fr\/114713969568701754","error":""},"_links":{"self":[{"href":"https:\/\/www.europesays.com\/fr\/wp-json\/wp\/v2\/posts\/190139","targetHints":{"allow":["GET"]}}],"collection":[{"href":"https:\/\/www.europesays.com\/fr\/wp-json\/wp\/v2\/posts"}],"about":[{"href":"https:\/\/www.europesays.com\/fr\/wp-json\/wp\/v2\/types\/post"}],"author":[{"embeddable":true,"href":"https:\/\/www.europesays.com\/fr\/wp-json\/wp\/v2\/users\/2"}],"replies":[{"embeddable":true,"href":"https:\/\/www.europesays.com\/fr\/wp-json\/wp\/v2\/comments?post=190139"}],"version-history":[{"count":0,"href":"https:\/\/www.europesays.com\/fr\/wp-json\/wp\/v2\/posts\/190139\/revisions"}],"wp:featuredmedia":[{"embeddable":true,"href":"https:\/\/www.europesays.com\/fr\/wp-json\/wp\/v2\/media\/190140"}],"wp:attachment":[{"href":"https:\/\/www.europesays.com\/fr\/wp-json\/wp\/v2\/media?parent=190139"}],"wp:term":[{"taxonomy":"category","embeddable":true,"href":"https:\/\/www.europesays.com\/fr\/wp-json\/wp\/v2\/categories?post=190139"},{"taxonomy":"post_tag","embeddable":true,"href":"https:\/\/www.europesays.com\/fr\/wp-json\/wp\/v2\/tags?post=190139"}],"curies":[{"name":"wp","href":"https:\/\/api.w.org\/{rel}","templated":true}]}}