{"id":190143,"date":"2025-06-20T05:11:18","date_gmt":"2025-06-20T05:11:18","guid":{"rendered":"https:\/\/www.europesays.com\/fr\/190143\/"},"modified":"2025-06-20T05:11:18","modified_gmt":"2025-06-20T05:11:18","slug":"paris-greve-a-la-ratp-vendredi-le-trafic-de-plusieurs-lignes-perturbe","status":"publish","type":"post","link":"https:\/\/www.europesays.com\/fr\/190143\/","title":{"rendered":"Paris : gr\u00e8ve \u00e0 la RATP vendredi, le trafic de plusieurs lignes perturb\u00e9"},"content":{"rendered":"<ul class=\"jsx-862013697 ArticleChapo__List\">\n<li class=\"jsx-862013697 ArticleChapo__List_Item flex\">Un mouvement social perturbera plusieurs lignes de m\u00e9tro parisiennes ce vendredi 20 juin.<\/li>\n<li class=\"jsx-862013697 ArticleChapo__List_Item flex\">Les usagers de la ligne 3bis seront les plus impact\u00e9s.<\/li>\n<li class=\"jsx-862013697 ArticleChapo__List_Item flex\">Les syndicats d\u00e9noncent la d\u00e9gradation des conditions de travail et la \u00ab\u00a0politique manag\u00e9riale r\u00e9pressive\u00a0\u00bb.<\/li>\n<\/ul>\n<p data-module=\"article-paragraph\" class=\"jsx-3046738180 Paragraph\">La RATP pr\u00e9conise aux Parisiens \u00ab\u00a0d&rsquo;anticiper leurs d\u00e9placements\u00a0\u00bb. Les conducteurs de <a href=\"https:\/\/www.tf1info.fr\/transports\/150-euros-pour-avoir-transporte-une-plante-dans-le-metro-que-prevoient-les-regles-de-la-ratp-en-la-matiere-2369174.html\" target=\"_blank\" rel=\"noopener\">m\u00e9tro (nouvelle fen\u00eatre)<\/a> de la RATP pr\u00e9voient de faire gr\u00e8ve ce vendredi 20 juin, \u00e0 l&rsquo;appel des syndicats FO, Solidaires et La Base. Ils d\u00e9noncent le \u00ab\u00a0m\u00e9pris de la direction de la RATP\u00a0\u00bb et des conditions de travail qui se d\u00e9gradent de mois en mois. Trois lignes verront donc leur trafic perturb\u00e9 : la 3, la 3bis et la 13.<\/p>\n<p data-module=\"article-paragraph\" class=\"jsx-3046738180 Paragraph Paragraph__End\">Dans le d\u00e9tail, la ligne 3bis sera totalement interrompue toute la journ\u00e9e. Pour la ligne 3, \u00ab\u00a0un train sur deux\u00a0\u00bb circulera, selon les <a href=\"https:\/\/www.bonjour-ratp.fr\/actualites\/articles\/greve-RATP-juin2025\/\" target=\"_blank\" rel=\"nofollow noopener\">pr\u00e9visions de la RATP (nouvelle fen\u00eatre)<\/a>. Enfin, la ligne 13 sera \u00ab\u00a0l\u00e9g\u00e8rement perturb\u00e9e\u00a0\u00bb, avec \u00ab\u00a0trois trains sur quatre en moyenne\u00a0\u00bb.<\/p>\n<blockquote data-testid=\"EmbedTwitter\" id=\"tweet-1935354056362406349-:R2c6ij9n79m:\" class=\"jsx-aeff1a1c40f54d7a twitter-tweet flex justify-center items-center\"><p>La  #ligne3bis sera interrompue toute la journ\u00e9e.  pic.twitter.com\/KDlXQhSoQA \u2014 Ligne 3 (@Ligne3_RATP)  June 18, 2025<\/p><\/blockquote>\n<p data-module=\"article-paragraph\" class=\"jsx-3046738180 Paragraph\">Le mouvement est soutenu par plusieurs syndicats. Sur X, Solidaires d\u00e9nonce \u00ab\u00a0la politique manag\u00e9riale r\u00e9pressive\u00a0\u00bb de la <a href=\"https:\/\/www.tf1info.fr\/transports\/video-reportage-bienvenue-dans-la-maquette-de-la-station-guy-moquet-voici-le-laboratoire-secret-de-la-ratp-2373835.html\" target=\"_blank\" rel=\"noopener\">direction de la RATP<\/a> et annonce un taux de gr\u00e9vistes qui atteindrait les 90%. Il pointe aussi des probl\u00e8mes r\u00e9currents sur la ligne 3, avec des \u00ab\u00a0cheminements dangereux\u00a0\u00bb qui mettraient en p\u00e9ril la s\u00e9curit\u00e9 des conducteurs aux terminus (Pont de Levallois-B\u00e9con et Gallieni).<\/p>\n<p data-module=\"article-paragraph\" class=\"jsx-3046738180 Paragraph Paragraph__End\">Le syndicat La Base veut, lui, protester contre \u00ab\u00a0une direction d&rsquo;unit\u00e9 qui sans vergogne, s&rsquo;ent\u00eate \u00e0 continuer ses pressions et intimidations, d\u00e9gradant fortement les conditions de travail du personnel\u00a0\u00bb. Il demande donc \u00ab\u00a0des conditions dignes et humaines\u00a0\u00bb, ainsi que \u00ab\u00a0la fin de l&rsquo;injustice\u00a0\u00bb.<\/p>\n<p>Zo\u00e9 SAMIN<\/p>\n<p><script async src=\"https:\/\/platform.twitter.com\/widgets.js\" charset=\"utf-8\"><\/script><\/p>\n","protected":false},"excerpt":{"rendered":"Un mouvement social perturbera plusieurs lignes de m\u00e9tro parisiennes ce vendredi 20 juin. Les usagers de la ligne&hellip;\n","protected":false},"author":2,"featured_media":190144,"comment_status":"","ping_status":"","sticky":false,"template":"","format":"standard","meta":{"footnotes":""},"categories":[1888],"tags":[1111,1928,11,1927,1921,1777,674,1011,27,18677,662,1922,12,1926,626,1925,625,25,3427,2803,12310,133,8191],"class_list":{"0":"post-190143","1":"post","2":"type-post","3":"status-publish","4":"format-standard","5":"has-post-thumbnail","7":"category-paris","8":"tag-actu","9":"tag-actu-paris","10":"tag-actualites","11":"tag-actualites-paris","12":"tag-article-video","13":"tag-eu","14":"tag-europe","15":"tag-fr","16":"tag-france","17":"tag-greves","18":"tag-ile-de-france","19":"tag-info","20":"tag-news","21":"tag-news-paris","22":"tag-paris","23":"tag-paris-news","24":"tag-ratp","25":"tag-republique-francaise","26":"tag-syndicats","27":"tag-transport","28":"tag-transports-en-commun-du-quotidien","29":"tag-video","30":"tag-video-transports"},"share_on_mastodon":{"url":"https:\/\/pubeurope.com\/@fr\/114713977491263159","error":""},"_links":{"self":[{"href":"https:\/\/www.europesays.com\/fr\/wp-json\/wp\/v2\/posts\/190143","targetHints":{"allow":["GET"]}}],"collection":[{"href":"https:\/\/www.europesays.com\/fr\/wp-json\/wp\/v2\/posts"}],"about":[{"href":"https:\/\/www.europesays.com\/fr\/wp-json\/wp\/v2\/types\/post"}],"author":[{"embeddable":true,"href":"https:\/\/www.europesays.com\/fr\/wp-json\/wp\/v2\/users\/2"}],"replies":[{"embeddable":true,"href":"https:\/\/www.europesays.com\/fr\/wp-json\/wp\/v2\/comments?post=190143"}],"version-history":[{"count":0,"href":"https:\/\/www.europesays.com\/fr\/wp-json\/wp\/v2\/posts\/190143\/revisions"}],"wp:featuredmedia":[{"embeddable":true,"href":"https:\/\/www.europesays.com\/fr\/wp-json\/wp\/v2\/media\/190144"}],"wp:attachment":[{"href":"https:\/\/www.europesays.com\/fr\/wp-json\/wp\/v2\/media?parent=190143"}],"wp:term":[{"taxonomy":"category","embeddable":true,"href":"https:\/\/www.europesays.com\/fr\/wp-json\/wp\/v2\/categories?post=190143"},{"taxonomy":"post_tag","embeddable":true,"href":"https:\/\/www.europesays.com\/fr\/wp-json\/wp\/v2\/tags?post=190143"}],"curies":[{"name":"wp","href":"https:\/\/api.w.org\/{rel}","templated":true}]}}