{"id":190155,"date":"2025-06-20T05:17:22","date_gmt":"2025-06-20T05:17:22","guid":{"rendered":"https:\/\/www.europesays.com\/fr\/190155\/"},"modified":"2025-06-20T05:17:22","modified_gmt":"2025-06-20T05:17:22","slug":"nouveau-vote-crucial-au-parlement-sur-laide-a-mourir-lexpress","status":"publish","type":"post","link":"https:\/\/www.europesays.com\/fr\/190155\/","title":{"rendered":"nouveau vote crucial au Parlement sur l&rsquo;aide \u00e0 mourir \u2013 L&rsquo;Express"},"content":{"rendered":"<p class=\"paragraph article-body-paragraph article__item   article-body-paragraph--first \">Fin novembre, les d\u00e9put\u00e9s avaient approuv\u00e9 en premi\u00e8re lecture, \u00e0 une courte majorit\u00e9, la l\u00e9galisation d&rsquo;une aide \u00e0 mourir &#8211; ou suicide assist\u00e9 &#8211; pour certains malades en phase terminale.<\/p>\n<p class=\"paragraph article-body-paragraph article__item   \">Vendredi, s&rsquo;ils approuvent de nouveau le texte, celui-ci continuera son parcours \u00e0 la chambre des Lords. A l&rsquo;inverse, s&rsquo;ils le rejettent, le projet de loi sera abandonn\u00e9, dix ans apr\u00e8s une premi\u00e8re tentative infructueuse pour l\u00e9galiser l&rsquo;aide \u00e0 mourir.<\/p>\n<p class=\"paragraph article-body-paragraph article__item   \">Partisans et opposants \u00e0 un changement de la loi sont attendus devant le Parlement pendant que les d\u00e9put\u00e9s examineront le texte.<\/p>\n<p class=\"paragraph article-body-paragraph article__item   \">Selon Kim Leadbeater, d\u00e9put\u00e9e de la majorit\u00e9 travailliste \u00e0 l&rsquo;origine de cette proposition de loi, le texte est important pour accompagner des personnes confront\u00e9es \u00e0 la perspective d&rsquo;une mort douloureuse et indigne, pour elles-m\u00eames ou pour un proche.<\/p>\n<p><img decoding=\"async\" src=\"https:\/\/www.europesays.com\/fr\/wp-content\/uploads\/2025\/06\/LLDUGZAY2NCNLHDWQUSADKEGXA.jpg\" class=\"image-with-legend__cover-img\" alt=\"Cette image extraite d'une s\u00e9quence vid\u00e9o diffus\u00e9e par PRU via le site Internet Parliament TV le 16 mai 2025, montre la d\u00e9put\u00e9e travailliste Kim Leadbeater s'exprimant \u00e0 la Chambre des communes \u00e0 Londres\" width=\"883\" height=\"0\" loading=\"lazy\"\/><\/p>\n<p class=\"image-with-legend__legend\">Cette image extraite d&rsquo;une s\u00e9quence vid\u00e9o diffus\u00e9e par PRU via le site Internet Parliament TV le 16 mai 2025, montre la d\u00e9put\u00e9e travailliste Kim Leadbeater s&rsquo;exprimant \u00e0 la Chambre des communes \u00e0 Londres<\/p>\n<p class=\"image-with-legend__credits\"> \u00a9  \/ afp.com\/-<\/p>\n<p class=\"paragraph article-body-paragraph article__item   \">L&rsquo;injustice et l&rsquo;inhumanit\u00e9 du statu quo nous emp\u00eachent d&rsquo;attendre plus longtemps pour leur offrir l&rsquo;espoir d&rsquo;une mort meilleure, insiste-t-elle aupr\u00e8s de l&rsquo;AFP.<\/p>\n<p class=\"paragraph article-body-paragraph article__item   \">Le texte pr\u00e9voit que l&rsquo;aide \u00e0 mourir soit l\u00e9galis\u00e9e pour les adultes en phase terminale, dont l&rsquo;esp\u00e9rance de vie est inf\u00e9rieure \u00e0 six mois, et qui sont capables de prendre eux-m\u00eames la substance provoquant leur d\u00e9c\u00e8s.<\/p>\n<p class=\"paragraph article-body-paragraph article__item   \">Mais les d\u00e9put\u00e9s ont apport\u00e9 plusieurs changements notables au projet initial.<\/p>\n<p class=\"paragraph article-body-paragraph article__item   \">Outre deux m\u00e9decins, le dernier mot pour autoriser une aide \u00e0 mourir sera dans les mains d&rsquo;un coll\u00e8ge d&rsquo;experts, et non du ressort d&rsquo;un juge de la Haute Cour de Justice, un changement fustig\u00e9 par les opposants.<\/p>\n<p class=\"paragraph article-body-paragraph article__item   \">Les professionnels de sant\u00e9 (infirmiers, pharmaciens, travailleurs du secteur m\u00e9dical) auront aussi le droit de refuser de participer \u00e0 un suicide assist\u00e9, comme les m\u00e9decins.<\/p>\n<p class=\"paragraph article-body-paragraph article__item   \">Il sera \u00e9galement interdit de faire la publicit\u00e9 des services li\u00e9s au suicide assist\u00e9.<\/p>\n<p class=\"paragraph article-body-paragraph article__item   \">Enfin, des experts ind\u00e9pendants seront propos\u00e9s pour soutenir les personnes souffrant de probl\u00e8mes de sant\u00e9 mentale, ainsi qu&rsquo;un conseil consultatif sur le handicap, charg\u00e9 de conseiller le gouvernement sur la mise en \u0153uvre de la loi et son impact sur les personnes handicap\u00e9es.<\/p>\n<p class=\"paragraph article-body-paragraph article__item   \">Jeudi, le Royal College of Psychatrists s&rsquo;est toutefois dit inquiet des modalit\u00e9s de la loi.<\/p>\n<p> Vote serr\u00e9 <\/p>\n<p class=\"paragraph article-body-paragraph article__item   \">Les partisans d&rsquo;une l\u00e9galisation de l&rsquo;aide \u00e0 mourir estiment que les personnes mourantes ont besoin de pouvoir choisir leur fin de vie, y voyant une question de dignit\u00e9.<\/p>\n<p class=\"paragraph article-body-paragraph article__item   \">Ses opposants s&rsquo;inqui\u00e8tent des personnes vuln\u00e9rables, qui pourraient \u00eatre incit\u00e9es, selon eux, \u00e0 recourir au suicide assist\u00e9, par peur de devenir un poids pour leurs proches ou pour le syst\u00e8me de sant\u00e9.<\/p>\n<p class=\"paragraph article-body-paragraph article__item   \">Le vote vendredi s&rsquo;annonce serr\u00e9, plusieurs d\u00e9put\u00e9s ayant indiqu\u00e9 avoir chang\u00e9 de position depuis novembre.<\/p>\n<p><img decoding=\"async\" src=\"https:\/\/www.europesays.com\/fr\/wp-content\/uploads\/2025\/06\/6WCE46JBSNFORLJGWL4ANF75FA.jpg\" class=\"image-with-legend__cover-img\" alt=\"Le Premier ministre britannique Keir Starmer \u00e0 Londres, le 19 juin 2025\" width=\"883\" height=\"0\" loading=\"lazy\"\/><\/p>\n<p class=\"image-with-legend__legend\">Le Premier ministre britannique Keir Starmer \u00e0 Londres, le 19 juin 2025<\/p>\n<p class=\"image-with-legend__credits\"> \u00a9  \/ afp.com\/Jordan Pettitt<\/p>\n<p class=\"paragraph article-body-paragraph article__item   \">Les partis n&rsquo;ont pas donn\u00e9 de consigne \u00e0 leurs \u00e9lus. Le Premier ministre Keir Starmer a affirm\u00e9 soutenir le projet de loi.<\/p>\n<p class=\"paragraph article-body-paragraph article__item   \">Si le texte est finalement adopt\u00e9 dans les deux chambres, il faudra encore attendre quatre ans avant que le suicide assist\u00e9 ne soit effectivement mis en place.<\/p>\n<p class=\"paragraph article-body-paragraph article__item   \">Selon une \u00e9valuation du gouvernement, entre 160 et 640 suicides assist\u00e9s pourraient avoir lieu dans la premi\u00e8re ann\u00e9e, avant une hausse progressive jusqu&rsquo;\u00e0 environ 4.500 la dixi\u00e8me ann\u00e9e.<\/p>\n<p class=\"paragraph article-body-paragraph article__item   \">Actuellement, l&rsquo;aide m\u00e9dicale \u00e0 mourir est ill\u00e9gale et fait encourir une peine de 14 ans de prison en cas d&rsquo;aide ou d&rsquo;incitation en Angleterre, au Pays de Galles et en Irlande du Nord.<\/p>\n<p class=\"paragraph article-body-paragraph article__item   \">En Ecosse, o\u00f9 une personne aidant quelqu&rsquo;un \u00e0 mourir peut \u00eatre poursuivie pour homicide volontaire, les d\u00e9put\u00e9s ont adopt\u00e9 le mois dernier en premi\u00e8re lecture un projet de loi pour l\u00e9galiser le suicide assist\u00e9.<\/p>\n<p class=\"paragraph article-body-paragraph article__item    article__text__endpicto\">L&rsquo;Ile de Man est devenue en mai le premier territoire britannique \u00e0 l\u00e9galiser une forme d&rsquo;aide \u00e0 mourir.<\/p>\n","protected":false},"excerpt":{"rendered":"Fin novembre, les d\u00e9put\u00e9s avaient approuv\u00e9 en premi\u00e8re lecture, \u00e0 une courte majorit\u00e9, la l\u00e9galisation d&rsquo;une aide \u00e0&hellip;\n","protected":false},"author":2,"featured_media":190156,"comment_status":"","ping_status":"","sticky":false,"template":"","format":"standard","meta":{"footnotes":""},"categories":[1588],"tags":[11,10944,1777,674,12,473,1853,1851,1850,1852],"class_list":{"0":"post-190155","1":"post","2":"type-post","3":"status-publish","4":"format-standard","5":"has-post-thumbnail","7":"category-royaume-uni","8":"tag-actualites","9":"tag-archives","10":"tag-eu","11":"tag-europe","12":"tag-news","13":"tag-royaume-uni","14":"tag-royaume-uni-de-grande-bretagne-et-dirlande-du-nord","15":"tag-uk","16":"tag-united-kingdom","17":"tag-united-kingdom-of-great-britain-and-northern-ireland"},"share_on_mastodon":{"url":"https:\/\/pubeurope.com\/@fr\/114714001130322554","error":""},"_links":{"self":[{"href":"https:\/\/www.europesays.com\/fr\/wp-json\/wp\/v2\/posts\/190155","targetHints":{"allow":["GET"]}}],"collection":[{"href":"https:\/\/www.europesays.com\/fr\/wp-json\/wp\/v2\/posts"}],"about":[{"href":"https:\/\/www.europesays.com\/fr\/wp-json\/wp\/v2\/types\/post"}],"author":[{"embeddable":true,"href":"https:\/\/www.europesays.com\/fr\/wp-json\/wp\/v2\/users\/2"}],"replies":[{"embeddable":true,"href":"https:\/\/www.europesays.com\/fr\/wp-json\/wp\/v2\/comments?post=190155"}],"version-history":[{"count":0,"href":"https:\/\/www.europesays.com\/fr\/wp-json\/wp\/v2\/posts\/190155\/revisions"}],"wp:featuredmedia":[{"embeddable":true,"href":"https:\/\/www.europesays.com\/fr\/wp-json\/wp\/v2\/media\/190156"}],"wp:attachment":[{"href":"https:\/\/www.europesays.com\/fr\/wp-json\/wp\/v2\/media?parent=190155"}],"wp:term":[{"taxonomy":"category","embeddable":true,"href":"https:\/\/www.europesays.com\/fr\/wp-json\/wp\/v2\/categories?post=190155"},{"taxonomy":"post_tag","embeddable":true,"href":"https:\/\/www.europesays.com\/fr\/wp-json\/wp\/v2\/tags?post=190155"}],"curies":[{"name":"wp","href":"https:\/\/api.w.org\/{rel}","templated":true}]}}