{"id":190159,"date":"2025-06-20T05:19:10","date_gmt":"2025-06-20T05:19:10","guid":{"rendered":"https:\/\/www.europesays.com\/fr\/190159\/"},"modified":"2025-06-20T05:19:10","modified_gmt":"2025-06-20T05:19:10","slug":"la-pub-dans-whatsapp-narrivera-pas-avant-2026-en-europe","status":"publish","type":"post","link":"https:\/\/www.europesays.com\/fr\/190159\/","title":{"rendered":"La pub dans WhatsApp n&rsquo;arrivera pas avant 2026 en Europe"},"content":{"rendered":"<p>Les utilisateurs europ\u00e9ens de WhatsApp \u00e9chapperont \u00e0 la publicit\u00e9 jusqu\u2019\u00e0 l\u2019ann\u00e9e prochaine. L\u2019annonce par la messagerie de l\u2019affichage de r\u00e9clame a provoqu\u00e9 une lev\u00e9e de boucliers au sein des organisations de d\u00e9fense de la vie priv\u00e9e.<\/p>\n<p><strong>WhatsApp<\/strong> a \u00e9t\u00e9 longtemps \u00e9pargn\u00e9, mais les bonnes choses ont une fin\u00a0: <a href=\"https:\/\/www.01net.com\/actualites\/longtemps-epargnee-whatsapp-echappe-plus-cette-tendance.html\" target=\"_blank\" rel=\"noopener\">la messagerie de Meta va afficher de la publicit\u00e9<\/a> dans les prochains mois. <a href=\"https:\/\/www.01net.com\/telecharger\/internet\/whatsapp-messenger.html\" target=\"_blank\" rel=\"noopener\">L\u2019application<\/a> testera bient\u00f4t des r\u00e9clames dans l\u2019onglet \u00ab\u00a0Actus\u00a0\u00bb, au niveau des Statuts. Les annonces apparaitront entre deux Statuts, comme les Stories dans Instagram. Meta a indiqu\u00e9 que ces publicit\u00e9s ne concerneront que l\u2019espace public des Statuts\u00a0: les discussions ne seront pas touch\u00e9es\u2026 du moins pas avant que le groupe trouve un moyen de les exploiter, sans doute\u00a0!<\/p>\n<p> WhatsApp sous surveillance en Europe <\/p>\n<p>\u00c0 cela s\u2019ajoute un syst\u00e8me d\u2019abonnements payants pour les cha\u00eenes des cr\u00e9ateurs de contenus, ainsi que l\u2019apparition d\u2019une section\u00a0\u00ab\u00a0Cha\u00eenes mises en avant\u00a0\u00bb pour promouvoir certains cr\u00e9ateurs. Le mod\u00e8le sans publicit\u00e9 qui \u00e9tait celui de WhatsApp depuis ses d\u00e9buts est bien termin\u00e9. Mais il survivra un moment dans l\u2019Union europ\u00e9enne.<\/p>\n<p>La Commission irlandaise sur la protection des donn\u00e9es, responsable de la mise en application du RGPD (le r\u00e8glement europ\u00e9en sur les donn\u00e9es), a \u00e9t\u00e9 inform\u00e9 par Meta que la publicit\u00e9 dans WhatsApp ne sera pas d\u00e9ploy\u00e9e dans l\u2019UE avant l\u2019ann\u00e9e prochaine. \u00ab\u00a0Ce nouveau produit ne sera pas lanc\u00e9 sur le march\u00e9 europ\u00e9en avant 2026\u00a0\u00bb, a confirm\u00e9 le commissaire Des Hogan repris par Politico. \u00ab\u00a0Nous avons \u00e9t\u00e9 inform\u00e9s par WhatsApp et nous allons les rencontrer pour discuter plus en d\u00e9tail de toute probl\u00e9matique \u00e9ventuelle.\u00a0\u00bb<\/p>\n<p>Dans son annonce, Meta avait pris soin d\u2019expliquer que le d\u00e9ferlement publicitaire dans WhatsApp a \u00e9t\u00e9 con\u00e7u \u00ab\u00a0de la mani\u00e8re la plus respectueuse de la vie priv\u00e9e possible\u00a0\u00bb. Par ailleurs, le partage de donn\u00e9es entre WhatsApp, Instagram et Facebook n\u2019aura lieu que si les utilisateurs donnent leur consentement en liant volontairement tous leurs comptes.<\/p>\n<p>Meta avait report\u00e9 le moissonnage des donn\u00e9es des utilisateurs europ\u00e9ens pour entra\u00eener ses mod\u00e8les IA, le temps de serrer les boulons avec cette m\u00eame commission.<\/p>\n<blockquote>\n<p>Lire <a href=\"https:\/\/www.01net.com\/astuces\/facebook-messenger-instagram-comment-empecher-meta-dutiliser-vos-donnees-pour-entrainer-son-ia.html\" target=\"_blank\" rel=\"noopener\">Facebook, Messenger, Instagram\u00a0: comment emp\u00eacher Meta d\u2019utiliser vos donn\u00e9es pour entrainer son IA<\/a><\/p>\n<\/blockquote>\n<blockquote>\n<p class=\"text-base text-neutral-700 dark:text-neutral-300\">\ud83d\udd34 Pour ne manquer aucune actualit\u00e9 de 01net, suivez-nous sur <a href=\"https:\/\/news.google.com\/publications\/CAAqBwgKMJPsvAswoIfUAw?hl=fr&amp;gl=FR&amp;ceid=FR%3Afr\" target=\"_blank\" rel=\"noopener\">Google Actualit\u00e9s<\/a> et <a href=\"https:\/\/whatsapp.com\/channel\/0029VaH5gKg6xCSG9nQQhQ1Z\" target=\"_blank\" rel=\"noopener\">WhatsApp<\/a>.<\/p>\n<\/blockquote>\n<p>            <img decoding=\"async\" src=\"https:\/\/www.europesays.com\/fr\/wp-content\/uploads\/2025\/04\/4NZ4LnDsUw9UvFnnxwTz2BKfp8VD92PRD8LTt3Ek.png\" alt=\"Opera One - Navigateur web boost\u00e9 \u00e0 l\u2019IA\" loading=\"lazy\"\/>                                            Opera One &#8211; Navigateur web boost\u00e9 \u00e0 l\u2019IA                 <\/p>\n<p>Par\u00a0: Opera<\/p>\n<p class=\"post-source\">\n            Source :<br \/>\n            <a href=\"https:\/\/www.politico.eu\/article\/whatsapp-meta-ads-eu-facebook-instagram-2026\/\" target=\"_blank\" rel=\"noopener\"><br \/>\n              Politico<br \/>\n            <\/a>\n          <\/p>\n","protected":false},"excerpt":{"rendered":"Les utilisateurs europ\u00e9ens de WhatsApp \u00e9chapperont \u00e0 la publicit\u00e9 jusqu\u2019\u00e0 l\u2019ann\u00e9e prochaine. L\u2019annonce par la messagerie de l\u2019affichage&hellip;\n","protected":false},"author":2,"featured_media":190160,"comment_status":"","ping_status":"","sticky":false,"template":"","format":"standard","meta":{"footnotes":""},"categories":[1586],"tags":[11,1777,674,1011,27,1016,12,25,250],"class_list":{"0":"post-190159","1":"post","2":"type-post","3":"status-publish","4":"format-standard","5":"has-post-thumbnail","7":"category-europe","8":"tag-actualites","9":"tag-eu","10":"tag-europe","11":"tag-fr","12":"tag-france","13":"tag-meta","14":"tag-news","15":"tag-republique-francaise","16":"tag-whatsapp"},"share_on_mastodon":{"url":"https:\/\/pubeurope.com\/@fr\/114714008968268966","error":""},"_links":{"self":[{"href":"https:\/\/www.europesays.com\/fr\/wp-json\/wp\/v2\/posts\/190159","targetHints":{"allow":["GET"]}}],"collection":[{"href":"https:\/\/www.europesays.com\/fr\/wp-json\/wp\/v2\/posts"}],"about":[{"href":"https:\/\/www.europesays.com\/fr\/wp-json\/wp\/v2\/types\/post"}],"author":[{"embeddable":true,"href":"https:\/\/www.europesays.com\/fr\/wp-json\/wp\/v2\/users\/2"}],"replies":[{"embeddable":true,"href":"https:\/\/www.europesays.com\/fr\/wp-json\/wp\/v2\/comments?post=190159"}],"version-history":[{"count":0,"href":"https:\/\/www.europesays.com\/fr\/wp-json\/wp\/v2\/posts\/190159\/revisions"}],"wp:featuredmedia":[{"embeddable":true,"href":"https:\/\/www.europesays.com\/fr\/wp-json\/wp\/v2\/media\/190160"}],"wp:attachment":[{"href":"https:\/\/www.europesays.com\/fr\/wp-json\/wp\/v2\/media?parent=190159"}],"wp:term":[{"taxonomy":"category","embeddable":true,"href":"https:\/\/www.europesays.com\/fr\/wp-json\/wp\/v2\/categories?post=190159"},{"taxonomy":"post_tag","embeddable":true,"href":"https:\/\/www.europesays.com\/fr\/wp-json\/wp\/v2\/tags?post=190159"}],"curies":[{"name":"wp","href":"https:\/\/api.w.org\/{rel}","templated":true}]}}