{"id":190175,"date":"2025-06-20T05:30:10","date_gmt":"2025-06-20T05:30:10","guid":{"rendered":"https:\/\/www.europesays.com\/fr\/190175\/"},"modified":"2025-06-20T05:30:10","modified_gmt":"2025-06-20T05:30:10","slug":"ligue-des-champions-role-equipe-de-france-pourquoi-las-monaco-serait-un-bon-choix-pour-pogba-pour-relancer-sa-carriere","status":"publish","type":"post","link":"https:\/\/www.europesays.com\/fr\/190175\/","title":{"rendered":"Ligue des champions, r\u00f4le, \u00e9quipe de France&#8230; Pourquoi l\u2019AS Monaco serait un bon choix pour Pogba pour relancer sa carri\u00e8re"},"content":{"rendered":"<p>Sans club depuis la fin de l\u2019ann\u00e9e 2024, Paul Pogba s\u2019appr\u00eaterait \u00e0 trouver un nouveau point de chute. Il pourrait tenter de se relancer du c\u00f4t\u00e9 de l\u2019AS Monaco.<\/p>\n<p class=\"fig-paragraph\">La lumi\u00e8re au bout du tunnel. Apr\u00e8s de longs mois sans club,\u00a0<a href=\"http:\/\/www.lefigaro.fr\/sports\/football\/transferts\/pogba-discute-avec-monaco-wirtz-attendu-a-liverpool-le-barca-sur-un-gros-coup-les-6-infos-mercato-du-jour-20250619\" data-fig-type=\"NewsFlash\" data-gtm-custom-categorie=\"navigation\" data-gtm-custom-action=\"crossclick\" data-gtm-custom-label=\"Contextuel\" data-gtm-event=\"customEventSPE\" data-fig-domain=\"LEFIGARO\" target=\"_blank\" rel=\"noopener\">Paul Pogba<\/a>\u00a0devrait, dans les prochains jours \u2013 ou au plus tard dans les prochaines semaines \u2013, trouver un nouveau point de chute. Et s\u2019il a affol\u00e9 la toile, et particuli\u00e8rement les fans argentins, en s\u2019entra\u00eenant avec\u00a0<a href=\"http:\/\/www.lefigaro.fr\/sports\/football\/foot-paul-pogba-pose-avec-le-maillot-de-boca-juniors-et-enflamme-les-supporters-argentins-20250619\" data-fig-type=\"NewsFlash\" data-gtm-custom-categorie=\"navigation\" data-gtm-custom-action=\"crossclick\" data-gtm-custom-label=\"Contextuel\" data-gtm-event=\"customEventSPE\" data-fig-domain=\"LEFIGARO\" target=\"_blank\" rel=\"noopener\">un maillot du CA Boca Juniors<\/a>\u00a0sur le dos, le milieu de terrain serait de plus en plus proche de l<a href=\"http:\/\/www.lefigaro.fr\/sports\/football\/transferts\/mercato-discussions-positives-entre-paul-pogba-et-monaco-20250613\" data-fig-type=\"NewsFlash\" data-gtm-custom-categorie=\"navigation\" data-gtm-custom-action=\"crossclick\" data-gtm-custom-label=\"Contextuel\" data-gtm-event=\"customEventSPE\" data-fig-domain=\"LEFIGARO\" target=\"_blank\" rel=\"noopener\">\u2019AS Monaco<\/a>.<\/p>\n<p class=\"fig-paragraph\">En effet,\u00a0<a href=\"https:\/\/rmcsport.bfmtv.com\/football\/transferts\/\" target=\"_blank\" rel=\"nofollow noopener\" data-gtm-custom-categorie=\"navigation\" data-gtm-custom-action=\"crossclick\" data-gtm-custom-label=\"Contextuel\" data-gtm-event=\"customEventSPE\">RMC Sport<\/a> \u00a0a r\u00e9v\u00e9l\u00e9 que les discussions entre les deux parties se poursuivaient et que le champion du monde 2018 avait donn\u00e9 sa priorit\u00e9 \u00e0 la formation du Rocher, et ce, malgr\u00e9 l\u2019int\u00e9r\u00eat d\u2019\u00e9quipes saoudiennes. Une arriv\u00e9e dans la Principaut\u00e9 serait id\u00e9ale pour \u00abla Pioche\u00bb, lui qui a besoin de relancer sa carri\u00e8re avec dans le viseur, la Coupe du monde 2026.<\/p>\n<p class=\"fig-body-link\">\n            \u00c0 lire aussi<br \/>\n        <a class=\"fig-body-link__link\" href=\"http:\/\/www.lefigaro.fr\/sports\/football\/transferts\/pogba-discute-avec-monaco-wirtz-attendu-a-liverpool-le-barca-sur-un-gros-coup-les-6-infos-mercato-du-jour-20250619\" data-fig-type=\"NewsFlash\" data-gtm-custom-categorie=\"navigation\" data-gtm-custom-action=\"crossclick\" data-gtm-custom-label=\"Contextuel\" data-gtm-event=\"customEventSPE\" data-fig-domain=\"LEFIGARO\" target=\"_blank\" rel=\"noopener\">Pogba discute avec Monaco, Wirtz attendu \u00e0 Liverpool, le Bar\u00e7a sur un gros coup&#8230; Les 6 infos mercato du jour<br \/>\n    <\/a>\n<\/p>\n<p>La Ligue des champions pour \u00eatre sous le feu des projecteurs<\/p>\n<p class=\"fig-paragraph\">Apr\u00e8s quasiment deux ans sans jouer en raison de sa suspension pour dopage, Paul Pogba a besoin de retrouver le haut niveau pour esp\u00e9rer revenir au premier plan et convaincre\u00a0<a href=\"http:\/\/www.lefigaro.fr\/sports\/football\/ligue-des-nations\/rever-d-une-nouvelle-coupe-du-monde-quels-sont-les-chantiers-de-deschamps-et-ses-bleus-20250609\" data-fig-type=\"NewsFlash\" data-gtm-custom-categorie=\"navigation\" data-gtm-custom-action=\"crossclick\" data-gtm-custom-label=\"Contextuel\" data-gtm-event=\"customEventSPE\" data-fig-domain=\"LEFIGARO\" target=\"_blank\" rel=\"noopener\">Didier Deschamps<\/a>\u00a0de lui donner une nouvelle chance en\u00a0<a href=\"http:\/\/www.lefigaro.fr\/sports\/football\/equipe-de-france\/equipe-de-france-vous-croyez-quoi-qu-en-cinq-ans-on-a-tout-oublie-n-ayez-aucune-crainte-a-ce-sujet-laurent-blanc-espere-l-arrivee-de-zidane-20250618\" data-fig-type=\"NewsFlash\" data-gtm-custom-categorie=\"navigation\" data-gtm-custom-action=\"crossclick\" data-gtm-custom-label=\"Contextuel\" data-gtm-event=\"customEventSPE\" data-fig-domain=\"LEFIGARO\" target=\"_blank\" rel=\"noopener\">\u00e9quipe de France<\/a>. Et l\u2019AS Monaco peut lui offrir cette opportunit\u00e9. Les Mon\u00e9gasques, qui ont r\u00e9alis\u00e9 un exercice 2024-2025 s\u00e9rieux, se sont de nouveau qualifi\u00e9s pour la Ligue des champions.<\/p>\n<p class=\"fig-body-link\">\n            \u00c0 lire aussi<br \/>\n        <a class=\"fig-body-link__link\" href=\"http:\/\/www.lefigaro.fr\/sports\/football\/foot-qui-es-tu-pour-choisir-le-coup-de-gueule-de-slimani-sur-les-binationaux-20250619\" data-fig-type=\"NewsFlash\" data-gtm-custom-categorie=\"navigation\" data-gtm-custom-action=\"crossclick\" data-gtm-custom-label=\"Contextuel\" data-gtm-event=\"customEventSPE\" data-fig-domain=\"LEFIGARO\" target=\"_blank\" rel=\"noopener\">Foot\u00a0: \u00abQui es-tu pour choisir\u00a0?\u00bb, le coup de gueule de l\u2019international alg\u00e9rien Slimani sur les binationaux<br \/>\n    <\/a>\n<\/p>\n<p class=\"fig-paragraph\">L\u2019ex-joueur de la\u00a0<a href=\"http:\/\/www.lefigaro.fr\/sports\/football\/foot-quand-trump-demande-aux-joueurs-de-la-juve-si-des-femmes-pourraient-faire-partie-de-leur-equipe-20250619\" data-fig-type=\"NewsFlash\" data-gtm-custom-categorie=\"navigation\" data-gtm-custom-action=\"crossclick\" data-gtm-custom-label=\"Contextuel\" data-gtm-event=\"customEventSPE\" data-fig-domain=\"LEFIGARO\" target=\"_blank\" rel=\"noopener\">Juventus Turin<\/a>\u00a0devrait ainsi avoir l\u2019occasion de briller sur la plus grande sc\u00e8ne europ\u00e9enne. Et pas pour y faire de la figuration puisque l\u2019ASM n\u2019est pas pass\u00e9e loin d\u2019acc\u00e9der aux huiti\u00e8mes de finale de la comp\u00e9tition cette saison (\u00e9limination en barrages contre le SL Benfica). Par ailleurs, il ne devrait pas avoir de mal \u00e0 s\u2019illustrer en Ligue 1 \u2013 un championnat qu\u2019il d\u00e9couvrirait apr\u00e8s la Serie A et la Premier League \u2013, o\u00f9 Adi H\u00fctter et ses hommes font partie, ces deux derni\u00e8res saisons, des meilleures \u00e9quipes.<\/p>\n<p class=\"fig-paragraph\"><strong>\u00c0 VOIR AUSSI &#8211; <\/strong>Paris SG\u00a0: quand Presnel Kimpembe et Nuno Mendes rendent visite aux Los Angeles Lakers<\/p>\n<p>Une belle compl\u00e9mentarit\u00e9 avec les autres joueurs de l\u2019effectif<\/p>\n<p class=\"fig-paragraph\">En d\u00e9barquant sur le Rocher, Paul Pogba ne devrait pas avoir de mal \u00e0 trouver sa place. La \u00abPioche\u00bb est un milieu de terrain hybride, capable de mettre de l\u2019impact dans les duels et (surtout) de lancer des offensives \u00e0 partir d\u2019une position assez basse. Un meneur de jeu recul\u00e9, que ce soit dans un sch\u00e9ma \u00e0 deux r\u00e9cup\u00e9rateurs ou avec une sentinelle et deux relayeurs. C\u2019est un profil que les Mon\u00e9gasques n\u2019ont pas dans leur effectif.<\/p>\n<p class=\"fig-body-link\">\n            \u00c0 lire aussi<br \/>\n        <a class=\"fig-body-link__link\" href=\"http:\/\/www.lefigaro.fr\/sports\/football\/foot-il-faut-creer-une-famille-lance-gattuso-a-propos-de-la-selection-italienne-20250619\" data-fig-type=\"NewsFlash\" data-gtm-custom-categorie=\"navigation\" data-gtm-custom-action=\"crossclick\" data-gtm-custom-label=\"Contextuel\" data-gtm-event=\"customEventSPE\" data-fig-domain=\"LEFIGARO\" target=\"_blank\" rel=\"noopener\">Foot\u00a0: \u00abIl faut cr\u00e9er une famille\u00bb, lance Gattuso \u00e0 propos de la s\u00e9lection italienne<br \/>\n    <\/a>\n<\/p>\n<p class=\"fig-paragraph\">Son association avec Denis Zakaria et\/ou Lamine Camara, deux joueurs tr\u00e8s travailleurs, capables d\u2019encha\u00eener les efforts et d\u2019assurer l\u2019\u00e9quilibre d\u00e9fensif \u2013 des box-to-box davantage r\u00e9cup\u00e9rateurs que cr\u00e9ateurs \u2013, devrait ainsi \u00eatre tr\u00e8s compl\u00e9mentaire et lui permettre d\u2019\u00eatre dans les meilleures dispositions, comme il l\u2019a \u00e9t\u00e9 chez les Bleus aux c\u00f4t\u00e9s de N\u2019Golo Kant\u00e9, toutes proportions gard\u00e9es, \u00e9videmment.<\/p>\n<p class=\"fig-body-link\">\n            \u00c0 lire aussi<br \/>\n        <a class=\"fig-body-link__link\" href=\"http:\/\/www.lefigaro.fr\/sports\/football\/foot-il-a-trahi-la-honda-pour-de-la-tortilla-la-pique-de-booba-a-mbappe-dans-son-nouveau-titre-20250619\" data-fig-type=\"NewsFlash\" data-gtm-custom-categorie=\"navigation\" data-gtm-custom-action=\"crossclick\" data-gtm-custom-label=\"Contextuel\" data-gtm-event=\"customEventSPE\" data-fig-domain=\"LEFIGARO\" target=\"_blank\" rel=\"noopener\">\u00abIl a trahi la honda pour de la tortilla\u00bb: la pique de Booba \u00e0 Mbapp\u00e9 dans son nouveau titre<br \/>\n    <\/a>\n<\/p>\n<p>Attirer l\u2019\u0153il de Didier Deschamps<\/p>\n<p class=\"fig-paragraph\">Rejoindre l\u2019AS Monaco plut\u00f4t que l\u2019Arabie saoudite, c\u2019est aussi se donner plus de chances d\u2019attirer l\u2019attention de Didier Deschamps et donc de faire son retour en \u00e9quipe de France, avec en ligne de mire la Coupe du monde 2026, lui qui avait d\u00fb d\u00e9clarer forfait pour le Mondial 2022 au Qatar en raison d\u2019une blessure. Retrouver les Bleus est d\u2019ailleurs l\u2019un des objectifs du milieu de terrain \u00e2g\u00e9 de 32 ans.<\/p>\n<p class=\"fig-body-link\">\n            \u00c0 lire aussi<br \/>\n        <a class=\"fig-body-link__link\" href=\"http:\/\/www.lefigaro.fr\/sports\/football\/equipe-de-france\/paul-tu-dois-bosser-le-message-de-deschamps-a-pogba-qui-fera-son-possible-pour-revenir-chez-les-bleus-20241016\" data-fig-type=\"NewsFlash\" data-gtm-custom-categorie=\"navigation\" data-gtm-custom-action=\"crossclick\" data-gtm-custom-label=\"Contextuel\" data-gtm-event=\"customEventSPE\" data-fig-domain=\"LEFIGARO\" target=\"_blank\" rel=\"noopener\">\u00abPaul, tu dois bosser\u00bb\u00a0: le message de Deschamps \u00e0 Pogba, qui \u00abfera son possible\u00bb pour revenir chez les Bleus<br \/>\n    <\/a>\n<\/p>\n<p class=\"fig-paragraph\">Bonne nouvelle pour lui, le s\u00e9lectionneur national ne lui a pas ferm\u00e9 la porte malgr\u00e9 ces longs mois sans jouer. Bien au contraire. \u00abY croire, oui, mais est-ce que ce sera possible\u00a0? C\u2019est tout le mal que je lui souhaite. Il y aura des \u00e9tapes. Je le connais tr\u00e8s bien. Il a le mental et le caract\u00e8re. Il va tout faire pour revenir \u00e0 son meilleur niveau\u00bb, avait-il d\u00e9clar\u00e9 \u00e0 la fin de l\u2019ann\u00e9e derni\u00e8re. Reste d\u00e9sormais \u00e0 savoir s\u2019il atteindra son but.<\/p>\n","protected":false},"excerpt":{"rendered":"Sans club depuis la fin de l\u2019ann\u00e9e 2024, Paul Pogba s\u2019appr\u00eaterait \u00e0 trouver un nouveau point de chute.&hellip;\n","protected":false},"author":2,"featured_media":190176,"comment_status":"","ping_status":"","sticky":false,"template":"","format":"standard","meta":{"footnotes":""},"categories":[1412],"tags":[525,1981,814,64,1451,2257,63,1452,1453,1454,1455,1011,27,3309,66,1307,955,1176,978,32134,93,1980,60],"class_list":{"0":"post-190175","1":"post","2":"type-post","3":"status-publish","4":"format-standard","5":"has-post-thumbnail","7":"category-f1","8":"tag-calendrier","9":"tag-classement","10":"tag-direct","11":"tag-equipe-de-france","12":"tag-f1","13":"tag-foot","14":"tag-football","15":"tag-formula-1","16":"tag-formula1","17":"tag-formule-1","18":"tag-formule1","19":"tag-fr","20":"tag-france","21":"tag-l1","22":"tag-ligue-1","23":"tag-lille","24":"tag-match","25":"tag-olympique-de-marseille","26":"tag-olympique-lyonnais","27":"tag-paul-pogba","28":"tag-psg","29":"tag-resultats","30":"tag-sports"},"share_on_mastodon":{"url":"https:\/\/pubeurope.com\/@fr\/114714052099294974","error":""},"_links":{"self":[{"href":"https:\/\/www.europesays.com\/fr\/wp-json\/wp\/v2\/posts\/190175","targetHints":{"allow":["GET"]}}],"collection":[{"href":"https:\/\/www.europesays.com\/fr\/wp-json\/wp\/v2\/posts"}],"about":[{"href":"https:\/\/www.europesays.com\/fr\/wp-json\/wp\/v2\/types\/post"}],"author":[{"embeddable":true,"href":"https:\/\/www.europesays.com\/fr\/wp-json\/wp\/v2\/users\/2"}],"replies":[{"embeddable":true,"href":"https:\/\/www.europesays.com\/fr\/wp-json\/wp\/v2\/comments?post=190175"}],"version-history":[{"count":0,"href":"https:\/\/www.europesays.com\/fr\/wp-json\/wp\/v2\/posts\/190175\/revisions"}],"wp:featuredmedia":[{"embeddable":true,"href":"https:\/\/www.europesays.com\/fr\/wp-json\/wp\/v2\/media\/190176"}],"wp:attachment":[{"href":"https:\/\/www.europesays.com\/fr\/wp-json\/wp\/v2\/media?parent=190175"}],"wp:term":[{"taxonomy":"category","embeddable":true,"href":"https:\/\/www.europesays.com\/fr\/wp-json\/wp\/v2\/categories?post=190175"},{"taxonomy":"post_tag","embeddable":true,"href":"https:\/\/www.europesays.com\/fr\/wp-json\/wp\/v2\/tags?post=190175"}],"curies":[{"name":"wp","href":"https:\/\/api.w.org\/{rel}","templated":true}]}}