{"id":190193,"date":"2025-06-20T05:39:09","date_gmt":"2025-06-20T05:39:09","guid":{"rendered":"https:\/\/www.europesays.com\/fr\/190193\/"},"modified":"2025-06-20T05:39:09","modified_gmt":"2025-06-20T05:39:09","slug":"le-temoignage-du-malade-du-chikungunya-le-sos-des-salaries-de-la-verrerie-le-ras-le-bol-de-leleveur-lessentiel-de-lactu-en-region","status":"publish","type":"post","link":"https:\/\/www.europesays.com\/fr\/190193\/","title":{"rendered":"Le t\u00e9moignage du malade du chikungunya, le SOS des salari\u00e9s de la verrerie, le ras-le-bol de l\u2019\u00e9leveur\u00a0: l\u2019essentiel de l\u2019actu en r\u00e9gion"},"content":{"rendered":"<p>\n                                                                Tous les soirs \u00e0 20\u00a0h\u00a030, retrouvez l\u2019essentiel de l\u2019actualit\u00e9 r\u00e9gionale sur midilibre.fr.\n                            <\/p>\n<p>Alain, second cas autochtone de chikungunya en France<\/p>\n<p><strong>#H\u00c9RAULT<\/strong> <a href=\"https:\/\/www.midilibre.fr\/2025\/06\/19\/je-regarde-javais-la-jambe-toute-rouge-le-temoignage-exclusif-dalain-lun-des-deux-malades-en-france-qui-a-contracte-le-chikungunya-12772987.php\" target=\"_self\" rel=\"nofollow noopener\">Alain, habitant de Prades-le-Lez dans la m\u00e9tropole de Montpellier est le second cas autochtone de chikungunya en France<\/a>, apr\u00e8s un premier cas av\u00e9r\u00e9 dans le Var, le 11\u00a0juin dernier. \u00ab\u00a0Il y a deux semaines et demie, se souvient-il, je rentre de la p\u00e9tanque, je me gratte sous le genou\u2026 Je regarde, j\u2019avais la jambe toute rouge. Et le lendemain matin, je me r\u00e9veille dans un \u00e9tat de fatigue que je n\u2019ai quasiment jamais connu.\u00a0\u00bb<\/p>\n<p>Apr\u00e8s plusieurs analyses de sang et de longs jours d\u2019attente des r\u00e9sultats, le verdict tombe\u00a0: il est porteur du chikungunya. Le plus marquant, ce sont \u00ab\u00a0les douleurs articulaires. La fi\u00e8vre, \u00e7a a \u00e9t\u00e9, je n\u2019en ai une qu\u2019une nuit. L\u00e0, \u00e7a va, je n\u2019ai plus de douleurs mais il faut que je me requinque. Je suis tr\u00e8s fatigu\u00e9 et vite essouffl\u00e9. Ce matin, je suis all\u00e9 voir le chantier au bout de ma rue, il a fallu que je fasse des pauses\u00a0\u00bb\u00a0raconte le retrait\u00e9 de 73 ans.<\/p>\n<p>Un sexag\u00e9naire retrouv\u00e9 mort sur son palier<\/p>\n<p><strong>#GANGES\u00a0<\/strong>mercredi 18\u00a0juin en d\u00e9but de matin\u00e9e, <a href=\"https:\/\/www.midilibre.fr\/2025\/06\/19\/decouvert-gisant-dans-une-mare-de-sang-on-en-sait-plus-sur-lhomicide-survenu-ce-mercredi-dans-une-ville-du-nord-de-lherault-12773028.php\" target=\"_self\" rel=\"nofollow noopener\">les gendarmes sont intervenus pour un homicide survenu \u00e0 Ganges<\/a>, au nord de l\u2019H\u00e9rault.<\/p>\n<p>Jusqu\u2019\u00e0 pr\u00e9sent, peu d\u2019informations avaient filtr\u00e9 \u00e0 ce sujet. La procureure de la R\u00e9publique adjointe de Montpellier, Moune Mercan, indique que \u00ab\u00a0vers 8\u00a0h du matin, un habitant de la place Marianne \u00e0 Ganges a signal\u00e9 la pr\u00e9sence du corps de son voisin devant son palier, gisant dans une mare de sang. Les militaires de la gendarmerie se sont imm\u00e9diatement rendus sur place. La victime est \u00e2g\u00e9e de 66 ans\u00a0\u00bb.<\/p>\n<p>Une autopsie a \u00e9t\u00e9 ordonn\u00e9e et \u00e0 ce stade aucune pr\u00e9cision sur les circonstances du drame.<\/p>\n<p>Le SOS \u00e0 l\u2019\u00c9tat des salari\u00e9s de la verrerie de Verg\u00e8ze<\/p>\n<p><strong>#GARD<\/strong> Depuis l\u2019annonce de la suppression de 164 emplois en avril dernier, les salari\u00e9s de la Verrerie du Languedoc, propri\u00e9t\u00e9 d\u2019OI-Manufacturing, sont dans l\u2019incertitude.<a href=\"https:\/\/www.midilibre.fr\/2025\/06\/19\/nous-vous-invitons-aux-obseques-de-la-verrerie-du-languedoc-a-vergeze-lintersyndical-interpelle-lelysee-pour-sauver-lemploi-local-12772572.php\" target=\"_self\" rel=\"nofollow noopener\"> Ce jeudi 19\u00a0juin, l\u2019intersyndicale CGT-FO-CGC de la Verrerie a interpell\u00e9 le Gouvernement \u00e0 travers une lettre<\/a>.<\/p>\n<p>\u00ab\u00a0Notre ch\u00e8re verrerie, doyenne du savoir-faire local est sur le point d\u2019\u00eatre gracieusement ex\u00e9cut\u00e9e par une d\u00e9cision venue tout droit du pays du capitalisme triomphant\u00a0\u00bb, d\u00e9noncent notamment les syndicats. Ils demandent \u00e0 l\u2019\u00c9tat, qui ne s\u2019est pas ouvertement exprim\u00e9 jusqu\u2019\u00e0 pr\u00e9sent, de se positionner. Car si d\u2019ici le 31\u00a0octobre, aucun repreneur ne s\u2019est manifest\u00e9, l\u2019usine fermera d\u00e9finitivement.<\/p>\n<p>Face \u00e0 la menace du loup, un \u00e9leveur loz\u00e9rien renonce<\/p>\n<p><strong>#LOZ\u00c8RE <\/strong>Damien Pratlong, agriculteur en ovin viande \u00e0 Lanu\u00e9jols et au Pompidou, a \u00e9t\u00e9 victime de deux attaques d\u2019affil\u00e9e attribu\u00e9es au loup sur son site du Pompidou \u00e0 la mi-juin.<\/p>\n<p><a href=\"https:\/\/www.midilibre.fr\/2025\/06\/19\/on-a-la-boule-au-ventre-en-permanence-a-cause-du-loup-un-agriculteur-du-pompidou-decide-de-vendre-son-troupeau-de-brebis-12772059.php\" target=\"_self\" rel=\"nofollow noopener\">Aussi a-t-il d\u00e9cid\u00e9 de vendre les brebis qui s\u2019y trouvaient.<\/a> \u00ab\u00a0On pr\u00e9f\u00e8re faire \u00e7a plut\u00f4t que de les voir partir dans un camion d\u2019\u00e9quarrissage. \u00c7a fera un troupeau de moins, certes, mais c\u2019est devenu trop compliqu\u00e9\u00a0\u00bb.<\/p>\n<p>En novembre\u00a02024, il avait d\u00e9j\u00e0 perdu 14 brebis dans une attaque de loup et d\u00e9cid\u00e9 de r\u00e9duire son cheptel, ce qui n\u2019a pas emp\u00each\u00e9 un nouveau drame.<\/p>\n<p>Le chiffre du jour\u00a0: 5<\/p>\n<p><strong>#MONTBAZIN<\/strong><a href=\"https:\/\/www.midilibre.fr\/2025\/06\/19\/cinq-departs-de-feu-sur-montbazin-en-moins-de-15-jours-linquietude-grandit-a-montbazin-12772685.php\" target=\"_self\" rel=\"nofollow noopener\">\u00a0C\u2019est le nombre de d\u00e9parts de feu sur la commune en moins de quinze jours. <\/a>L\u2019hypoth\u00e8se d\u2019actes volontaires semble privil\u00e9gi\u00e9e et l\u2019inqui\u00e9tude grandit alors que certains de ces incendies ont d\u00e9but\u00e9 non loin des habitations.<\/p>\n<p>\u00c0 chaque fois, les habitants ont constat\u00e9 commune un sch\u00e9ma r\u00e9current. Plusieurs foyers distincts de quelques m\u00e8tres lors de chacun des \u00e9v\u00e8nements. Laissant penser \u00e0 des actes volontaires. Une enqu\u00eate de gendarmerie a \u00e9t\u00e9 ouverte.<\/p>\n","protected":false},"excerpt":{"rendered":"Tous les soirs \u00e0 20\u00a0h\u00a030, retrouvez l\u2019essentiel de l\u2019actualit\u00e9 r\u00e9gionale sur midilibre.fr. Alain, second cas autochtone de chikungunya&hellip;\n","protected":false},"author":2,"featured_media":190194,"comment_status":"","ping_status":"","sticky":false,"template":"","format":"standard","meta":{"footnotes":""},"categories":[10],"tags":[1011,27,72,71],"class_list":{"0":"post-190193","1":"post","2":"type-post","3":"status-publish","4":"format-standard","5":"has-post-thumbnail","7":"category-sante","8":"tag-fr","9":"tag-france","10":"tag-health","11":"tag-sante"},"share_on_mastodon":{"url":"https:\/\/pubeurope.com\/@fr\/114714087504518301","error":""},"_links":{"self":[{"href":"https:\/\/www.europesays.com\/fr\/wp-json\/wp\/v2\/posts\/190193","targetHints":{"allow":["GET"]}}],"collection":[{"href":"https:\/\/www.europesays.com\/fr\/wp-json\/wp\/v2\/posts"}],"about":[{"href":"https:\/\/www.europesays.com\/fr\/wp-json\/wp\/v2\/types\/post"}],"author":[{"embeddable":true,"href":"https:\/\/www.europesays.com\/fr\/wp-json\/wp\/v2\/users\/2"}],"replies":[{"embeddable":true,"href":"https:\/\/www.europesays.com\/fr\/wp-json\/wp\/v2\/comments?post=190193"}],"version-history":[{"count":0,"href":"https:\/\/www.europesays.com\/fr\/wp-json\/wp\/v2\/posts\/190193\/revisions"}],"wp:featuredmedia":[{"embeddable":true,"href":"https:\/\/www.europesays.com\/fr\/wp-json\/wp\/v2\/media\/190194"}],"wp:attachment":[{"href":"https:\/\/www.europesays.com\/fr\/wp-json\/wp\/v2\/media?parent=190193"}],"wp:term":[{"taxonomy":"category","embeddable":true,"href":"https:\/\/www.europesays.com\/fr\/wp-json\/wp\/v2\/categories?post=190193"},{"taxonomy":"post_tag","embeddable":true,"href":"https:\/\/www.europesays.com\/fr\/wp-json\/wp\/v2\/tags?post=190193"}],"curies":[{"name":"wp","href":"https:\/\/api.w.org\/{rel}","templated":true}]}}