{"id":190203,"date":"2025-06-20T05:44:10","date_gmt":"2025-06-20T05:44:10","guid":{"rendered":"https:\/\/www.europesays.com\/fr\/190203\/"},"modified":"2025-06-20T05:44:10","modified_gmt":"2025-06-20T05:44:10","slug":"un-immeuble-eventre-en-israel-un-centre-de-recherche-nucleaire-frappe-en-iran","status":"publish","type":"post","link":"https:\/\/www.europesays.com\/fr\/190203\/","title":{"rendered":"Un immeuble \u00e9ventr\u00e9 en Isra\u00ebl, un centre de recherche nucl\u00e9aire frapp\u00e9 en Iran&#8230;"},"content":{"rendered":"<p>L\u2019arm\u00e9e isra\u00e9lienne annonce avoir frapp\u00e9 un centre de recherche militaire \u00e0 T\u00e9h\u00e9ran<\/p>\n<p>L\u2019arm\u00e9e isra\u00e9lienne annonce avoir bombard\u00e9 des dizaines de cibles \u00e0 T\u00e9h\u00e9ran dans la nuit, notamment ce qu\u2019elle qualifie de \u00ab\u00a0centre de recherche et d\u00e9veloppement du projet d\u2019armes nucl\u00e9aires iranien\u00a0\u00bb.<\/p>\n<p>\u00ab\u00a0L\u2019arm\u00e9e a men\u00e9 une s\u00e9rie de frappes au c\u0153ur de T\u00e9h\u00e9ran\u00a0: des dizaines de cibles ont \u00e9t\u00e9 touch\u00e9es, notamment des sites de production de missiles militaires ainsi que le si\u00e8ge du SPND, l\u2019organisation charg\u00e9e de la recherche et du d\u00e9veloppement du programme nucl\u00e9aire militaire iranien\u00a0\u00bb, affirme un communiqu\u00e9 militaire.<\/p>\n<p>Un immeuble touch\u00e9 dans le sud d\u2019Isra\u00ebl par un tir de missile iranien<\/p>\n<p>Un immeuble d\u2019habitation a \u00e9t\u00e9 touch\u00e9 apr\u00e8s un tir de missile iranien dans le sud d\u2019Isra\u00ebl, annonce la police isra\u00e9lienne ce vendredi matin dans un communiqu\u00e9. \u00ab\u00a0Les forces de police du district sud, accompagn\u00e9es d\u2019experts en d\u00e9minage et d\u2019\u00e9quipes d\u2019intervention d\u2019urgence, sont actuellement en op\u00e9ration sur le site de l\u2019impact d\u2019un projectile dans l\u2019une des villes du sud\u00a0\u00bb, dit le communiqu\u00e9, accompagn\u00e9 de photos montrant un immeuble d\u2019habitation avec la fa\u00e7ade \u00e9ventr\u00e9e, sans en pr\u00e9ciser la localisation exacte.<\/p>\n<p>La rencontre de Gen\u00e8ve pour laisser une chance \u00e0 la voie diplomatique<\/p>\n<p>Les chefs de la diplomatie fran\u00e7aise, britannique et allemande ainsi que la cheffe de la diplomatie europ\u00e9enne Kaja Kallas sont attendus \u00e0 Gen\u00e8ve ce vendredi pour y rencontrer leur homologue iranien Abbas Araghchi.<\/p>\n<p>Ils le rencontreront \u00ab\u00a0afin d\u2019appeler au retour \u00e0 la voie diplomatique et de poursuivre les n\u00e9gociations sur le programme nucl\u00e9aire iranien\u00a0\u00bb, a indiqu\u00e9 de son c\u00f4t\u00e9 le minist\u00e8re fran\u00e7ais des Affaires \u00e9trang\u00e8res.<\/p>\n<p>Lors d\u2019une conversation avec le chef de la diplomatie fran\u00e7aise, Jean-No\u00ebl Barrot, l\u2019Am\u00e9ricain Marco Rubio \u00ab\u00a0a soulign\u00e9 que les Etats-Unis \u00e9taient pr\u00eats \u00e0 un contact direct avec les Iraniens \u00e0 tout moment\u00a0\u00bb, a-t-on indiqu\u00e9 de source diplomatique fran\u00e7aise.<\/p>\n<p>Trump temporise et laisse sa chance \u00e0 la diplomatie<\/p>\n<p> \u00abCompte tenu du fait qu\u2019il y a une possibilit\u00e9 substantielle de n\u00e9gociations \u00e9ventuelles avec l\u2019Iran dans le futur proche, je prendrai ma d\u00e9cision sur le fait d\u2019y aller ou non au cours des deux prochaines semaines\u00a0\u00bb, a fait savoir jeudi soir le pr\u00e9sident am\u00e9ricain.<\/p>\n<p>\u00ab\u00a0S\u2019il y a une chance pour la diplomatie, le pr\u00e9sident la saisira toujours. Mais il n\u2019a pas peur non plus d\u2019avoir recours \u00e0 la force\u00a0\u00bb, a assur\u00e9 sa porte-parole Karoline Leavitt, insistant sur un sentiment d\u2019urgence face \u00e0 l\u2019avanc\u00e9e du programme nucl\u00e9aire de T\u00e9h\u00e9ran.<\/p>\n<p>Les sir\u00e8nes d\u2019alerte ont retenti au petit matin en Isra\u00ebl<\/p>\n<p>Les sir\u00e8nes d\u2019alerte a\u00e9rienne ont retenti t\u00f4t vendredi dans plusieurs r\u00e9gions d\u2019Isra\u00ebl \u00e0 la suite de tirs de missiles iraniens, au huiti\u00e8me jour de la guerre entre les deux pays, l\u2019alerte \u00e9tant lev\u00e9e quelques instants plus tard.<\/p>\n<p>L\u2019arm\u00e9e avait d\u00e9clench\u00e9 ces alertes \u00ab\u00a0suite de l\u2019identification de missiles lanc\u00e9s depuis l\u2019Iran en direction de l\u2019Etat d\u2019Isra\u00ebl\u00a0\u00bb, avait-elle indiqu\u00e9 sur Telegram.<\/p>\n<p>Le Magen David Adom (MDA), \u00e9quivalent isra\u00e9lien de la Croix Rouge, a dit dans un communiqu\u00e9 ne pas avoir re\u00e7u de signalement concernant des victimes. L\u2019arm\u00e9e a pour sa part indiqu\u00e9 que des patrouilles de recherche intervenaient dans une zone o\u00f9 la chute d\u2019un projectile avait \u00e9t\u00e9 signal\u00e9e, sans pr\u00e9ciser le lieu d\u2019impact.<\/p>\n<p>Les alertes concernaient notamment le sud d\u00e9sertique du pays, selon la D\u00e9fense passive.<\/p>\n<p>Jeudi soir, Benyamin Netanyahou s&rsquo;est montr\u00e9 confiant, affirmant avoir d\u00e9j\u00e0 caus\u00e9 des d\u00e9g\u00e2ts significatifs \u00e0 la d\u00e9fense iranienne<\/p>\n<p>Le Premier ministre isra\u00e9lien a affirm\u00e9 qu\u2019Isra\u00ebl avait la capacit\u00e9 de frapper toutes les installations du programme nucl\u00e9aire iranien. Mais il assure que, pour les d\u00e9truire, \u00ab toute aide est la bienvenue \u00bb. Netanyahou affirme aussi qu\u2019Isra\u00ebl a d\u00e9truit plus de la moiti\u00e9 des lanceurs de missiles iraniens<\/p>\n<p>Bonjour \u00e0 tous et bienvenue dans ce nouveau live<\/p>\n<p>Chaque jour depuis maintenant une semaine, 20 Minutes est mobilis\u00e9 pour vous rapporter en direct les derniers d\u00e9veloppements de la guerre men\u00e9e entre Isra\u00ebl et l&rsquo;Iran. L&rsquo;Etat hebreu avait ouvert les hostilit\u00e9s le 13 juin en frappant l&rsquo;Iran afin de neutraliser la menace nucl\u00e9aire iranienne. L&rsquo;Iran a rapidement r\u00e9pliqu\u00e9 par l&rsquo;envoi de missiles et, depuis, les frappes s&rsquo;enchainent sur chacun des deux pays. Les Etats-Unis entretiennent d\u00e9sormais le suspense sur leur \u00e9ventualit\u00e9 intervention militaire en soutien d&rsquo;Isra\u00ebl.<\/p>\n","protected":false},"excerpt":{"rendered":"L\u2019arm\u00e9e isra\u00e9lienne annonce avoir frapp\u00e9 un centre de recherche militaire \u00e0 T\u00e9h\u00e9ran L\u2019arm\u00e9e isra\u00e9lienne annonce avoir bombard\u00e9 des&hellip;\n","protected":false},"author":2,"featured_media":190204,"comment_status":"","ping_status":"","sticky":false,"template":"","format":"standard","meta":{"footnotes":""},"categories":[5],"tags":[47,11,952,7613,75,73,1011,27,32810,14,3019,664,74,12,3020,10458,133,28],"class_list":{"0":"post-190203","1":"post","2":"type-post","3":"status-publish","4":"format-standard","5":"has-post-thumbnail","7":"category-international","8":"tag-actualite","9":"tag-actualites","10":"tag-benyamin-netanyahou","11":"tag-conflit-au-proche-orient","12":"tag-donald-trump","13":"tag-etats-unis","14":"tag-fr","15":"tag-france","16":"tag-guerre-israeliran","17":"tag-international","18":"tag-iran","19":"tag-israel","20":"tag-monde","21":"tag-news","22":"tag-nucleaire-iranien","23":"tag-programme-nucleaire-iranien","24":"tag-video","25":"tag-world"},"share_on_mastodon":{"url":"https:\/\/pubeurope.com\/@fr\/114714109953644644","error":""},"_links":{"self":[{"href":"https:\/\/www.europesays.com\/fr\/wp-json\/wp\/v2\/posts\/190203","targetHints":{"allow":["GET"]}}],"collection":[{"href":"https:\/\/www.europesays.com\/fr\/wp-json\/wp\/v2\/posts"}],"about":[{"href":"https:\/\/www.europesays.com\/fr\/wp-json\/wp\/v2\/types\/post"}],"author":[{"embeddable":true,"href":"https:\/\/www.europesays.com\/fr\/wp-json\/wp\/v2\/users\/2"}],"replies":[{"embeddable":true,"href":"https:\/\/www.europesays.com\/fr\/wp-json\/wp\/v2\/comments?post=190203"}],"version-history":[{"count":0,"href":"https:\/\/www.europesays.com\/fr\/wp-json\/wp\/v2\/posts\/190203\/revisions"}],"wp:featuredmedia":[{"embeddable":true,"href":"https:\/\/www.europesays.com\/fr\/wp-json\/wp\/v2\/media\/190204"}],"wp:attachment":[{"href":"https:\/\/www.europesays.com\/fr\/wp-json\/wp\/v2\/media?parent=190203"}],"wp:term":[{"taxonomy":"category","embeddable":true,"href":"https:\/\/www.europesays.com\/fr\/wp-json\/wp\/v2\/categories?post=190203"},{"taxonomy":"post_tag","embeddable":true,"href":"https:\/\/www.europesays.com\/fr\/wp-json\/wp\/v2\/tags?post=190203"}],"curies":[{"name":"wp","href":"https:\/\/api.w.org\/{rel}","templated":true}]}}