{"id":190209,"date":"2025-06-20T05:47:10","date_gmt":"2025-06-20T05:47:10","guid":{"rendered":"https:\/\/www.europesays.com\/fr\/190209\/"},"modified":"2025-06-20T05:47:10","modified_gmt":"2025-06-20T05:47:10","slug":"eenuee-signe-un-partenariat-avec-duqueine-group","status":"publish","type":"post","link":"https:\/\/www.europesays.com\/fr\/190209\/","title":{"rendered":"Eenuee signe un partenariat avec Duqueine Group"},"content":{"rendered":"<p>C&rsquo;est un partenariat strat\u00e9gique que vient de signer\u00a0la start-up st\u00e9phanoise Eenuee, qui souhaite d\u00e9velopper\u00a0son avion r\u00e9gional 100 % \u00e9lectrique, avec\u00a0l\u2019Aindinois Duqueine Group, sp\u00e9cialis\u00e9 dans la conception et fabrication de pi\u00e8ces en mat\u00e9riaux composites hautes performances pour diff\u00e9rents secteurs dont l\u2019a\u00e9ronautique.<\/p>\n<p>\u00ab Ce <a href=\"https:\/\/www.ledauphine.com\/economie\/2023\/02\/21\/haute-savoie-avialpes-soutient-l-avion-du-futur-d-eenuee\" target=\"_blank\" rel=\"noopener\">partenariat r\u00e9gional<\/a> est un atout majeur. Il nous permet d\u2019unir agilit\u00e9 technologique et force industrielle locale pour franchir une \u00e9tape cl\u00e9 \u00bb, partage\u00a0Benjamin Persiani, PDG d\u2019Eenuee, qui a particip\u00e9 notamment <a href=\"https:\/\/www.ledauphine.com\/d\/tech-fest-2025-le-sens-de-la-tech-53d2b62c-bad8-45f2-9554-e3c3ab84dba8\" target=\"_blank\" rel=\"noopener\">\u00e0\u00a0 tech&amp;fest<\/a>.<\/p>\n<p>Implant\u00e9e depuis 2022 au sein du B\u00e2timent des hautes technologies (BHT) de Saint-\u00c9tienne, Eenuee compte sur ce partenariat pour enfin faire d\u00e9coller son avion 100 % \u00e9lectrique d\u00e9di\u00e9 au transport r\u00e9gional. Dans un premier temps\u00a0r\u00e9duit \u00e0 une version \u00e0 l\u2019\u00e9chelle 1\/4e pour les premi\u00e8res phases de test.<\/p>\n<p>Autonomie de 500 km et 19 passagers par vol<\/p>\n<p>\u00ab Le c\u0153ur de notre innovation est le fuselage porteur : une architecture plus exigeante \u00e0 concevoir que le fuselage tubulaire classique, mais beaucoup plus performante. Apr\u00e8s avoir valid\u00e9 ses qualit\u00e9s a\u00e9rodynamiques, notre d\u00e9fi est d\u00e9sormais sa conception d\u00e9taill\u00e9e en vue de la certification \u00bb,\u00a0pr\u00e9cise Benjamin Persiani.<\/p>\n<p>Cet avion \u00e9lectrique consommerait par cons\u00e9quent environ onze fois moins d\u2019\u00e9nergie qu\u2019un avion classique \u00e9quivalent\u00a0et\u00a0affichera une autonomie de 500 km.\u00a0Propulsion \u00e9lectrique oblige, les nuisances sonores seront fortement r\u00e9duites.<\/p>\n<p>Il pourra accueillir jusqu\u2019\u00e0 19 passagers \u00e0 son bord\u00a0et sera capable de d\u00e9coller et d\u2019atterrir sur des pistes relativement courtes (600 m\u00e8tres seront n\u00e9cessaires). Cet avion pourra relier Clermont-Ferrand et Nantes en 1h55, ou Rome et Monaco en 2h10, annoncent ses concepteurs.<\/p>\n<p>Le premier vol est attendu \u00e0 l\u2019horizon 2029.<\/p>\n","protected":false},"excerpt":{"rendered":"C&rsquo;est un partenariat strat\u00e9gique que vient de signer\u00a0la start-up st\u00e9phanoise Eenuee, qui souhaite d\u00e9velopper\u00a0son avion r\u00e9gional 100 %&hellip;\n","protected":false},"author":2,"featured_media":190210,"comment_status":"","ping_status":"","sticky":false,"template":"","format":"standard","meta":{"footnotes":""},"categories":[9653],"tags":[1111,11,2738,2430,9810,33,1777,674,1011,27,5015,3367,12,25,4001,20932],"class_list":{"0":"post-190209","1":"post","2":"type-post","3":"status-publish","4":"format-standard","5":"has-post-thumbnail","7":"category-saint-etienne","8":"tag-actu","9":"tag-actualites","10":"tag-ain","11":"tag-auvergne-rhone-alpes","12":"tag-direct-entreprises","13":"tag-economie","14":"tag-eu","15":"tag-europe","16":"tag-fr","17":"tag-france","18":"tag-innovation-et-start-up","19":"tag-loire","20":"tag-news","21":"tag-republique-francaise","22":"tag-saint-etienne","23":"tag-tech-and-fest"},"share_on_mastodon":{"url":"https:\/\/pubeurope.com\/@fr\/114714118939272914","error":""},"_links":{"self":[{"href":"https:\/\/www.europesays.com\/fr\/wp-json\/wp\/v2\/posts\/190209","targetHints":{"allow":["GET"]}}],"collection":[{"href":"https:\/\/www.europesays.com\/fr\/wp-json\/wp\/v2\/posts"}],"about":[{"href":"https:\/\/www.europesays.com\/fr\/wp-json\/wp\/v2\/types\/post"}],"author":[{"embeddable":true,"href":"https:\/\/www.europesays.com\/fr\/wp-json\/wp\/v2\/users\/2"}],"replies":[{"embeddable":true,"href":"https:\/\/www.europesays.com\/fr\/wp-json\/wp\/v2\/comments?post=190209"}],"version-history":[{"count":0,"href":"https:\/\/www.europesays.com\/fr\/wp-json\/wp\/v2\/posts\/190209\/revisions"}],"wp:featuredmedia":[{"embeddable":true,"href":"https:\/\/www.europesays.com\/fr\/wp-json\/wp\/v2\/media\/190210"}],"wp:attachment":[{"href":"https:\/\/www.europesays.com\/fr\/wp-json\/wp\/v2\/media?parent=190209"}],"wp:term":[{"taxonomy":"category","embeddable":true,"href":"https:\/\/www.europesays.com\/fr\/wp-json\/wp\/v2\/categories?post=190209"},{"taxonomy":"post_tag","embeddable":true,"href":"https:\/\/www.europesays.com\/fr\/wp-json\/wp\/v2\/tags?post=190209"}],"curies":[{"name":"wp","href":"https:\/\/api.w.org\/{rel}","templated":true}]}}