{"id":190211,"date":"2025-06-20T05:48:16","date_gmt":"2025-06-20T05:48:16","guid":{"rendered":"https:\/\/www.europesays.com\/fr\/190211\/"},"modified":"2025-06-20T05:48:16","modified_gmt":"2025-06-20T05:48:16","slug":"barreau-de-saint-etienne-une-convention-pour-lacces-au-droit-des-detenus","status":"publish","type":"post","link":"https:\/\/www.europesays.com\/fr\/190211\/","title":{"rendered":"Barreau de Saint-Etienne : une convention pour l&rsquo;acc\u00e8s au droit des d\u00e9tenus"},"content":{"rendered":"<p><img loading=\"lazy\" decoding=\"async\" alt=\"\u00a9 St\u00e9phanie V\u00e9ron - C\u00e9cile Rodde, Me Fran\u00e7ois Paquet-Cauet et Maud de Larivi\u00e8re ont sign\u00e9 une convention pour permettre de fluidifier les \u00e9changes concernant l'acc\u00e8s au droit des d\u00e9tenus de la prison de La Talaudi\u00e8re.\" data-zoom-src=\"https:\/\/www.europesays.com\/fr\/wp-content\/uploads\/2025\/06\/initial-barreau-saint-etienne-convention-spip-prison-de-la-talaudiere.jpg\" data-zoomable=\"\" height=\"702\" src=\"https:\/\/www.europesays.com\/fr\/wp-content\/uploads\/2025\/06\/initial-barreau-saint-etienne-convention-spip-prison-de-la-talaudiere.jpg\" width=\"1248\"\/>  <\/p>\n<p class=\"article-desc\">\u00a9 St\u00e9phanie V\u00e9ron &#8211; C\u00e9cile Rodde, Me Fran\u00e7ois Paquet-Cauet et Maud de Larivi\u00e8re ont sign\u00e9 une convention pour permettre de fluidifier les \u00e9changes concernant l&rsquo;acc\u00e8s au droit des d\u00e9tenus de la prison de La Talaudi\u00e8re. <\/p>\n<p>Le b\u00e2tonnier du <strong>barreau de Saint-\u00c9tienne<\/strong>, Me Fran\u00e7ois Paquet-Cauet, a sign\u00e9, jeudi 19 juin, une convention avec C\u00e9cile Rodde, directrice du <strong>centre p\u00e9nitentiaire de La Talaudi\u00e8re<\/strong>, et Maud de Larivi\u00e8re, directrice p\u00e9nitentiaire <strong>insertion et probation<\/strong>. Il s&rsquo;agit de la d\u00e9clinaison locale d&rsquo;une convention nationale initi\u00e9e en 2022. <\/p>\n<p>\u00ab\u00a0La seule boussole de ce partenariat, c&rsquo;est d\u2019am\u00e9liorer l&rsquo;acc\u00e8s au droit des d\u00e9tenus\u00a0\u00bb, explique <a href=\"https:\/\/mesinfos.fr\/42000-saint-etienne\/barreau-de-saint-etienne-les-grandes-lignes-directrices-de-2025-214738.html\" target=\"_blank\" rel=\"noopener\">Me Fran\u00e7ois Paquet-Cauet<\/a>. Dans cette optique, un r\u00e9f\u00e9rent pour chacune des structures sera nomm\u00e9 pour fluidifier la communication et des rencontres r\u00e9guli\u00e8res seront organis\u00e9es afin de mieux se conna\u00eetre et de d\u00e9velopper les relations. <\/p>\n<p>Favoriser l&rsquo;acc\u00e8s au droit et mettre en avant les talents des d\u00e9tenus <\/p>\n<p>Des actions non-d\u00e9finies pour l&rsquo;heure verront le jour, pouvant s&rsquo;inspirer de ce qu&rsquo;il se passe dans d&rsquo;autres \u00e9tablissements p\u00e9nitenciers, comme le concours de plaidoirie des d\u00e9tenus, des dons de livres, des tournois de foot ou encore des ateliers d&rsquo;\u00e9criture. Des r\u00e9ussites \u00e9normes, selon le b\u00e2tonnier, qui permettent de mettre en valeur les talents des d\u00e9tenus.<\/p>\n<p>En dix ans, les prisons se sont beaucoup ouvertes, <a href=\"https:\/\/mesinfos.fr\/42350-la-talaudiere\/prison-de-la-talaudiere-des-conditions-de-detention-encore-precaires-selon-andree-taurinya-191528.html\" target=\"_blank\" rel=\"noopener\">accueillant s\u00e9nateurs et d\u00e9put\u00e9s<\/a> ainsi qu&rsquo;une fois par an les b\u00e2tonniers de chaque ordre pour qu&rsquo;ils appr\u00e9cient les conditions de d\u00e9tention. En l&rsquo;esp\u00e8ce \u00e0 la prison de la Talaudi\u00e8re, \u00ab\u00a0comme un peu de partout ailleurs, ajoute C\u00e9cile Rodde, les conditions sont loin d&rsquo;\u00eatre id\u00e9ales, mais la prison est engag\u00e9e dans un cycle de travaux de r\u00e9novation\u00a0\u00bb. <\/p>\n<p>\u00ab\u00a0La prison, ce n&rsquo;est qu&rsquo;un temps. L&rsquo;acc\u00e8s au droit, c&rsquo;est pr\u00e9parer aussi la sortie des d\u00e9tenus et la r\u00e9insertion\u00a0\u00bb, conclut Maud de Larivi\u00e8re.<\/p>\n","protected":false},"excerpt":{"rendered":"\u00a9 St\u00e9phanie V\u00e9ron &#8211; C\u00e9cile Rodde, Me Fran\u00e7ois Paquet-Cauet et Maud de Larivi\u00e8re ont sign\u00e9 une convention pour&hellip;\n","protected":false},"author":2,"featured_media":190212,"comment_status":"","ping_status":"","sticky":false,"template":"","format":"standard","meta":{"footnotes":""},"categories":[9653],"tags":[24283,1111,11,2430,14447,1777,674,1011,27,12,806,25,4001],"class_list":{"0":"post-190211","1":"post","2":"type-post","3":"status-publish","4":"format-standard","5":"has-post-thumbnail","7":"category-saint-etienne","8":"tag-accu00e8s-au-droit","9":"tag-actu","10":"tag-actualites","11":"tag-auvergne-rhone-alpes","12":"tag-barreau-de-saint-etienne","13":"tag-eu","14":"tag-europe","15":"tag-fr","16":"tag-france","17":"tag-news","18":"tag-prison","19":"tag-republique-francaise","20":"tag-saint-etienne"},"share_on_mastodon":{"url":"https:\/\/pubeurope.com\/@fr\/114714122922945540","error":""},"_links":{"self":[{"href":"https:\/\/www.europesays.com\/fr\/wp-json\/wp\/v2\/posts\/190211","targetHints":{"allow":["GET"]}}],"collection":[{"href":"https:\/\/www.europesays.com\/fr\/wp-json\/wp\/v2\/posts"}],"about":[{"href":"https:\/\/www.europesays.com\/fr\/wp-json\/wp\/v2\/types\/post"}],"author":[{"embeddable":true,"href":"https:\/\/www.europesays.com\/fr\/wp-json\/wp\/v2\/users\/2"}],"replies":[{"embeddable":true,"href":"https:\/\/www.europesays.com\/fr\/wp-json\/wp\/v2\/comments?post=190211"}],"version-history":[{"count":0,"href":"https:\/\/www.europesays.com\/fr\/wp-json\/wp\/v2\/posts\/190211\/revisions"}],"wp:featuredmedia":[{"embeddable":true,"href":"https:\/\/www.europesays.com\/fr\/wp-json\/wp\/v2\/media\/190212"}],"wp:attachment":[{"href":"https:\/\/www.europesays.com\/fr\/wp-json\/wp\/v2\/media?parent=190211"}],"wp:term":[{"taxonomy":"category","embeddable":true,"href":"https:\/\/www.europesays.com\/fr\/wp-json\/wp\/v2\/categories?post=190211"},{"taxonomy":"post_tag","embeddable":true,"href":"https:\/\/www.europesays.com\/fr\/wp-json\/wp\/v2\/tags?post=190211"}],"curies":[{"name":"wp","href":"https:\/\/api.w.org\/{rel}","templated":true}]}}