{"id":190213,"date":"2025-06-20T05:49:10","date_gmt":"2025-06-20T05:49:10","guid":{"rendered":"https:\/\/www.europesays.com\/fr\/190213\/"},"modified":"2025-06-20T05:49:10","modified_gmt":"2025-06-20T05:49:10","slug":"nancy-humour-emotions-et-inventions-sceniques-les-incredules-sur-la-scene-de-lopera-de-lorraine-avant-le-festival-davignon","status":"publish","type":"post","link":"https:\/\/www.europesays.com\/fr\/190213\/","title":{"rendered":"Nancy. Humour, \u00e9motions et inventions sc\u00e9niques&#8230; \u00ab Les Incr\u00e9dules \u00bb sur la sc\u00e8ne de l\u2019Op\u00e9ra de Lorraine avant le festival d\u2019Avignon"},"content":{"rendered":"<p>Une fille qui se retrouve confront\u00e9e \u00e0 la pr\u00e9sence d\u2019une m\u00e8re dont elle vient d\u2019apprendre le d\u00e9c\u00e8s, un pr\u00eatre troubl\u00e9 par les dessins que fait l\u2019eau sur le mur de son \u00e9glise, un os de l\u2019oreille qui raconte ce qu\u2019il a entendu\u00a0: voici quelques-uns des miracles qui constituent Les Incr\u00e9dules , <a href=\"https:\/\/www.estrepublicain.fr\/culture-loisirs\/2025\/06\/17\/repetition-generale-de-l-opera-made-in-nancy-les-incredules-ddkd\" target=\"_blank\" rel=\"noopener\">la nouvelle cr\u00e9ation de l\u2019Op\u00e9ra national de Lorraine.<\/a><\/p>\n<p>Ce travail collectif, <a href=\"https:\/\/www.estrepublicain.fr\/culture-loisirs\/2025\/06\/04\/les-incredules-a-l-opera-un-spectacle-qui-tient-du-miracle\" target=\"_blank\" rel=\"noopener\">sous la direction du metteur en sc\u00e8ne Samuel Achache,<\/a> est une pi\u00e8ce hybride sortie du \u00ab\u00a0laboratoire\u00a0\u00bb nanc\u00e9ien, bourr\u00e9e d\u2019inventions sc\u00e9niques et d\u2019humour. Des r\u00e9cits collect\u00e9s \u00e0 Nancy et Naples ont servi de mat\u00e9riaux de base \u00e0 un texte qui prend \u00e0 la fois l\u2019effet d\u2019un patchwork et d\u2019une r\u00e9flexion construite sur les miracles, dont un qui fonctionne depuis que le monde est monde\u00a0: la maternit\u00e9.<\/p>\n<p>M\u00e8re et fille ouvre ainsi le \u00ab\u00a0bal\u00a0\u00bb mais d\u00e9doubl\u00e9e\u00a0: elles sont interpr\u00e9t\u00e9es par une chanteuse et une com\u00e9dienne. Tout le monde est sonoris\u00e9, ce qui peut froisser certains puristes, mais permet ainsi aux voix de s\u2019harmoniser. Se mettent ainsi en place des d\u00e9calages entre le parler et le chanter passionnants.<\/p>\n<p>  Une musique plaisante \u00e0 \u00e9couter<\/p>\n<p>De la m\u00eame mani\u00e8re, l\u2019orchestre dans la fosse se voit ainsi d\u00e9doubl\u00e9 par un quintet sur sc\u00e8ne, deux musiciens de l\u2019orchestre qui sortent de leur zone de confort, et trois musiciens-com\u00e9diens, dont l\u2019un des compositeurs, Antonin-Tri Hoang (avec Florent Hubert). Une forme l\u00e9g\u00e8re appara\u00eet ainsi pour une musique \u00e0 la fois contemporaine et tr\u00e8s plaisante \u00e0 \u00e9couter, parfois \u00e9trangement \u00e9mouvante.<\/p>\n<p>En onze tableaux, avec un d\u00e9cor mouvant d\u2019immenses rectangles gris\u00e2tres et une troupe entra\u00eenante, se d\u00e9roule ainsi une histoire au fil conducteur t\u00e9nu, qui m\u00e9riterait parfois d\u2019\u00eatre plus ramass\u00e9e &#8211; et ce sera la seule critique n\u00e9gative \u00e0 faire \u00e0 ces Incr\u00e9dules.<\/p>\n<p>  Quasi complet en Avignon<\/p>\n<p>Clairement dans la tradition de l\u2019op\u00e9ra, cette cr\u00e9ation fait de petites sc\u00e8nes, bien loin de tout drame, propose une \u0153uvre lyrique \u00e0 part enti\u00e8re, parfaitement chant\u00e9e. Il est passionnant pour le spectateur de voir appara\u00eetre sous ses yeux une possible \u00e9volution de l\u2019op\u00e9ra contemporain.<\/p>\n<p>Programm\u00e9es dans le \u00ab\u00a0in\u00a0\u00bb du festival d\u2019Avignon, avec une captation pr\u00e9vue par Arte, les quatre repr\u00e9sentations du festival s\u2019affichent d\u00e9j\u00e0 quasi compl\u00e8tes, ce qui est loin d\u2019\u00eatre le cas \u00e0 Nancy\u00a0: le public y est donc bien peu \u00ab\u00a0croyant\u00a0\u00bb et manque d\u2019une grande foi dans la qualit\u00e9 de ce qui y est pr\u00e9sent\u00e9, loin des canons du genre, mais si intrigant.<\/p>\n<p class=\"note\">Op\u00e9ra national de Lorraine, les 20 et 24\u00a0juin \u00e0 20\u00a0h, le 22\u00a0juin \u00e0 15\u00a0h.<\/p>\n","protected":false},"excerpt":{"rendered":"Une fille qui se retrouve confront\u00e9e \u00e0 la pr\u00e9sence d\u2019une m\u00e8re dont elle vient d\u2019apprendre le d\u00e9c\u00e8s, un&hellip;\n","protected":false},"author":2,"featured_media":190214,"comment_status":"","ping_status":"","sticky":false,"template":"","format":"standard","meta":{"footnotes":""},"categories":[9635],"tags":[1111,11,1687,1707,1704,1706,1705,1777,674,1011,27,775,873,1702,1703,12,25],"class_list":{"0":"post-190213","1":"post","2":"type-post","3":"status-publish","4":"format-standard","5":"has-post-thumbnail","7":"category-nancy","8":"tag-actu","9":"tag-actualites","10":"tag-culture-loisirs","11":"tag-edition-luneville","12":"tag-edition-nancy-et-agglomeration","13":"tag-edition-pont-a-mousson","14":"tag-edition-toul","15":"tag-eu","16":"tag-europe","17":"tag-fr","18":"tag-france","19":"tag-grand-est","20":"tag-musique","21":"tag-nancy","22":"tag-nancy-ville-54b","23":"tag-news","24":"tag-republique-francaise"},"share_on_mastodon":{"url":"https:\/\/pubeurope.com\/@fr\/114714126819523920","error":""},"_links":{"self":[{"href":"https:\/\/www.europesays.com\/fr\/wp-json\/wp\/v2\/posts\/190213","targetHints":{"allow":["GET"]}}],"collection":[{"href":"https:\/\/www.europesays.com\/fr\/wp-json\/wp\/v2\/posts"}],"about":[{"href":"https:\/\/www.europesays.com\/fr\/wp-json\/wp\/v2\/types\/post"}],"author":[{"embeddable":true,"href":"https:\/\/www.europesays.com\/fr\/wp-json\/wp\/v2\/users\/2"}],"replies":[{"embeddable":true,"href":"https:\/\/www.europesays.com\/fr\/wp-json\/wp\/v2\/comments?post=190213"}],"version-history":[{"count":0,"href":"https:\/\/www.europesays.com\/fr\/wp-json\/wp\/v2\/posts\/190213\/revisions"}],"wp:featuredmedia":[{"embeddable":true,"href":"https:\/\/www.europesays.com\/fr\/wp-json\/wp\/v2\/media\/190214"}],"wp:attachment":[{"href":"https:\/\/www.europesays.com\/fr\/wp-json\/wp\/v2\/media?parent=190213"}],"wp:term":[{"taxonomy":"category","embeddable":true,"href":"https:\/\/www.europesays.com\/fr\/wp-json\/wp\/v2\/categories?post=190213"},{"taxonomy":"post_tag","embeddable":true,"href":"https:\/\/www.europesays.com\/fr\/wp-json\/wp\/v2\/tags?post=190213"}],"curies":[{"name":"wp","href":"https:\/\/api.w.org\/{rel}","templated":true}]}}