{"id":190226,"date":"2025-06-20T05:57:19","date_gmt":"2025-06-20T05:57:19","guid":{"rendered":"https:\/\/www.europesays.com\/fr\/190226\/"},"modified":"2025-06-20T05:57:19","modified_gmt":"2025-06-20T05:57:19","slug":"ladjoint-confesson-lfi-explique-encore-quil-ne-sert-a-rien","status":"publish","type":"post","link":"https:\/\/www.europesays.com\/fr\/190226\/","title":{"rendered":"L&rsquo;ADJOINT CONFESSON (LFI) EXPLIQUE ENCORE QU&rsquo;IL NE SERT \u00c0 RIEN"},"content":{"rendered":"<p>Posted On 20 juin 2025 <\/p>\n<p style=\"text-align: justify;\" data-start=\"194\" data-end=\"535\"><a target=\"_blank\" href=\"https:\/\/c.ledauphine.com\/economie\/2025\/06\/17\/isere-un-grand-magasin-va-fermer-a-grenoble-en-septembre\" rel=\"noopener\">La fermeture de Bricorama, pr\u00e9vue pour septembre<\/a>, vient allonger la d\u00e9j\u00e0 trop longue liste des enseignes qui jettent l\u2019\u00e9ponge \u00e0 Grenoble. En guise de r\u00e9ponse, l\u2019adjoint LFI Alan Confesson s\u2019indigne mollement, puis explique que la municipalit\u00e9 n\u2019y peut pas grand-chose. Une impuissance qu\u2019il ne cesse de th\u00e9oriser pour se d\u00e9douaner de ses responsabilit\u00e9s.<\/p>\n<p>UN RIDEAU BAISS\u00c9 DE PLUS<\/p>\n<p style=\"text-align: justify;\" data-start=\"592\" data-end=\"980\">Apr\u00e8s Zara, H&amp;M ou Go Sport, c\u2019est donc Bricorama qui va fermer ses portes \u00e0 Grenoble. L\u2019enseigne de bricolage, situ\u00e9e en face de Grand Place, cessera son activit\u00e9 \u00e0 la rentr\u00e9e. Un rideau baiss\u00e9 suppl\u00e9mentaire, sympt\u00f4me d\u2019une ville qui se vide de ses commerces avec aujourd&rsquo;hui 12% de locaux commerciaux vacants. Loin d&rsquo;en prendre la mesure, pendant ce temps, les \u00e9lus ferment les yeux ou renvoient la balle.<\/p>\n<p><a href=\"https:\/\/i0.wp.com\/grenoble-le-changement.fr\/wp-content\/uploads\/2025\/06\/bricorama-avenue-europe.png?ssl=1\" rel=\"lightbox[82706] noopener\" target=\"_blank\"><img loading=\"lazy\" decoding=\"async\" class=\" wp-image-82733 jetpack-lazy-image\" src=\"https:\/\/i0.wp.com\/grenoble-le-changement.fr\/wp-content\/uploads\/2025\/06\/bricorama-avenue-europe-300x167.png?resize=678%2C378&amp;ssl=1\" alt=\"\" width=\"678\" height=\"378\" data-recalc-dims=\"1\" data-lazy-src=\"https:\/\/www.europesays.com\/fr\/wp-content\/uploads\/2025\/06\/bricorama-avenue-europe-300x167.png\" \/><\/a>Le Bricorama avenue de l&rsquo;Europe.<br \/>\nALAN CONFESSON (LFI) : UN ADJOINT AU COMMERCE \u00ab\u00a0SYMBOLIQUE\u00a0\u00bb !<\/p>\n<p style=\"text-align: justify;\" data-start=\"1029\" data-end=\"1418\">Interrog\u00e9 <a target=\"_blank\" href=\"https:\/\/c.ledauphine.com\/economie\/2025\/06\/17\/isere-grenoble-face-aux-fermetures-de-commerces-la-ville-de-grenoble-dit-avoir-peu-de-pouvoir-de-contrainte\" rel=\"noopener\">par <\/a><a target=\"_blank\" href=\"https:\/\/c.ledauphine.com\/economie\/2025\/06\/17\/isere-grenoble-face-aux-fermetures-de-commerces-la-ville-de-grenoble-dit-avoir-peu-de-pouvoir-de-contrainte\" rel=\"noopener\">Le Dauphin\u00e9 <\/a>suite \u00e0 cette nouvelle annonce de fermeture, Alan Confesson, l&rsquo;adjoint (LFI) en charge des commerces, d\u00e9plore la situation, mais pour aussit\u00f4t se d\u00e9douaner de toute capacit\u00e9 \u00e0 agir : \u00ab on n\u2019a pas beaucoup de pouvoir de contrainte \u00bb, affirme-t-il, pr\u00e9f\u00e9rant parler de \u00ab r\u00f4le symbolique \u00bb. Traduction : il regarde les rideaux tomber sans lever le petit doigt. C&rsquo;est l&rsquo;impuissance \u00e9rig\u00e9e en principe de gestion.<\/p>\n<p>D\u00c9J\u00c0 EN 2023, IL CONFESSAIT SON INEFFICACIT\u00c9<\/p>\n<p style=\"text-align: justify;\" data-start=\"1466\" data-end=\"1864\">Ce n\u2019est pas la premi\u00e8re fois que l\u2019adjoint Confesson explique son inefficacit\u00e9. <a href=\"https:\/\/grenoble-le-changement.fr\/2023\/02\/20\/commerce-a-confesson-admet-linefficacite-municipale\/\" target=\"_blank\" rel=\"noopener\">En 2023 d\u00e9j\u00e0, apr\u00e8s l&rsquo;annonce de la fermeture de San Marina<\/a>, il bottait en touche : \u00ab la ville n\u2019a pas la possibilit\u00e9 d\u2019intervenir \u00bb. Il concentrait d\u00e9j\u00e0 le d\u00e9bat sur la fermeture de l&rsquo;enseigne et les capacit\u00e9s juridiques d&rsquo;une municipalit\u00e9 \u00e0 y faire quelque chose, pour ne surtout pas parler du vrai sujet de fond : \u00e0 savoir comment les politiques d&rsquo;attractivit\u00e9 et d&rsquo;accessibilit\u00e9 d&rsquo;une ville influent sur le commerce.<\/p>\n<p><a href=\"https:\/\/i0.wp.com\/grenoble-le-changement.fr\/wp-content\/uploads\/2024\/09\/Confesson-France-3-.png?ssl=1\" rel=\"lightbox[82706] noopener\" target=\"_blank\"><img loading=\"lazy\" decoding=\"async\" class=\" wp-image-76660 jetpack-lazy-image\" src=\"https:\/\/i0.wp.com\/grenoble-le-changement.fr\/wp-content\/uploads\/2024\/09\/Confesson-France-3-.png?resize=662%2C364&amp;ssl=1\" alt=\"\" width=\"662\" height=\"364\" data-recalc-dims=\"1\" data-lazy-src=\"https:\/\/www.europesays.com\/fr\/wp-content\/uploads\/2025\/06\/Confesson-France-3-.png\" \/><\/a>Alan Confesson (LFI), th\u00e9oricien de l&rsquo;inutilit\u00e9 municipale.<br \/>\nC&rsquo;EST LA FAUTE \u00c0 \u00ab\u00a0LA FINANCIARISATION\u00a0\u00bb !<\/p>\n<p style=\"text-align: justify;\" data-start=\"1466\" data-end=\"1864\">Cette fois il va plus loin : tout serait d\u00e9sormais la faute&#8230; des loyers que fixent les propri\u00e9taires de locaux commerciaux. L&rsquo;adjoint rouge voit dans la vacance \u00e0 Grenoble un souci qui incombe strictement aux poss\u00e9dants : il fustige \u00ab\u00a0la financiarisation de l\u2019\u00e9conomie\u00a0\u00bb. Bien s\u00fbr le prix prohibitif du stationnement, la politique de fermeture syst\u00e9matique de la ville, la malpropret\u00e9, les incivilit\u00e9s, l&rsquo;ins\u00e9curit\u00e9 <a href=\"https:\/\/grenoble-le-changement.fr\/2025\/04\/25\/commerce-tous-les-temoignages-confirment-quil-faut-changer-de-politique-a-grenoble\/\" target=\"_blank\" rel=\"noopener\">qui font de Grenoble un repoussoir \u00e0 clients n&rsquo;existent pas pour lui<\/a>.<\/p>\n<p>LE \u00ab\u00a0C&rsquo;EST PARTOUT PAREIL\u00a0\u00bb INVALID\u00c9 PAR LES CHIFFRES<\/p>\n<p style=\"text-align: justify;\" data-start=\"1466\" data-end=\"1864\">Cette \u00ab\u00a0financiarisation\u00a0\u00bb qui tue les commerces serait d&rsquo;ailleurs un ph\u00e9nom\u00e8ne tout \u00e0 fait r\u00e9cent puisque la vacance commerciale a doubl\u00e9 en 10 ans (12% contre 6% en 2015). Et curieusement, <a href=\"https:\/\/grenoble-le-changement.fr\/2025\/05\/29\/12-de-commerces-fermes-a-grenoble-stop-ou-encore\/\" target=\"_blank\" rel=\"noopener\">\u00e7a ne toucherait que Grenoble<\/a> puisque nous sommes bien au-dessus de la moyenne r\u00e9gionale et nationale, et m\u00eame au double de villes comme Nantes (5,8%). La novlangue du \u00ab\u00a0c&rsquo;est partout pareil\u00a0\u00bb, \u00ab\u00a0c&rsquo;est pas sp\u00e9cifique \u00e0 Grenoble\u00a0\u00bb ne tient pas une seconde, comme pour tant d&rsquo;autres sujets.<\/p>\n<p><a href=\"https:\/\/i2.wp.com\/grenoble-le-changement.fr\/wp-content\/uploads\/2024\/08\/chiffre-affaires-commerce-2024.png?ssl=1\" rel=\"lightbox[82706] noopener\" target=\"_blank\"><img loading=\"lazy\" decoding=\"async\" class=\" wp-image-75546 jetpack-lazy-image\" src=\"https:\/\/i2.wp.com\/grenoble-le-changement.fr\/wp-content\/uploads\/2024\/08\/chiffre-affaires-commerce-2024.png?resize=651%2C345&amp;ssl=1\" alt=\"\" width=\"651\" height=\"345\" data-recalc-dims=\"1\" data-lazy-src=\"https:\/\/www.europesays.com\/fr\/wp-content\/uploads\/2025\/06\/1750399037_532_chiffre-affaires-commerce-2024.png\" \/><\/a>La chute libre grenobloise.<br \/>\nUNE POLITIQUE MUNICIPALE DE FERMETURE<\/p>\n<p style=\"text-align: justify;\" data-start=\"2355\" data-end=\"2720\">Ce d\u00e9sastre n\u2019est \u00e9videmment pas tomb\u00e9 du ciel. Ce n&rsquo;est pas la \u00ab\u00a0financiarisation\u00a0\u00bb <a href=\"https:\/\/grenoble-le-changement.fr\/2025\/02\/09\/stationnement-la-grande-supercherie-des-arceaux-a-velos\/\" target=\"_blank\" rel=\"noopener\">qui a d\u00e9cid\u00e9 de la fermeture des acc\u00e8s de Grenoble<\/a>, ou de la suppression massive de places stationnement et de l&rsquo;augmentation des tarifs. Tout comme ce n&rsquo;est pas \u00ab\u00a0la financiarisation\u00a0\u00bb qui emp\u00eache les \u00e9lus Verts\/LFI id\u00e9ologues de traiter les probl\u00e8mes d&rsquo;attractivit\u00e9.<\/p>\n<p style=\"text-align: justify;\" data-start=\"2355\" data-end=\"2720\">Des d\u00e9cisions qui concourent \u00e0 \u00e9loigner la client\u00e8le ext\u00e9rieure alors qu&rsquo;elle est plus que jamais n\u00e9cessaire \u00e0 la survie de nombreux commerces, <a href=\"https:\/\/grenoble-le-changement.fr\/2025\/06\/18\/25-de-logements-sociaux-piolle-jubile-pendant-que-grenoble-senfonce\/\" target=\"_blank\" rel=\"noopener\">Grenoble se paup\u00e9risant \u00e0 vitesse grand V<\/a>.<\/p>\n<p style=\"text-align: justify;\" data-start=\"2355\" data-end=\"2720\">\u00c0 Notre-Dame-Sainte-Claire, la client\u00e8le du march\u00e9 a chut\u00e9 de 50 %.\u00a0<\/p>\n<p>LA CR\u00c9ATION DE POMPES ASPIRANTES AUX ENTR\u00c9ES DE GRENOBLE<\/p>\n<p style=\"text-align: justify;\" data-start=\"2355\" data-end=\"2720\">Ce n&rsquo;est pas non plus la \u00ab\u00a0financiarisation\u00a0\u00bb, mais bien des \u00e9lus en chair et en os, les amis de Confesson de la majorit\u00e9 m\u00e9tropolitaine au sein de laquelle il si\u00e8ge, qui ont vot\u00e9 l&rsquo;agrandissement de Grand Place dans le sud de Grenoble et l&rsquo;ouverture de Neyrpic \u00e0 Saint-Martin d&rsquo;H\u00e8res. <a href=\"https:\/\/grenoble-le-changement.fr\/2024\/10\/20\/neyrpic-la-polemique-gonfle-sur-la-responsabilite-de-la-municipalite\/\" target=\"_blank\" rel=\"noopener\">Deux pompes aspirantes en entr\u00e9e qui tuent le commerce de proximit\u00e9<\/a>. M\u00eame le directeur des Galeries Lafayette admet un \u00ab effet Neyrpic \u00bb d\u00e9vastateur sur le centre-ville mais Confesson passe son temps \u00e0 le minorer.<\/p>\n<p>LES \u00c9LUS POUVAIENT SAUVER LE COMPTOIR DE JULIE<\/p>\n<p style=\"text-align: justify;\" data-start=\"3591\" data-end=\"3960\">Ce n&rsquo;est pas non plus \u00ab\u00a0la financiarisation\u00a0\u00bb qui a conduit <a href=\"https:\/\/grenoble-le-changement.fr\/2024\/12\/07\/la-cause-des-femmes-abandonnees-par-la-municipalite\/\" target=\"_blank\" rel=\"noopener\">Laurence M\u00e9sange, restauratrice rue Diderot, \u00e0 fermer apr\u00e8s 27 mois de travaux<\/a>, d\u00e9cid\u00e9s par la M\u00e9tropole sans indemnisation et coupant les acc\u00e8s \u00e0 son commerce qui fonctionnait jusque-l\u00e0. La conduisant \u00e0 dormir dans sa voiture car plus en capacit\u00e9 de payer le chauffage. Un drame humain que les \u00e9lus, alert\u00e9s en amont \u00e0 de multiples reprises par Alain Carignon notamment, auraient pu \u00e9viter tr\u00e8s facilement mais encore faut-il voir autre chose dans sa fonction qu&rsquo;un \u00ab\u00a0r\u00f4le symbolique\u00a0\u00bb.<\/p>\n<p>TOUS LES T\u00c9MOIGNAGES CONCORDENT<\/p>\n<p style=\"text-align: justify;\" data-start=\"2765\" data-end=\"3141\">La f\u00e9d\u00e9ration pour l\u2019urbanisme et le d\u00e9veloppement du commerce sp\u00e9cialis\u00e9 le dit dans son dernier rapport <a target=\"_blank\" href=\"https:\/\/c.ledauphine.com\/economie\/2025\/06\/17\/isere-grenoble-face-aux-fermetures-de-commerces-la-ville-de-grenoble-dit-avoir-peu-de-pouvoir-de-contrainte\" rel=\"noopener\">que cite le DL<\/a> : \u00ab\u00a0les politiques des villes peuvent avoir des cons\u00e9quences tr\u00e8s destructives parce qu\u2019elles sont excessives (trop grande difficult\u00e9 d\u2019acc\u00e8s avec des plans de circulation trop compliqu\u00e9, mauvaise politique du stationnement, mise en \u0153uvre de\u00a0<a target=\"_blank\" href=\"https:\/\/www.ledauphine.com\/economie\/2025\/05\/23\/ne-touchez-plus-a-grenoble-des-commercants-en-colere-deploient-une-banderole-en-centre-ville\" rel=\"noopener\">travaux de voirie<\/a> sans planification tenant compte des impacts\u00a0\u00bb.<\/p>\n<p style=\"text-align: justify;\" data-start=\"2765\" data-end=\"3141\">Et <a href=\"https:\/\/grenoble-le-changement.fr\/2025\/04\/25\/commerce-tous-les-temoignages-confirment-quil-faut-changer-de-politique-a-grenoble\/\" target=\"_blank\" rel=\"noopener\">les commer\u00e7ants grenoblois rappellent \u00e0 longueur de journ\u00e9e<\/a> que cette accessibilit\u00e9 est cruciale. Tous leurs t\u00e9moignages concordent, quand ils d\u00e9noncent une \u00ab ville fant\u00f4me \u00bb et une ville \u00ab ferm\u00e9e aux consommateurs ext\u00e9rieurs \u00bb.<\/p>\n<p><a href=\"https:\/\/i0.wp.com\/grenoble-le-changement.fr\/wp-content\/uploads\/2025\/06\/manif-conseil-23-juin.jpg?ssl=1\" rel=\"lightbox[82706] noopener\" target=\"_blank\"><img loading=\"lazy\" decoding=\"async\" class=\" wp-image-82730 jetpack-lazy-image\" src=\"https:\/\/i0.wp.com\/grenoble-le-changement.fr\/wp-content\/uploads\/2025\/06\/manif-conseil-23-juin.jpg?resize=549%2C781&amp;ssl=1\" alt=\"\" width=\"549\" height=\"781\" data-recalc-dims=\"1\" data-lazy-src=\"https:\/\/www.europesays.com\/fr\/wp-content\/uploads\/2025\/06\/manif-conseil-23-juin.jpg\" \/><\/a>Un nouvel appel des collectifs \u00e0 un rassemblement devant le conseil municipal.<br \/>\nNOUVELLE MANIFESTATION DEVANT LE CONSEIL MUNICIPAL<\/p>\n<p style=\"text-align: justify;\" data-start=\"4385\" data-end=\"4650\">C&rsquo;est parce qu&rsquo;ils sont exc\u00e9d\u00e9s par la c\u00e9cit\u00e9 municipale et par ces \u00e9lys \u00ab\u00a0symboliques\u00a0\u00bb qui ne daignent rien faire que les collectifs habitants-commer\u00e7ants ont fleuri comme des champignons dans tous les quartiers concern\u00e9s par des projets de fermeture,<a href=\"https:\/\/grenoble-le-changement.fr\/2025\/05\/20\/la-majorite-municipale-menace-les-collectifs-qui-manifestent\/\" target=\"_blank\" rel=\"noopener\"> conduisant depuis quelques mois \u00e0 une mobilisation citoyenne historique.<\/a><\/p>\n<p style=\"text-align: justify;\" data-start=\"4385\" data-end=\"4650\">Ils appellent \u00e0 <strong>un nouveau rassemblement devant le conseil municipal ce lundi 23 juin \u00e0 9h. Nous invitons nos lecteurs \u00e0 s&rsquo;y joindre<\/strong>, en attendant le changement de municipalit\u00e9 dans quelques mois avec des \u00e9lections qui permettront enfin de choisir des \u00e9lus d\u00e9sireux d&rsquo;agir.<\/p>\n","protected":false},"excerpt":{"rendered":"Posted On 20 juin 2025 La fermeture de Bricorama, pr\u00e9vue pour septembre, vient allonger la d\u00e9j\u00e0 trop longue&hellip;\n","protected":false},"author":2,"featured_media":190227,"comment_status":"","ping_status":"","sticky":false,"template":"","format":"standard","meta":{"footnotes":""},"categories":[9566],"tags":[1111,11,9601,11148,2430,9607,1777,674,1011,27,2731,14409,12,25],"class_list":{"0":"post-190226","1":"post","2":"type-post","3":"status-publish","4":"format-standard","5":"has-post-thumbnail","7":"category-grenoble","8":"tag-actu","9":"tag-actualites","10":"tag-alain-carignon","11":"tag-alan-confesson","12":"tag-auvergne-rhone-alpes","13":"tag-eric-piolle","14":"tag-eu","15":"tag-europe","16":"tag-fr","17":"tag-france","18":"tag-grenoble","19":"tag-laurence-mesange","20":"tag-news","21":"tag-republique-francaise"},"share_on_mastodon":{"url":"https:\/\/pubeurope.com\/@fr\/114714158634181967","error":""},"_links":{"self":[{"href":"https:\/\/www.europesays.com\/fr\/wp-json\/wp\/v2\/posts\/190226","targetHints":{"allow":["GET"]}}],"collection":[{"href":"https:\/\/www.europesays.com\/fr\/wp-json\/wp\/v2\/posts"}],"about":[{"href":"https:\/\/www.europesays.com\/fr\/wp-json\/wp\/v2\/types\/post"}],"author":[{"embeddable":true,"href":"https:\/\/www.europesays.com\/fr\/wp-json\/wp\/v2\/users\/2"}],"replies":[{"embeddable":true,"href":"https:\/\/www.europesays.com\/fr\/wp-json\/wp\/v2\/comments?post=190226"}],"version-history":[{"count":0,"href":"https:\/\/www.europesays.com\/fr\/wp-json\/wp\/v2\/posts\/190226\/revisions"}],"wp:featuredmedia":[{"embeddable":true,"href":"https:\/\/www.europesays.com\/fr\/wp-json\/wp\/v2\/media\/190227"}],"wp:attachment":[{"href":"https:\/\/www.europesays.com\/fr\/wp-json\/wp\/v2\/media?parent=190226"}],"wp:term":[{"taxonomy":"category","embeddable":true,"href":"https:\/\/www.europesays.com\/fr\/wp-json\/wp\/v2\/categories?post=190226"},{"taxonomy":"post_tag","embeddable":true,"href":"https:\/\/www.europesays.com\/fr\/wp-json\/wp\/v2\/tags?post=190226"}],"curies":[{"name":"wp","href":"https:\/\/api.w.org\/{rel}","templated":true}]}}