{"id":190233,"date":"2025-06-20T06:01:21","date_gmt":"2025-06-20T06:01:21","guid":{"rendered":"https:\/\/www.europesays.com\/fr\/190233\/"},"modified":"2025-06-20T06:01:21","modified_gmt":"2025-06-20T06:01:21","slug":"strasbourg-une-centaine-de-personnes-mobilisees-contre-la-diminution-de-lhebergement-durgence","status":"publish","type":"post","link":"https:\/\/www.europesays.com\/fr\/190233\/","title":{"rendered":"Strasbourg. Une centaine de personnes mobilis\u00e9es contre la diminution de l&rsquo;h\u00e9bergement d\u2019urgence"},"content":{"rendered":"<p class=\"wp-block-post-excerpt__excerpt\">Un rassemblement s\u2019est tenu mercredi 18 juin pour d\u00e9noncer la suppression par la pr\u00e9fecture de centaines de places d\u2019h\u00e9bergement d\u2019urgence \u00e0 Strasbourg. Malgr\u00e9 la hausse des demandes de prise en charge au fil des ann\u00e9es, pr\u00e8s de 80% d\u2019entre elles n\u2019aboutissent pas. <\/p>\n<p class=\"font-sans\">\n\t\t\tCet article est en acc\u00e8s libre. Pour soutenir Rue89 Strasbourg,<br \/>\n\t\t\t<a class=\"underline\" href=\"https:\/\/www.rue89strasbourg.com\/abonnement\" target=\"_blank\" rel=\"noopener\">abonnez-vous<\/a>.\n\t\t<\/p>\n<p>Anis Foucard<\/p>\n<p>Publi\u00e9 le 20 juin 2025\u00a0\u00a0\u00b7\u00a0\u00a0<\/p>\n<p>Imprim\u00e9 le 20 juin 2025 \u00e0 07h00\u00a0\u00a0\u00b7\u00a0\u00a0<\/p>\n<p>\t\t\t\t\t3\u00a0minutes\n<\/p>\n<p>\u00c0 l\u2019appel de plusieurs collectifs, associations et syndicats, pr\u00e8s d\u2019une centaine de personnes, syndicalistes, enseignants, avocats, \u00e9lus, r\u00e9fugi\u00e9s ou simplement citoyens, se sont rassembl\u00e9es devant la pr\u00e9fecture mercredi 18 juin pour demander le respect du droit au logement. Apr\u00e8s quelques prises de parole, une fanfare est venue \u00ab\u00a0faire du bruit face au silence assourdissant de la pr\u00e9fecture\u00a0\u00bb. Le 27 mai, ces associations ont adress\u00e9 une\u00a0<a href=\"https:\/\/www.documentcloud.org\/documents\/25972687-2025-06-12-lettre-ouverte-prefet-hebergement-durgence\/\" target=\"_blank\" rel=\"noreferrer noopener\">lettre ouverte au pr\u00e9fet du Bas-Rhin<\/a>\u00a0pour r\u00e9clamer l\u2019abandon d\u2019un projet de suppression de 704 places d\u2019h\u00e9bergement d\u2019urgence, elle est rest\u00e9e sans r\u00e9ponse. <\/p>\n<p><a href=\"https:\/\/www.rue89strasbourg.com\/la-newsletter\" target=\"_blank\" rel=\"noopener\"><img loading=\"lazy\" decoding=\"async\" width=\"970\" height=\"250\" src=\"https:\/\/www.europesays.com\/fr\/wp-content\/uploads\/2025\/06\/bannie\u0300re-autopromo-2025-desktop-1.gif\" alt=\"\" class=\"wp-image-347550\" style=\"width:792px;height:auto\"\/><\/a><\/p>\n<p><a href=\"https:\/\/www.rue89strasbourg.com\/la-newsletter\" target=\"_blank\" rel=\"noopener\"><img loading=\"lazy\" decoding=\"async\" width=\"300\" height=\"300\" src=\"https:\/\/www.europesays.com\/fr\/wp-content\/uploads\/2025\/06\/bannie\u0300res-autopromo-300x300-2.gif\" alt=\"\" class=\"wp-image-347551\"\/><\/a><\/p>\n<p>Les conditions de vie tr\u00e8s difficiles des \u00ab\u00a0gens sans toit\u00a0\u00bb<\/p>\n<p>Ce rassemblement \u00e9tait l\u2019occasion de recueillir des t\u00e9moignages de r\u00e9fugi\u00e9s n\u2019ayant pas pu acc\u00e9der au dispositif d\u2019h\u00e9bergement d\u2019urgence de l\u2019\u00c9tat. Aziz, \u00e2g\u00e9 de 29 ans et p\u00e8re d\u2019un enfant de quatre ans, est un r\u00e9fugi\u00e9 afghan arriv\u00e9 en France en 2024. \u00ab\u00a0Activiste social\u00a0\u00bb et d\u00e9tenteur d\u2019un bachelor of laws, l\u2019\u00e9quivalent anglo-saxon du master de droit, il s\u2019est retrouv\u00e9 \u00e0 la rue en juillet 2024, apr\u00e8s avoir \u00e9t\u00e9 h\u00e9berg\u00e9 trois mois dans un centre d\u2019accueil pour demandeurs d\u2019asile (Cada). <\/p>\n<p>C\u2019est avec indignation qu\u2019il d\u00e9crit ses conditions de vie tr\u00e8s difficiles\u00a0: la pluie qui rentre dans leurs tentes, les douches \u00e0 l\u2019eau froide et une situation de stress permanent. \u00ab\u00a0J\u2019ai tous les documents n\u00e9cessaires, explique-t-il. J\u2019ai juste besoin d\u2019un logement pour commencer \u00e0 travailler. Je ne demande pas un truc luxueux, juste un toit pour construire notre vie en France.\u00a0\u00bb<\/p>\n<p><img loading=\"lazy\" decoding=\"async\" width=\"792\" height=\"528\" src=\"https:\/\/www.europesays.com\/fr\/wp-content\/uploads\/2025\/06\/54600001845-5320f65305-k-792x528.jpg\" alt=\"\" class=\"wp-image-347667\"  \/> Aziz, r\u00e9fugi\u00e9 afghan, s\u2019exprimant devant la foule pour d\u00e9noncer l\u2019inaction de la pr\u00e9fecturePhoto\u00a0: Thibault Vetter \/ Rue89 Strasbourg<\/p>\n<p>Un second r\u00e9fugi\u00e9 afghan, Ahmad, \u00e2g\u00e9 de 32 ans, dort \u00e9galement dans une tente. Il est arriv\u00e9 en France en 2016 et il est \u00e0 Strasbourg depuis un mois. Titulaire d\u2019un dipl\u00f4me de plombier-chauffagiste, il vient tout juste de trouver un emploi, via une agence d\u2019int\u00e9rim\u00a0: \u00ab\u00a0Je cherche un logement parce que je travaille comme tout le monde. Le matin, je me r\u00e9veille et \u00e0 18h, je rentre mais pour dormir sous une tente\u00a0\u00bb. Il ajoute ne pas manger \u00e0 sa faim et parfois ne pas pouvoir se doucher pendant plusieurs jours. Une situation d\u2019autant plus difficile \u00e0 supporter qu\u2019Ahmad, r\u00e9fugi\u00e9 afghan, r\u00e9alise des travaux de plomberie pour Oph\u00e9a, le principal bailleur social de l\u2019Eurom\u00e9tropole, et qu\u2019il constate avec \u00e9tonnement de nombreux logements\u202fvacants. <\/p>\n<p>\t\tUne lutte qui se poursuit sur le plan juridique<\/p>\n<p>\u00ab\u00a0Le droit au logement inconditionnel fait partie du cadre de l\u2019action sociale. L\u2019\u00c9tat est charg\u00e9 de le respecter\u00a0\u00bb, rappelle Pierre Greib, copr\u00e9sident de la Cimade Grand Est. <a href=\"https:\/\/www.lemonde.fr\/societe\/article\/2025\/03\/26\/hebergement-d-urgence-l-etat-condamne-a-rembourser-la-ville-de-grenoble_6586531_3224.html\" target=\"_blank\" rel=\"noreferrer noopener\">\u00ab\u00a0Le tribunal administratif de Grenoble<\/a><a href=\"https:\/\/www.strasbourg.eu\/-\/recours-contre-l-etat-sur-l-hebergement-une-premiere-victoire-des-villes\" target=\"_blank\" rel=\"noopener\"> <\/a>a condamn\u00e9 l\u2019\u00c9tat sur ce sujet, c\u2019est une premi\u00e8re, et \u00e0 Strasbourg on vient de lancer une proc\u00e9dure similaire\u00a0\u00bb, a rappel\u00e9 Gabriella Carraud, de la section strasbourgeoise du Syndicat des avocats de France.<\/p>\n<p>Cette strat\u00e9gie judiciaire vise \u00e0 forcer l\u2019\u00c9tat \u00e0 respecter ses obligations l\u00e9gales en mati\u00e8re d\u2019h\u00e9bergement d\u2019urgence. Gabriella Carraud cite le cas dramatique d\u2019une famille g\u00e9orgienne contrainte de dormir dans une voiture pr\u00eat\u00e9e, leur fils de deux ans s\u2019\u00e9tant cass\u00e9 le bras en chutant de la porti\u00e8re. \u00ab\u00a0On a un enfant dans une situation de d\u00e9tresse extr\u00eame, on va tenter une proc\u00e9dure devant le tribunal administratif pour forcer la pr\u00e9fecture \u00e0 les placer dans un h\u00e9bergement d\u2019urgence\u00a0\u00bb, explique-t-elle. Mais ces d\u00e9marches sont longues et complexes, les participants ont \u00e9voqu\u00e9 l\u2019int\u00e9r\u00eat de se mobiliser \u00e9galement au niveau politique.\u00a0<\/p>\n<p>L\u2019inaction des institutions<\/p>\n<p>\u00ab\u00a0Le combat pour le logement est permanent, plusieurs institutions se renvoient la balle\u00a0: quand ce n\u2019est pas \u00e0 la pr\u00e9fecture de s\u2019en charger, c\u2019est aux services sociaux, puis c\u2019est la mairie\u2026\u00a0\u00bb, r\u00e9sume Sylwan, membre du comit\u00e9 bas-rhinois Droit au Logement. Un responsable de la CGT, s\u2019adressant \u00e0 la foule lors du rassemblement, a d\u00e9nonc\u00e9 un \u00ab\u00a0jeu de ping-pong entre acteurs institutionnels qui a trop dur\u00e9\u00a0\u00bb.<\/p>\n<p><img loading=\"lazy\" decoding=\"async\" width=\"792\" height=\"528\" src=\"https:\/\/www.europesays.com\/fr\/wp-content\/uploads\/2025\/06\/54599695616-6235913c64-k-792x528.jpg\" alt=\"\" class=\"wp-image-347672\"  \/> Un comit\u00e9 strasbourgeois de Droit au logement (DAL) vient d\u2019\u00eatre cr\u00e9\u00e9. Photo\u00a0: Thibault Vetter \/ Rue89 Strasbourg<\/p>\n<p>L\u2019avocate Gabriella Carraud d\u00e9nonce en outre les tentatives de la pr\u00e9fecture d\u2019orienter les migrants en qu\u00eate d\u2019h\u00e9bergement vers des centres de pr\u00e9paration au retour (CPAR)\u00a0:<\/p>\n<blockquote class=\"wp-block-quote is-layout-flow wp-block-quote-is-layout-flow\">\n<p>\u00ab\u00a0La majorit\u00e9 des personnes refusent d\u2019y aller parce qu\u2019elles comprennent bien que l\u2019objectif c\u2019est de proc\u00e9der \u00e0 leur \u00e9loignement, pas de les loger. La pr\u00e9fecture utilise ce refus pour leur refuser ensuite tout acc\u00e8s \u00e0 l\u2019h\u00e9bergement d\u2019urgence. Mais on essaie d\u2019expliquer que le CPAR n\u2019est pas une solution, au sens du code de l\u2019action sociale et des familles.\u00a0\u00bb<\/p>\n<\/blockquote>\n","protected":false},"excerpt":{"rendered":"Un rassemblement s\u2019est tenu mercredi 18 juin pour d\u00e9noncer la suppression par la pr\u00e9fecture de centaines de places&hellip;\n","protected":false},"author":2,"featured_media":190234,"comment_status":"","ping_status":"","sticky":false,"template":"","format":"standard","meta":{"footnotes":""},"categories":[2820],"tags":[1111,11,1777,674,1011,27,775,3909,2088,12,25,640],"class_list":{"0":"post-190233","1":"post","2":"type-post","3":"status-publish","4":"format-standard","5":"has-post-thumbnail","7":"category-strasbourg","8":"tag-actu","9":"tag-actualites","10":"tag-eu","11":"tag-europe","12":"tag-fr","13":"tag-france","14":"tag-grand-est","15":"tag-hebergement-durgence","16":"tag-manifestation","17":"tag-news","18":"tag-republique-francaise","19":"tag-strasbourg"},"share_on_mastodon":{"url":"https:\/\/pubeurope.com\/@fr\/114714174264034389","error":""},"_links":{"self":[{"href":"https:\/\/www.europesays.com\/fr\/wp-json\/wp\/v2\/posts\/190233","targetHints":{"allow":["GET"]}}],"collection":[{"href":"https:\/\/www.europesays.com\/fr\/wp-json\/wp\/v2\/posts"}],"about":[{"href":"https:\/\/www.europesays.com\/fr\/wp-json\/wp\/v2\/types\/post"}],"author":[{"embeddable":true,"href":"https:\/\/www.europesays.com\/fr\/wp-json\/wp\/v2\/users\/2"}],"replies":[{"embeddable":true,"href":"https:\/\/www.europesays.com\/fr\/wp-json\/wp\/v2\/comments?post=190233"}],"version-history":[{"count":0,"href":"https:\/\/www.europesays.com\/fr\/wp-json\/wp\/v2\/posts\/190233\/revisions"}],"wp:featuredmedia":[{"embeddable":true,"href":"https:\/\/www.europesays.com\/fr\/wp-json\/wp\/v2\/media\/190234"}],"wp:attachment":[{"href":"https:\/\/www.europesays.com\/fr\/wp-json\/wp\/v2\/media?parent=190233"}],"wp:term":[{"taxonomy":"category","embeddable":true,"href":"https:\/\/www.europesays.com\/fr\/wp-json\/wp\/v2\/categories?post=190233"},{"taxonomy":"post_tag","embeddable":true,"href":"https:\/\/www.europesays.com\/fr\/wp-json\/wp\/v2\/tags?post=190233"}],"curies":[{"name":"wp","href":"https:\/\/api.w.org\/{rel}","templated":true}]}}