{"id":190235,"date":"2025-06-20T06:02:13","date_gmt":"2025-06-20T06:02:13","guid":{"rendered":"https:\/\/www.europesays.com\/fr\/190235\/"},"modified":"2025-06-20T06:02:13","modified_gmt":"2025-06-20T06:02:13","slug":"laller-a-partir-de-40-e","status":"publish","type":"post","link":"https:\/\/www.europesays.com\/fr\/190235\/","title":{"rendered":"l&rsquo;aller \u00e0 partir de 40 \u20ac"},"content":{"rendered":"<p>            Par<br \/>\n        <strong><br \/>\n            <a href=\"https:\/\/actu.fr\/auteur\/ivan-capecchi\" title=\"Consulter tous les articles de Ivan CAPECCHI\" target=\"_blank\" rel=\"noopener\">Ivan CAPECCHI<\/a><br \/>\n        <\/strong><\/p>\n<p>        Publi\u00e9 le<\/p>\n<p>            20 juin 2025 \u00e0 7h02        <\/p>\n<p><a href=\"https:\/\/actu.fr\/tag\/easy-jet\" target=\"_blank\" rel=\"noopener\">EasyJet<\/a> continue de d\u00e9velopper son r\u00e9seau \u00e0 <strong>Strasbourg<\/strong>.<\/p>\n<p class=\" wall-content\">Pour la <strong>saison hivernale 2025<\/strong>, la <strong>compagnie a\u00e9rienne low cost<\/strong> annonce <strong>l\u2019ouverture de trois nouvelles lignes internationales<\/strong> au d\u00e9part de l\u2019<strong>a\u00e9roport d\u2019Entzheim<\/strong>.<\/p>\n<p>EasyJet lance trois nouvelles destinations depuis l\u2019a\u00e9roport de Strasbourg<\/p>\n<p class=\" wall-content\">D\u00e8s le <strong>7 novembre<\/strong>, les voyageurs pourront rejoindre <strong>Milan-Malpensa<\/strong> les <strong>lundis<\/strong> et <strong>vendredis<\/strong>.<\/p>\n<p class=\" wall-content\">Suivront, \u00e0 partir du <strong>28 novembre<\/strong>, les ouvertures des lignes vers <strong>Rome-Fiumicino<\/strong> (<strong>lundis<\/strong> et <strong>vendredis<\/strong> \u00e9galement) et <strong>Manchester<\/strong> (<strong>vendredis<\/strong> et <strong>dimanches<\/strong>).<\/p>\n<p>L\u2019aller simple \u00e0 partir de 40 \u20ac<\/p>\n<p class=\" wall-content\">Les billets sont d\u2019ores et d\u00e9j\u00e0 en vente sur le site de la compagnie, <strong>\u00e0 partir de 40 \u20ac l\u2019aller simple<\/strong> pour Manchester, 45 \u20ac pour Rome et Milan.<\/p>\n<p>Huit destinations au total<\/p>\n<p class=\" wall-content\">Ces nouveaut\u00e9s portent \u00e0 <strong>huit<\/strong> le nombre de destinations desservies par EasyJet depuis Strasbourg, apr\u00e8s <a href=\"https:\/\/actu.fr\/grand-est\/strasbourg_67482\/aeroport-de-strasbourg-easyjet-ouvre-une-ligne-qui-sent-bon-le-soleil-a-partir-de-35_61188039.html\" target=\"_blank\" rel=\"noopener\">Barcelone<\/a>, <a href=\"https:\/\/actu.fr\/grand-est\/strasbourg_67482\/easyjet-ouvre-une-ligne-strasbourg-naples-a-partir-de-35_61198897.html\" target=\"_blank\" rel=\"noopener\">Naples<\/a>, <a href=\"https:\/\/actu.fr\/grand-est\/strasbourg_67482\/easyjet-veut-renforcer-les-frequences-de-deux-lignes-depuis-l-aeroport-de-strasbourg-voici-lesquelles_62325936.html\" target=\"_blank\" rel=\"noopener\">Nice et Londres-Gatwick<\/a>.<\/p>\n<p class=\" wall-content\">Pour rappel, la compagnie a\u00e9rienne orange avait annonc\u00e9 la reprise de la <a href=\"https:\/\/actu.fr\/grand-est\/strasbourg_67482\/aeroport-de-strasbourg-de-nouvelles-lignes-easyjet-vers-ces-villes-europeennes-a-prix-doux_61755132.html\" target=\"_blank\" rel=\"noopener\">desserte de l\u2019a\u00e9roport en octobre 2024<\/a>.\u00a0<\/p>\n<p class=\" wall-content\">Suivez toute l\u2019actualit\u00e9 de vos villes et m\u00e9dias favoris en vous inscrivant \u00e0 <a href=\"https:\/\/moncompte.actu.fr\" title=\"D\u00e9couvez Mon Actu\" rel=\"nofollow noopener\" data-trk=\"{&quot;cta&quot;:{&quot;action&quot;:&quot;https:\\\/\\\/moncompte.actu.fr&quot;,&quot;category&quot;:&quot;mon compte&quot;,&quot;from&quot;:&quot;article footer&quot;,&quot;name&quot;:&quot;Mon actu&quot;,&quot;type&quot;:&quot;cta&quot;}}\" target=\"_blank\">Mon Actu<\/a>.<\/p>\n<ul class=\"ac-article-tag wall-content\">\n<li><a href=\"https:\/\/actu.fr\/tag\/aeroport-de-strasbourg\" data-trk=\"{&quot;cta&quot;:{&quot;action&quot;:&quot;A\\u00e9roport de Strasbourg&quot;,&quot;category&quot;:&quot;tag&quot;,&quot;from&quot;:&quot;article footer&quot;,&quot;name&quot;:&quot;A\\u00e9roport de Strasbourg&quot;,&quot;type&quot;:&quot;cta&quot;}}\" target=\"_blank\" rel=\"noopener\">#A\u00e9roport de Strasbourg<\/a><\/li>\n<li><a href=\"https:\/\/actu.fr\/tag\/easy-jet\" data-trk=\"{&quot;cta&quot;:{&quot;action&quot;:&quot;Easy Jet&quot;,&quot;category&quot;:&quot;tag&quot;,&quot;from&quot;:&quot;article footer&quot;,&quot;name&quot;:&quot;Easy Jet&quot;,&quot;type&quot;:&quot;cta&quot;}}\" target=\"_blank\" rel=\"noopener\">#Easy Jet<\/a><\/li>\n<\/ul>\n","protected":false},"excerpt":{"rendered":"Par Ivan CAPECCHI Publi\u00e9 le 20 juin 2025 \u00e0 7h02 EasyJet continue de d\u00e9velopper son r\u00e9seau \u00e0 Strasbourg.&hellip;\n","protected":false},"author":2,"featured_media":190236,"comment_status":"","ping_status":"","sticky":false,"template":"","format":"standard","meta":{"footnotes":""},"categories":[2820],"tags":[1111,11,30491,12527,1777,674,1011,27,775,12,25,104,640],"class_list":{"0":"post-190235","1":"post","2":"type-post","3":"status-publish","4":"format-standard","5":"has-post-thumbnail","7":"category-strasbourg","8":"tag-actu","9":"tag-actualites","10":"tag-aeroport-de-strasbourg","11":"tag-easy-jet","12":"tag-eu","13":"tag-europe","14":"tag-fr","15":"tag-france","16":"tag-grand-est","17":"tag-news","18":"tag-republique-francaise","19":"tag-societe","20":"tag-strasbourg"},"share_on_mastodon":{"url":"https:\/\/pubeurope.com\/@fr\/114714177964114143","error":""},"_links":{"self":[{"href":"https:\/\/www.europesays.com\/fr\/wp-json\/wp\/v2\/posts\/190235","targetHints":{"allow":["GET"]}}],"collection":[{"href":"https:\/\/www.europesays.com\/fr\/wp-json\/wp\/v2\/posts"}],"about":[{"href":"https:\/\/www.europesays.com\/fr\/wp-json\/wp\/v2\/types\/post"}],"author":[{"embeddable":true,"href":"https:\/\/www.europesays.com\/fr\/wp-json\/wp\/v2\/users\/2"}],"replies":[{"embeddable":true,"href":"https:\/\/www.europesays.com\/fr\/wp-json\/wp\/v2\/comments?post=190235"}],"version-history":[{"count":0,"href":"https:\/\/www.europesays.com\/fr\/wp-json\/wp\/v2\/posts\/190235\/revisions"}],"wp:featuredmedia":[{"embeddable":true,"href":"https:\/\/www.europesays.com\/fr\/wp-json\/wp\/v2\/media\/190236"}],"wp:attachment":[{"href":"https:\/\/www.europesays.com\/fr\/wp-json\/wp\/v2\/media?parent=190235"}],"wp:term":[{"taxonomy":"category","embeddable":true,"href":"https:\/\/www.europesays.com\/fr\/wp-json\/wp\/v2\/categories?post=190235"},{"taxonomy":"post_tag","embeddable":true,"href":"https:\/\/www.europesays.com\/fr\/wp-json\/wp\/v2\/tags?post=190235"}],"curies":[{"name":"wp","href":"https:\/\/api.w.org\/{rel}","templated":true}]}}