{"id":190237,"date":"2025-06-20T06:03:10","date_gmt":"2025-06-20T06:03:10","guid":{"rendered":"https:\/\/www.europesays.com\/fr\/190237\/"},"modified":"2025-06-20T06:03:10","modified_gmt":"2025-06-20T06:03:10","slug":"des-excrements-partout-les-chasses-deau-secoulent-dans-et-devant-leur-immeuble-ces-habitants-dune-residence-de-nice-vivent-lenfer","status":"publish","type":"post","link":"https:\/\/www.europesays.com\/fr\/190237\/","title":{"rendered":"Des excr\u00e9ments partout: les chasses d&rsquo;eau s&rsquo;\u00e9coulent dans et devant leur immeuble, ces habitants d&rsquo;une r\u00e9sidence de Nice vivent l&rsquo;enfer"},"content":{"rendered":"<p>Des excr\u00e9ments partout. Depuis d\u00e9but mars, No\u00eblle est emb\u00eat\u00e9e: sa m\u00e8re habite au 55, boulevard Virgile-Barel \u00e0 Nice, dans une r\u00e9sidence sociale g\u00e9r\u00e9e par CDC Habitat. Mais c\u2019est la premi\u00e8re fois qu\u2019elle rencontre ce probl\u00e8me: les eaux us\u00e9es remontent de terre par une plaque d\u2019\u00e9gout et par le local poubelle.<\/p>\n<p>Une flaque brun\u00e2tre s\u2019\u00e9coule devant la porte de garage et le portail, ainsi que dans le local. Il faut enjamber les coulures pour ne pas mettre les pieds dans les excr\u00e9ments et l\u2019odeur d\u2019\u00e9gout est tr\u00e8s forte et d\u00e9sagr\u00e9able.<\/p>\n<p>\u00ab\u00a0Lorsqu\u2019il pleut, c\u2019est pire. La flaque marron s\u2019\u00e9tend jusqu\u2019au bout de la rue, avec parfois des restes de papier toilette\u00a0\u00bb, raconte No\u00eblle, qui habite juste \u00e0 c\u00f4t\u00e9. R\u00e9sultat: les conteneurs poubelles sont laiss\u00e9s dehors pour \u00e9viter aux r\u00e9sidents de mettre les pieds dans les excr\u00e9ments.<\/p>\n<p>Des \u00e9quipes sont intervenues deux ou trois fois apr\u00e8s que No\u00eblle a signal\u00e9 le probl\u00e8me \u00e0 CDC Habitat.<\/p>\n<p><strong>\u00ab\u00a0\u00c7a revient \u00e0 chaque chasse d\u2019eau\u00a0\u00bb<\/strong><\/p>\n<p>\u00ab\u00a0Ils d\u00e9bouchent, font un lavage et \u00e7a revient \u00e0 chaque chasse d\u2019eau tir\u00e9e. Tous les quinze jours, je suis oblig\u00e9e de rappeler\u00a0\u00bb, explique No\u00eblle, d\u00e9sempar\u00e9e.<\/p>\n<p>Son premier r\u00e9flexe avait \u00e9t\u00e9 de contacter le service Hygi\u00e8ne de la mairie de Nice. \u00ab\u00a0Des agents sont intervenus le jour m\u00eame mais on m\u2019a dit que c\u2019\u00e9tait une voie priv\u00e9e et qu\u2019ils ne pouvaient rien faire\u00a0\u00bb, regrette-t-elle.<\/p>\n<p>Impossible, d\u00e9sormais, pour les locataires d\u2019ouvrir leurs fen\u00eatres ou profiter de leur balcon, alors que la chaleur commence \u00e0 se faire sentir dans les logements.<\/p>\n<p>\u00ab\u00a0J\u2019habite avec ma m\u00e8re au rez-de-chauss\u00e9e. La fen\u00eatre de ma chambre donne sur cette flaque; je ne peux m\u00eame pas a\u00e9rer\u00a0\u00bb, regrette Luciana, la s\u0153ur de No\u00eblle. \u00ab\u00a0Cette odeur, on la sent aussi dans les escaliers, dans le hall. C\u2019est infecte\u00a0\u00bb, ajoute Fran\u00e7oise, une autre locataire.<\/p>\n<p>D\u00e9m\u00e9nager et trouver autre chose? Compliqu\u00e9. Dans ces logements sociaux, le prix des loyers est bas, par rapport au march\u00e9: 800 euros pour un quatre pi\u00e8ces de 90m\u00b2 avec un garage et un petit balcon, selon Fran\u00e7oise.<\/p>\n<p><strong>Une rupture de canalisation due \u00e0 des travaux?<\/strong><\/p>\n<p>              <img ci-src=\"https:\/\/www.nicematin.com\/vie-locale\/protec\/DATA_ART_15749076-HALMVAk1.jpg?vh=28d443&amp;ci_seal=2f7155b87d\" alt=\"\"\/><br \/>\n        Pr\u00e8s du local poubelle, les conteneurs ont d\u00fb \u00eatre sortis pour \u00e9viter de pi\u00e9tiner dans les excr\u00e9ments. <strong>Photo Justine Meddah.<\/strong> <\/p>\n<p>La cause de ces d\u00e9sagr\u00e9ments a \u00e9t\u00e9 identifi\u00e9e par CDC Habitat. \u00ab\u00a0Nous avons proc\u00e9d\u00e9 \u00e0 une inspection par cam\u00e9ra. Une canalisation du r\u00e9seau d\u2019eaux us\u00e9es est cass\u00e9e au milieu du chemin, ce qui n\u00e9cessite de gros travaux\u00a0\u00bb, explique Pierre Fournon, le directeur r\u00e9gional de CDC Habitat.<\/p>\n<p>Un probl\u00e8me qui co\u00efncide avec les travaux en cours sur la voirie \u00e0 l\u2019occasion de la construction de deux nouveaux immeubles \u00e0 proximit\u00e9.<\/p>\n<p>\u00ab\u00a0Nous ne savons pas ce qui a caus\u00e9 la rupture de cette canalisation mais l\u2019environnement a boug\u00e9 avec ces travaux\u00a0\u00bb, assure Pierre Fournon.<\/p>\n<p>Selon lui, pour r\u00e9parer le r\u00e9seau, il faudra probablement casser une partie de la voirie, ce qui prendra du temps. Car l\u2019endroit est complexe: la voie est bien priv\u00e9e, mais il y a plusieurs servitudes (pour faire simple, elle est g\u00e9r\u00e9e par plusieurs acteurs).<\/p>\n<p>\u00ab\u00a0Ce qui veut dire qu\u2019il y a une solution technique \u00e0 trouver, mais aussi tout un volet juridique qui doit \u00eatre expertis\u00e9\u00a0\u00bb, pr\u00e9vient le directeur r\u00e9gional.<\/p>\n<p>Pour le moment, aucune date de r\u00e9paration n\u2019est programm\u00e9e, selon CDC Habitat. En attendant, l\u2019entreprise s\u2019engage \u00e0 assurer le nettoyage de ces \u00e9coulements.<\/p>\n<p>\u00ab\u00a0Nous allons mettre en place un passage r\u00e9gulier d\u2019une soci\u00e9t\u00e9 d\u2019assainissement, au moins une fois par semaine\u00a0\u00bb, promet Pierre Fournon.<\/p>\n","protected":false},"excerpt":{"rendered":"Des excr\u00e9ments partout. Depuis d\u00e9but mars, No\u00eblle est emb\u00eat\u00e9e: sa m\u00e8re habite au 55, boulevard Virgile-Barel \u00e0 Nice,&hellip;\n","protected":false},"author":2,"featured_media":190238,"comment_status":"","ping_status":"","sticky":false,"template":"","format":"standard","meta":{"footnotes":""},"categories":[2819],"tags":[1111,11,1777,674,1011,27,12,2401,882,25,3366],"class_list":{"0":"post-190237","1":"post","2":"type-post","3":"status-publish","4":"format-standard","5":"has-post-thumbnail","7":"category-nice","8":"tag-actu","9":"tag-actualites","10":"tag-eu","11":"tag-europe","12":"tag-fr","13":"tag-france","14":"tag-news","15":"tag-nice","16":"tag-provence-alpes-cote-dazur","17":"tag-republique-francaise","18":"tag-vie-locale"},"share_on_mastodon":{"url":"https:\/\/pubeurope.com\/@fr\/114714181832245115","error":""},"_links":{"self":[{"href":"https:\/\/www.europesays.com\/fr\/wp-json\/wp\/v2\/posts\/190237","targetHints":{"allow":["GET"]}}],"collection":[{"href":"https:\/\/www.europesays.com\/fr\/wp-json\/wp\/v2\/posts"}],"about":[{"href":"https:\/\/www.europesays.com\/fr\/wp-json\/wp\/v2\/types\/post"}],"author":[{"embeddable":true,"href":"https:\/\/www.europesays.com\/fr\/wp-json\/wp\/v2\/users\/2"}],"replies":[{"embeddable":true,"href":"https:\/\/www.europesays.com\/fr\/wp-json\/wp\/v2\/comments?post=190237"}],"version-history":[{"count":0,"href":"https:\/\/www.europesays.com\/fr\/wp-json\/wp\/v2\/posts\/190237\/revisions"}],"wp:featuredmedia":[{"embeddable":true,"href":"https:\/\/www.europesays.com\/fr\/wp-json\/wp\/v2\/media\/190238"}],"wp:attachment":[{"href":"https:\/\/www.europesays.com\/fr\/wp-json\/wp\/v2\/media?parent=190237"}],"wp:term":[{"taxonomy":"category","embeddable":true,"href":"https:\/\/www.europesays.com\/fr\/wp-json\/wp\/v2\/categories?post=190237"},{"taxonomy":"post_tag","embeddable":true,"href":"https:\/\/www.europesays.com\/fr\/wp-json\/wp\/v2\/tags?post=190237"}],"curies":[{"name":"wp","href":"https:\/\/api.w.org\/{rel}","templated":true}]}}