{"id":190241,"date":"2025-06-20T06:05:20","date_gmt":"2025-06-20T06:05:20","guid":{"rendered":"https:\/\/www.europesays.com\/fr\/190241\/"},"modified":"2025-06-20T06:05:20","modified_gmt":"2025-06-20T06:05:20","slug":"election-au-parti-socialiste-karim-benbrahim-reste-le-patron-en-loire-atlantique","status":"publish","type":"post","link":"https:\/\/www.europesays.com\/fr\/190241\/","title":{"rendered":"\u00c9lection au Parti socialiste. Karim Benbrahim reste le patron en Loire-Atlantique"},"content":{"rendered":"<p>Apr\u00e8s le congr\u00e8s national du Parti socialiste, qui a eu lieu le week-end pass\u00e9e \u00e0 Nancy, les militants locaux devaient \u00e9lire ce jeudi 19\u00a0juin leur secr\u00e9taire f\u00e9d\u00e9ral.\u00a0La Nazairienne <a href=\"https:\/\/nantes.maville.com\/actu\/actudet_-karim-benbrahim-sera-t-il-encore-chef-du-parti-socialiste-de-loire-atlantique-vote-jeudi-_8-6858058_actu.Htm\" target=\"_self\" rel=\"nofollow noopener\">Sophie Normand<\/a> allait-elle cr\u00e9er la surprise\u00a0? Celle qui est collaboratrice parlementaire du s\u00e9nateur Philippe Grosvalet allait-elle \u00eatre \u00e9lue \u00e0 la t\u00eate de la F\u00e9d\u00e9ration du Parti socialiste de Loire-Atlantique\u00a0? Allait-elle battre Karim Benbrahim, le candidat sortant\u00a0?<\/p>\n<p>Soutien de Nicolas Mayer-Rossignol, oppos\u00e9 \u00e0 une alliance avec La France insoumise, elle a finalement \u00e9t\u00e9 largement battue. Le d\u00e9put\u00e9 nantais sort victorieux. Lui qui n\u2019avait \u00e9t\u00e9 \u00e9lu que d\u2019une petite voix lors du pr\u00e9c\u00e9dent scrutin, d\u00e9but 2023, obtient 62\u00a0% des voix.<\/p>\n<p>Derri\u00e8re ce scrutin, c\u2019est la victoire, en Loire-Atlantique, de la ligne d\u00e9fendue par Olivier Faure, <a href=\"https:\/\/maubeuge.maville.com\/actu\/actudet_-au-congres-de-nancy-un-ps-toujours-en-quete-d-unite-apres-la-reelection-d-olivier-faure-_54135-6854682_actu.Htm\" target=\"_self\" rel=\"nofollow noopener\">reconduit comme patron du PS<\/a>, et favorable \u00e0 un rassemblement de la gauche et des \u00e9cologistes.<\/p>\n<p>\u00a0<\/p>\n","protected":false},"excerpt":{"rendered":"Apr\u00e8s le congr\u00e8s national du Parti socialiste, qui a eu lieu le week-end pass\u00e9e \u00e0 Nancy, les militants&hellip;\n","protected":false},"author":2,"featured_media":190242,"comment_status":"","ping_status":"","sticky":false,"template":"","format":"standard","meta":{"footnotes":"","_share_on_mastodon":"0"},"categories":[2818],"tags":[1111,11,32432,11035,1777,674,1011,27,32431,3047,766,12,13695,4030,2636,25,3138,13696],"class_list":["post-190241","post","type-post","status-publish","format-standard","has-post-thumbnail","category-nantes","tag-actu","tag-actualites","tag-benbrahim","tag-election","tag-eu","tag-europe","tag-fr","tag-france","tag-karim","tag-loire-atlantique","tag-nantes","tag-news","tag-parti","tag-patron","tag-pays-de-la-loire","tag-republique-francaise","tag-reste","tag-socialiste"],"share_on_mastodon":{"url":"https:\/\/pubeurope.com\/@fr\/114714189712120746","error":""},"_links":{"self":[{"href":"https:\/\/www.europesays.com\/fr\/wp-json\/wp\/v2\/posts\/190241","targetHints":{"allow":["GET"]}}],"collection":[{"href":"https:\/\/www.europesays.com\/fr\/wp-json\/wp\/v2\/posts"}],"about":[{"href":"https:\/\/www.europesays.com\/fr\/wp-json\/wp\/v2\/types\/post"}],"author":[{"embeddable":true,"href":"https:\/\/www.europesays.com\/fr\/wp-json\/wp\/v2\/users\/2"}],"replies":[{"embeddable":true,"href":"https:\/\/www.europesays.com\/fr\/wp-json\/wp\/v2\/comments?post=190241"}],"version-history":[{"count":0,"href":"https:\/\/www.europesays.com\/fr\/wp-json\/wp\/v2\/posts\/190241\/revisions"}],"wp:featuredmedia":[{"embeddable":true,"href":"https:\/\/www.europesays.com\/fr\/wp-json\/wp\/v2\/media\/190242"}],"wp:attachment":[{"href":"https:\/\/www.europesays.com\/fr\/wp-json\/wp\/v2\/media?parent=190241"}],"wp:term":[{"taxonomy":"category","embeddable":true,"href":"https:\/\/www.europesays.com\/fr\/wp-json\/wp\/v2\/categories?post=190241"},{"taxonomy":"post_tag","embeddable":true,"href":"https:\/\/www.europesays.com\/fr\/wp-json\/wp\/v2\/tags?post=190241"}],"curies":[{"name":"wp","href":"https:\/\/api.w.org\/{rel}","templated":true}]}}